{"id":943,"date":"2021-03-27T15:07:40","date_gmt":"2021-03-27T14:07:40","guid":{"rendered":"https:\/\/splapszanka.lapszenizne.pl\/?p=943"},"modified":"2021-03-30T15:10:56","modified_gmt":"2021-03-30T13:10:56","slug":"xxvi-przeglad-folklorystyczny-fasiangy-ostatki-2021","status":"publish","type":"post","link":"https:\/\/splapszanka.lapszenizne.pl\/index.php\/2021\/03\/27\/xxvi-przeglad-folklorystyczny-fasiangy-ostatki-2021\/","title":{"rendered":"XXVI Przegl\u0105d Folklorystyczny Fa\u0161iangy-Ostatki 2021"},"content":{"rendered":"<p>Mamy kolejn\u0105 wspania\u0142\u0105 wiadomo\u015b\u0107! Zesp\u00f3\u0142 regionalny &#8222;Torecki&#8221; z naszej szko\u0142y, ze scenk\u0105 pt. &#8222;Na Kurosowskij polanie&#8221; zaj\u0105\u0142 I miejsce w kategorii zespo\u0142\u00f3w dzieci\u0119cych, pasmo obrz\u0119d\u00f3w w konkursie: XXVI Przegl\u0105d Folklorystyczny Fa\u0161iangy-Ostatki 2021 &#8211; edycja online.Serdecznie gratulujemy i \u017cyczymy dalszych sukces\u00f3w!<!--more--><\/p>\n<p>link do wynik\u00f3w konkursu: <a class=\"oajrlxb2 g5ia77u1 qu0x051f esr5mh6w e9989ue4 r7d6kgcz rq0escxv nhd2j8a9 nc684nl6 p7hjln8o kvgmc6g5 cxmmr5t8 oygrvhab hcukyx3x jb3vyjys rz4wbd8a qt6c0cv9 a8nywdso i1ao9s8h esuyzwwr f1sip0of lzcic4wl py34i1dx gpro0wi8\" tabindex=\"0\" role=\"link\" href=\"https:\/\/l.facebook.com\/l.php?u=https%3A%2F%2Ftsp.org.pl%2Fwyniki-xxvi-przegladu-folklorystycznego-fasiangy-ostatki%2F%3Ffbclid%3DIwAR21b2whHNy8ajxs1Okh6c3fKAkKR08E-kHV2KPH8t3dfWBc5Z2WJnjO8O0&amp;h=AT0HahwJhz6j8l1Tw51Icn8tiB13xVmgPUSiHY7Zp5RIYU-hWeP6ZGinfo8XryR_z7ztEWwqg9fWu2ReVdLBqTU3AT2uDi7F-2nIeSiE214AUeANVLwSLkjUVCMt4erdVxV0&amp;__tn__=-UK-R&amp;c[0]=AT1FyOdqC3X17PvQ27H9un8QYXc_vaeV8jPoyfrVfkRffmdbjiXRhu9_AHQNM5A4Xm32lhMvPN-QpDcrrQ3FEAx43wSTBYJGW3e5-yVcdyKSxJXEW2V-nRp960ai7WI_zvuUPeKYdqoEU-piFRTRItOaUdOwd_-nSrh2_IMv8kd6OL0\" target=\"_blank\" rel=\"nofollow noopener noreferrer\">https:\/\/tsp.org.pl\/wyniki-xxvi-przegladu&#8230;\/<\/a><\/p>\n","protected":false},"excerpt":{"rendered":"<p>Mamy kolejn\u0105 wspania\u0142\u0105 wiadomo\u015b\u0107! Zesp\u00f3\u0142 regionalny &#8222;Torecki&#8221; z naszej szko\u0142y, ze scenk\u0105 pt. &#8222;Na Kurosowskij polanie&#8221; zaj\u0105\u0142 I miejsce w kategorii zespo\u0142\u00f3w dzieci\u0119cych, pasmo obrz\u0119d\u00f3w w konkursie: XXVI Przegl\u0105d Folklorystyczny Fa\u0161iangy-Ostatki 2021 &#8211; edycja online.Serdecznie gratulujemy i \u017cyczymy dalszych sukces\u00f3w!<\/p>\n","protected":false},"author":2,"featured_media":944,"comment_status":"closed","ping_status":"open","sticky":false,"template":"","format":"standard","meta":{"footnotes":""},"categories":[1],"tags":[],"class_list":["post-943","post","type-post","status-publish","format-standard","has-post-thumbnail","hentry","category-aktualnosci"],"yoast_head":"<!-- This site is optimized with the Yoast SEO plugin v27.0 - https:\/\/yoast.com\/product\/yoast-seo-wordpress\/ -->\n<title>XXVI Przegl\u0105d Folklorystyczny Fa\u0161iangy-Ostatki 2021 - Szko\u0142a Podstawowa w \u0141apszance<\/title>\n<meta name=\"robots\" content=\"index, follow, max-snippet:-1, max-image-preview:large, max-video-preview:-1\" \/>\n<link rel=\"canonical\" href=\"https:\/\/splapszanka.lapszenizne.pl\/index.php\/2021\/03\/27\/xxvi-przeglad-folklorystyczny-fasiangy-ostatki-2021\/\" \/>\n<meta property=\"og:locale\" content=\"pl_PL\" \/>\n<meta property=\"og:type\" content=\"article\" \/>\n<meta property=\"og:title\" content=\"XXVI Przegl\u0105d Folklorystyczny Fa\u0161iangy-Ostatki 2021 - Szko\u0142a Podstawowa w \u0141apszance\" \/>\n<meta property=\"og:description\" content=\"Mamy kolejn\u0105 wspania\u0142\u0105 wiadomo\u015b\u0107! Zesp\u00f3\u0142 regionalny &#8222;Torecki&#8221; z naszej szko\u0142y, ze scenk\u0105 pt. &#8222;Na Kurosowskij polanie&#8221; zaj\u0105\u0142 I miejsce w kategorii zespo\u0142\u00f3w dzieci\u0119cych, pasmo obrz\u0119d\u00f3w w konkursie: XXVI Przegl\u0105d Folklorystyczny Fa\u0161iangy-Ostatki 2021 &#8211; edycja online.Serdecznie gratulujemy i \u017cyczymy dalszych sukces\u00f3w!\" \/>\n<meta property=\"og:url\" content=\"https:\/\/splapszanka.lapszenizne.pl\/index.php\/2021\/03\/27\/xxvi-przeglad-folklorystyczny-fasiangy-ostatki-2021\/\" \/>\n<meta property=\"og:site_name\" content=\"Szko\u0142a Podstawowa w \u0141apszance\" \/>\n<meta property=\"article:published_time\" content=\"2021-03-27T14:07:40+00:00\" \/>\n<meta property=\"article:modified_time\" content=\"2021-03-30T13:10:56+00:00\" \/>\n<meta property=\"og:image\" content=\"https:\/\/splapszanka.lapszenizne.pl\/wp-content\/uploads\/2021\/03\/166102173_2062733027202952_7387847002558398564_n.jpg\" \/>\n\t<meta property=\"og:image:width\" content=\"1440\" \/>\n\t<meta property=\"og:image:height\" content=\"810\" \/>\n\t<meta property=\"og:image:type\" content=\"image\/jpeg\" \/>\n<meta name=\"author\" content=\"Ma\u0142gorzata Kami\u0144ska\" \/>\n<meta name=\"twitter:card\" content=\"summary_large_image\" \/>\n<meta name=\"twitter:label1\" content=\"Napisane przez\" \/>\n\t<meta name=\"twitter:data1\" content=\"Ma\u0142gorzata Kami\u0144ska\" \/>\n<script type=\"application\/ld+json\" class=\"yoast-schema-graph\">{\"@context\":\"https:\/\/schema.org\",\"@graph\":[{\"@type\":\"Article\",\"@id\":\"https:\/\/splapszanka.lapszenizne.pl\/index.php\/2021\/03\/27\/xxvi-przeglad-folklorystyczny-fasiangy-ostatki-2021\/#article\",\"isPartOf\":{\"@id\":\"https:\/\/splapszanka.lapszenizne.pl\/index.php\/2021\/03\/27\/xxvi-przeglad-folklorystyczny-fasiangy-ostatki-2021\/\"},\"author\":{\"name\":\"Ma\u0142gorzata Kami\u0144ska\",\"@id\":\"https:\/\/splapszanka.lapszenizne.pl\/#\/schema\/person\/7966120f2db6326caa37187324bc225e\"},\"headline\":\"XXVI Przegl\u0105d Folklorystyczny Fa\u0161iangy-Ostatki 2021\",\"datePublished\":\"2021-03-27T14:07:40+00:00\",\"dateModified\":\"2021-03-30T13:10:56+00:00\",\"mainEntityOfPage\":{\"@id\":\"https:\/\/splapszanka.lapszenizne.pl\/index.php\/2021\/03\/27\/xxvi-przeglad-folklorystyczny-fasiangy-ostatki-2021\/\"},\"wordCount\":64,\"publisher\":{\"@id\":\"https:\/\/splapszanka.lapszenizne.pl\/#organization\"},\"image\":{\"@id\":\"https:\/\/splapszanka.lapszenizne.pl\/index.php\/2021\/03\/27\/xxvi-przeglad-folklorystyczny-fasiangy-ostatki-2021\/#primaryimage\"},\"thumbnailUrl\":\"https:\/\/splapszanka.lapszenizne.pl\/wp-content\/uploads\/2021\/03\/166102173_2062733027202952_7387847002558398564_n.jpg\",\"articleSection\":[\"Aktualno\u015bci\"],\"inLanguage\":\"pl-PL\"},{\"@type\":\"WebPage\",\"@id\":\"https:\/\/splapszanka.lapszenizne.pl\/index.php\/2021\/03\/27\/xxvi-przeglad-folklorystyczny-fasiangy-ostatki-2021\/\",\"url\":\"https:\/\/splapszanka.lapszenizne.pl\/index.php\/2021\/03\/27\/xxvi-przeglad-folklorystyczny-fasiangy-ostatki-2021\/\",\"name\":\"XXVI Przegl\u0105d Folklorystyczny Fa\u0161iangy-Ostatki 2021 - Szko\u0142a Podstawowa w \u0141apszance\",\"isPartOf\":{\"@id\":\"https:\/\/splapszanka.lapszenizne.pl\/#website\"},\"primaryImageOfPage\":{\"@id\":\"https:\/\/splapszanka.lapszenizne.pl\/index.php\/2021\/03\/27\/xxvi-przeglad-folklorystyczny-fasiangy-ostatki-2021\/#primaryimage\"},\"image\":{\"@id\":\"https:\/\/splapszanka.lapszenizne.pl\/index.php\/2021\/03\/27\/xxvi-przeglad-folklorystyczny-fasiangy-ostatki-2021\/#primaryimage\"},\"thumbnailUrl\":\"https:\/\/splapszanka.lapszenizne.pl\/wp-content\/uploads\/2021\/03\/166102173_2062733027202952_7387847002558398564_n.jpg\",\"datePublished\":\"2021-03-27T14:07:40+00:00\",\"dateModified\":\"2021-03-30T13:10:56+00:00\",\"breadcrumb\":{\"@id\":\"https:\/\/splapszanka.lapszenizne.pl\/index.php\/2021\/03\/27\/xxvi-przeglad-folklorystyczny-fasiangy-ostatki-2021\/#breadcrumb\"},\"inLanguage\":\"pl-PL\",\"potentialAction\":[{\"@type\":\"ReadAction\",\"target\":[\"https:\/\/splapszanka.lapszenizne.pl\/index.php\/2021\/03\/27\/xxvi-przeglad-folklorystyczny-fasiangy-ostatki-2021\/\"]}]},{\"@type\":\"ImageObject\",\"inLanguage\":\"pl-PL\",\"@id\":\"https:\/\/splapszanka.lapszenizne.pl\/index.php\/2021\/03\/27\/xxvi-przeglad-folklorystyczny-fasiangy-ostatki-2021\/#primaryimage\",\"url\":\"https:\/\/splapszanka.lapszenizne.pl\/wp-content\/uploads\/2021\/03\/166102173_2062733027202952_7387847002558398564_n.jpg\",\"contentUrl\":\"https:\/\/splapszanka.lapszenizne.pl\/wp-content\/uploads\/2021\/03\/166102173_2062733027202952_7387847002558398564_n.jpg\",\"width\":1440,\"height\":810},{\"@type\":\"BreadcrumbList\",\"@id\":\"https:\/\/splapszanka.lapszenizne.pl\/index.php\/2021\/03\/27\/xxvi-przeglad-folklorystyczny-fasiangy-ostatki-2021\/#breadcrumb\",\"itemListElement\":[{\"@type\":\"ListItem\",\"position\":1,\"name\":\"Strona g\u0142\u00f3wna\",\"item\":\"https:\/\/splapszanka.lapszenizne.pl\/\"},{\"@type\":\"ListItem\",\"position\":2,\"name\":\"XXVI Przegl\u0105d Folklorystyczny Fa\u0161iangy-Ostatki 2021\"}]},{\"@type\":\"WebSite\",\"@id\":\"https:\/\/splapszanka.lapszenizne.pl\/#website\",\"url\":\"https:\/\/splapszanka.lapszenizne.pl\/\",\"name\":\"Szko\u0142a Podstawowa w \u0141apszance\",\"description\":\"\u0141apszanka ul. D\u0142uga 35,  34-442 \u0141apsze Ni\u017cne,  woj. ma\u0142opolskie\",\"publisher\":{\"@id\":\"https:\/\/splapszanka.lapszenizne.pl\/#organization\"},\"potentialAction\":[{\"@type\":\"SearchAction\",\"target\":{\"@type\":\"EntryPoint\",\"urlTemplate\":\"https:\/\/splapszanka.lapszenizne.pl\/?s={search_term_string}\"},\"query-input\":{\"@type\":\"PropertyValueSpecification\",\"valueRequired\":true,\"valueName\":\"search_term_string\"}}],\"inLanguage\":\"pl-PL\"},{\"@type\":\"Organization\",\"@id\":\"https:\/\/splapszanka.lapszenizne.pl\/#organization\",\"name\":\"Szko\u0142a Podstawowa w \u0141apszance\",\"url\":\"https:\/\/splapszanka.lapszenizne.pl\/\",\"logo\":{\"@type\":\"ImageObject\",\"inLanguage\":\"pl-PL\",\"@id\":\"https:\/\/splapszanka.lapszenizne.pl\/#\/schema\/logo\/image\/\",\"url\":\"https:\/\/splapszanka.lapszenizne.pl\/wp-content\/uploads\/2020\/03\/cropped-75328783_1588584124617847_5132413514161324032_o.jpg\",\"contentUrl\":\"https:\/\/splapszanka.lapszenizne.pl\/wp-content\/uploads\/2020\/03\/cropped-75328783_1588584124617847_5132413514161324032_o.jpg\",\"width\":1830,\"height\":1202,\"caption\":\"Szko\u0142a Podstawowa w \u0141apszance\"},\"image\":{\"@id\":\"https:\/\/splapszanka.lapszenizne.pl\/#\/schema\/logo\/image\/\"}},{\"@type\":\"Person\",\"@id\":\"https:\/\/splapszanka.lapszenizne.pl\/#\/schema\/person\/7966120f2db6326caa37187324bc225e\",\"name\":\"Ma\u0142gorzata Kami\u0144ska\",\"image\":{\"@type\":\"ImageObject\",\"inLanguage\":\"pl-PL\",\"@id\":\"https:\/\/splapszanka.lapszenizne.pl\/#\/schema\/person\/image\/\",\"url\":\"https:\/\/secure.gravatar.com\/avatar\/7b25bd82d8287490c4c46d998eb38a88d0aa38fdf79ec1329f845d553d730d06?s=96&d=mm&r=g\",\"contentUrl\":\"https:\/\/secure.gravatar.com\/avatar\/7b25bd82d8287490c4c46d998eb38a88d0aa38fdf79ec1329f845d553d730d06?s=96&d=mm&r=g\",\"caption\":\"Ma\u0142gorzata Kami\u0144ska\"},\"url\":\"https:\/\/splapszanka.lapszenizne.pl\/index.php\/author\/gosia\/\"}]}<\/script>\n<!-- \/ Yoast SEO plugin. -->","yoast_head_json":{"title":"XXVI Przegl\u0105d Folklorystyczny Fa\u0161iangy-Ostatki 2021 - Szko\u0142a Podstawowa w \u0141apszance","robots":{"index":"index","follow":"follow","max-snippet":"max-snippet:-1","max-image-preview":"max-image-preview:large","max-video-preview":"max-video-preview:-1"},"canonical":"https:\/\/splapszanka.lapszenizne.pl\/index.php\/2021\/03\/27\/xxvi-przeglad-folklorystyczny-fasiangy-ostatki-2021\/","og_locale":"pl_PL","og_type":"article","og_title":"XXVI Przegl\u0105d Folklorystyczny Fa\u0161iangy-Ostatki 2021 - Szko\u0142a Podstawowa w \u0141apszance","og_description":"Mamy kolejn\u0105 wspania\u0142\u0105 wiadomo\u015b\u0107! Zesp\u00f3\u0142 regionalny &#8222;Torecki&#8221; z naszej szko\u0142y, ze scenk\u0105 pt. &#8222;Na Kurosowskij polanie&#8221; zaj\u0105\u0142 I miejsce w kategorii zespo\u0142\u00f3w dzieci\u0119cych, pasmo obrz\u0119d\u00f3w w konkursie: XXVI Przegl\u0105d Folklorystyczny Fa\u0161iangy-Ostatki 2021 &#8211; edycja online.Serdecznie gratulujemy i \u017cyczymy dalszych sukces\u00f3w!","og_url":"https:\/\/splapszanka.lapszenizne.pl\/index.php\/2021\/03\/27\/xxvi-przeglad-folklorystyczny-fasiangy-ostatki-2021\/","og_site_name":"Szko\u0142a Podstawowa w \u0141apszance","article_published_time":"2021-03-27T14:07:40+00:00","article_modified_time":"2021-03-30T13:10:56+00:00","og_image":[{"width":1440,"height":810,"url":"https:\/\/splapszanka.lapszenizne.pl\/wp-content\/uploads\/2021\/03\/166102173_2062733027202952_7387847002558398564_n.jpg","type":"image\/jpeg"}],"author":"Ma\u0142gorzata Kami\u0144ska","twitter_card":"summary_large_image","twitter_misc":{"Napisane przez":"Ma\u0142gorzata Kami\u0144ska"},"schema":{"@context":"https:\/\/schema.org","@graph":[{"@type":"Article","@id":"https:\/\/splapszanka.lapszenizne.pl\/index.php\/2021\/03\/27\/xxvi-przeglad-folklorystyczny-fasiangy-ostatki-2021\/#article","isPartOf":{"@id":"https:\/\/splapszanka.lapszenizne.pl\/index.php\/2021\/03\/27\/xxvi-przeglad-folklorystyczny-fasiangy-ostatki-2021\/"},"author":{"name":"Ma\u0142gorzata Kami\u0144ska","@id":"https:\/\/splapszanka.lapszenizne.pl\/#\/schema\/person\/7966120f2db6326caa37187324bc225e"},"headline":"XXVI Przegl\u0105d Folklorystyczny Fa\u0161iangy-Ostatki 2021","datePublished":"2021-03-27T14:07:40+00:00","dateModified":"2021-03-30T13:10:56+00:00","mainEntityOfPage":{"@id":"https:\/\/splapszanka.lapszenizne.pl\/index.php\/2021\/03\/27\/xxvi-przeglad-folklorystyczny-fasiangy-ostatki-2021\/"},"wordCount":64,"publisher":{"@id":"https:\/\/splapszanka.lapszenizne.pl\/#organization"},"image":{"@id":"https:\/\/splapszanka.lapszenizne.pl\/index.php\/2021\/03\/27\/xxvi-przeglad-folklorystyczny-fasiangy-ostatki-2021\/#primaryimage"},"thumbnailUrl":"https:\/\/splapszanka.lapszenizne.pl\/wp-content\/uploads\/2021\/03\/166102173_2062733027202952_7387847002558398564_n.jpg","articleSection":["Aktualno\u015bci"],"inLanguage":"pl-PL"},{"@type":"WebPage","@id":"https:\/\/splapszanka.lapszenizne.pl\/index.php\/2021\/03\/27\/xxvi-przeglad-folklorystyczny-fasiangy-ostatki-2021\/","url":"https:\/\/splapszanka.lapszenizne.pl\/index.php\/2021\/03\/27\/xxvi-przeglad-folklorystyczny-fasiangy-ostatki-2021\/","name":"XXVI Przegl\u0105d Folklorystyczny Fa\u0161iangy-Ostatki 2021 - Szko\u0142a Podstawowa w \u0141apszance","isPartOf":{"@id":"https:\/\/splapszanka.lapszenizne.pl\/#website"},"primaryImageOfPage":{"@id":"https:\/\/splapszanka.lapszenizne.pl\/index.php\/2021\/03\/27\/xxvi-przeglad-folklorystyczny-fasiangy-ostatki-2021\/#primaryimage"},"image":{"@id":"https:\/\/splapszanka.lapszenizne.pl\/index.php\/2021\/03\/27\/xxvi-przeglad-folklorystyczny-fasiangy-ostatki-2021\/#primaryimage"},"thumbnailUrl":"https:\/\/splapszanka.lapszenizne.pl\/wp-content\/uploads\/2021\/03\/166102173_2062733027202952_7387847002558398564_n.jpg","datePublished":"2021-03-27T14:07:40+00:00","dateModified":"2021-03-30T13:10:56+00:00","breadcrumb":{"@id":"https:\/\/splapszanka.lapszenizne.pl\/index.php\/2021\/03\/27\/xxvi-przeglad-folklorystyczny-fasiangy-ostatki-2021\/#breadcrumb"},"inLanguage":"pl-PL","potentialAction":[{"@type":"ReadAction","target":["https:\/\/splapszanka.lapszenizne.pl\/index.php\/2021\/03\/27\/xxvi-przeglad-folklorystyczny-fasiangy-ostatki-2021\/"]}]},{"@type":"ImageObject","inLanguage":"pl-PL","@id":"https:\/\/splapszanka.lapszenizne.pl\/index.php\/2021\/03\/27\/xxvi-przeglad-folklorystyczny-fasiangy-ostatki-2021\/#primaryimage","url":"https:\/\/splapszanka.lapszenizne.pl\/wp-content\/uploads\/2021\/03\/166102173_2062733027202952_7387847002558398564_n.jpg","contentUrl":"https:\/\/splapszanka.lapszenizne.pl\/wp-content\/uploads\/2021\/03\/166102173_2062733027202952_7387847002558398564_n.jpg","width":1440,"height":810},{"@type":"BreadcrumbList","@id":"https:\/\/splapszanka.lapszenizne.pl\/index.php\/2021\/03\/27\/xxvi-przeglad-folklorystyczny-fasiangy-ostatki-2021\/#breadcrumb","itemListElement":[{"@type":"ListItem","position":1,"name":"Strona g\u0142\u00f3wna","item":"https:\/\/splapszanka.lapszenizne.pl\/"},{"@type":"ListItem","position":2,"name":"XXVI Przegl\u0105d Folklorystyczny Fa\u0161iangy-Ostatki 2021"}]},{"@type":"WebSite","@id":"https:\/\/splapszanka.lapszenizne.pl\/#website","url":"https:\/\/splapszanka.lapszenizne.pl\/","name":"Szko\u0142a Podstawowa w \u0141apszance","description":"\u0141apszanka ul. D\u0142uga 35,  34-442 \u0141apsze Ni\u017cne,  woj. ma\u0142opolskie","publisher":{"@id":"https:\/\/splapszanka.lapszenizne.pl\/#organization"},"potentialAction":[{"@type":"SearchAction","target":{"@type":"EntryPoint","urlTemplate":"https:\/\/splapszanka.lapszenizne.pl\/?s={search_term_string}"},"query-input":{"@type":"PropertyValueSpecification","valueRequired":true,"valueName":"search_term_string"}}],"inLanguage":"pl-PL"},{"@type":"Organization","@id":"https:\/\/splapszanka.lapszenizne.pl\/#organization","name":"Szko\u0142a Podstawowa w \u0141apszance","url":"https:\/\/splapszanka.lapszenizne.pl\/","logo":{"@type":"ImageObject","inLanguage":"pl-PL","@id":"https:\/\/splapszanka.lapszenizne.pl\/#\/schema\/logo\/image\/","url":"https:\/\/splapszanka.lapszenizne.pl\/wp-content\/uploads\/2020\/03\/cropped-75328783_1588584124617847_5132413514161324032_o.jpg","contentUrl":"https:\/\/splapszanka.lapszenizne.pl\/wp-content\/uploads\/2020\/03\/cropped-75328783_1588584124617847_5132413514161324032_o.jpg","width":1830,"height":1202,"caption":"Szko\u0142a Podstawowa w \u0141apszance"},"image":{"@id":"https:\/\/splapszanka.lapszenizne.pl\/#\/schema\/logo\/image\/"}},{"@type":"Person","@id":"https:\/\/splapszanka.lapszenizne.pl\/#\/schema\/person\/7966120f2db6326caa37187324bc225e","name":"Ma\u0142gorzata Kami\u0144ska","image":{"@type":"ImageObject","inLanguage":"pl-PL","@id":"https:\/\/splapszanka.lapszenizne.pl\/#\/schema\/person\/image\/","url":"https:\/\/secure.gravatar.com\/avatar\/7b25bd82d8287490c4c46d998eb38a88d0aa38fdf79ec1329f845d553d730d06?s=96&d=mm&r=g","contentUrl":"https:\/\/secure.gravatar.com\/avatar\/7b25bd82d8287490c4c46d998eb38a88d0aa38fdf79ec1329f845d553d730d06?s=96&d=mm&r=g","caption":"Ma\u0142gorzata Kami\u0144ska"},"url":"https:\/\/splapszanka.lapszenizne.pl\/index.php\/author\/gosia\/"}]}},"_links":{"self":[{"href":"https:\/\/splapszanka.lapszenizne.pl\/index.php\/wp-json\/wp\/v2\/posts\/943","targetHints":{"allow":["GET"]}}],"collection":[{"href":"https:\/\/splapszanka.lapszenizne.pl\/index.php\/wp-json\/wp\/v2\/posts"}],"about":[{"href":"https:\/\/splapszanka.lapszenizne.pl\/index.php\/wp-json\/wp\/v2\/types\/post"}],"author":[{"embeddable":true,"href":"https:\/\/splapszanka.lapszenizne.pl\/index.php\/wp-json\/wp\/v2\/users\/2"}],"replies":[{"embeddable":true,"href":"https:\/\/splapszanka.lapszenizne.pl\/index.php\/wp-json\/wp\/v2\/comments?post=943"}],"version-history":[{"count":1,"href":"https:\/\/splapszanka.lapszenizne.pl\/index.php\/wp-json\/wp\/v2\/posts\/943\/revisions"}],"predecessor-version":[{"id":945,"href":"https:\/\/splapszanka.lapszenizne.pl\/index.php\/wp-json\/wp\/v2\/posts\/943\/revisions\/945"}],"wp:featuredmedia":[{"embeddable":true,"href":"https:\/\/splapszanka.lapszenizne.pl\/index.php\/wp-json\/wp\/v2\/media\/944"}],"wp:attachment":[{"href":"https:\/\/splapszanka.lapszenizne.pl\/index.php\/wp-json\/wp\/v2\/media?parent=943"}],"wp:term":[{"taxonomy":"category","embeddable":true,"href":"https:\/\/splapszanka.lapszenizne.pl\/index.php\/wp-json\/wp\/v2\/categories?post=943"},{"taxonomy":"post_tag","embeddable":true,"href":"https:\/\/splapszanka.lapszenizne.pl\/index.php\/wp-json\/wp\/v2\/tags?post=943"}],"curies":[{"name":"wp","href":"https:\/\/api.w.org\/{rel}","templated":true}]}}