{"id":889,"date":"2021-02-08T18:57:52","date_gmt":"2021-02-08T17:57:52","guid":{"rendered":"https:\/\/splapszanka.lapszenizne.pl\/?p=889"},"modified":"2021-02-08T19:16:55","modified_gmt":"2021-02-08T18:16:55","slug":"szczepimysie","status":"publish","type":"post","link":"https:\/\/splapszanka.lapszenizne.pl\/index.php\/2021\/02\/08\/szczepimysie\/","title":{"rendered":"#SzczepimySi\u0119"},"content":{"rendered":"<p><strong>Dlaczego warto si\u0119 zaszczepi\u0107? 10 powod\u00f3w:\u00a0<\/strong><\/p>\n<ul>\n<li>Uchronisz si\u0119 przed zaka\u017ceniem COVID-19<\/li>\n<li>Uratujesz komu\u015b \u017cycie<\/li>\n<li>Bo masz tak\u0105 mo\u017cliwo\u015b\u0107 \u2013 szczepionki s\u0105 dobrowolne, bezp\u0142atne i skuteczna<\/li>\n<li>Pomo\u017cesz zwalczy\u0107 pandemi\u0119 na \u015bwiecie<\/li>\n<li>Zyskasz spok\u00f3j wynikaj\u0105cy z bezpiecze\u0144stwa w\u0142asnego i najbli\u017cszych<\/li>\n<li>Bo szczepionki s\u0105 bezpieczne \u2013 zbadane przez polskie i unijne instytucje<\/li>\n<li>Bo zostaniesz zbadany wcze\u015bniej i poznasz sw\u00f3j stan zdrowia<\/li>\n<li>Bo dzi\u0119ki Tobie szybciej wr\u00f3cimy do normalno\u015bci<\/li>\n<li>Bo to szansa na: rezygnacj\u0119 z maseczek, powr\u00f3t do spotka\u0144 z rodzin\u0105 i przyjaci\u00f3\u0142mi, swobodny dost\u0119p do basen\u00f3w, si\u0142owni, kin, teatr\u00f3w\u2026<\/li>\n<li>Bo szczepionka to najbardziej skuteczna metoda chroni\u0105ca przed zara\u017ceniem r\u00f3\u017cnymi chorobami. Ludzko\u015b\u0107 z powodzeniem korzysta z tego od kilkuset lat.<\/li>\n<\/ul>\n<p><a href=\"https:\/\/www.gov.pl\/web\/szczepimysie\/dlaczego-warto-sie-zaszczepic-przeciwko-covid-19\">https:\/\/www.gov.pl\/web\/szczepimysie\/dlaczego-warto-sie-zaszczepic-przeciwko-covid-19<\/a><\/p>\n<p style=\"font-weight: 400;\"><strong>Co chcemy przekaza\u0107?\u00a0<\/strong><\/p>\n<ul>\n<li style=\"font-weight: 400;\"><strong>Troska \u2013\u00a0<\/strong>szczepi\u0105c troszczymy si\u0119 nie tylko o samego siebie, ale przede wszystkim naszych najbli\u017cszych. Ka\u017cdy z nas ma kogo\u015b o kt\u00f3rego mo\u017ce si\u0119 zatroszczy\u0107 (chocia\u017cby samego siebie). Wzajemn\u0105 trosk\u0119 wynosimy z domu.<\/li>\n<li style=\"font-weight: 400;\"><strong>Znasz to \u2013\u00a0<\/strong>szczepionk\u0119 znamy od ma\u0142ego, mama zabiera\u0142a nas na szczepienie i od lat z nich korzystamy. To szczepionka jak ka\u017cda inna.<\/li>\n<li style=\"font-weight: 400;\"><strong>To ju\u017c ostatni krok w walce z pandemi\u0105<\/strong>&#8211; szczepionka jest naszym ostatnim krokiem w tej walce o powr\u00f3t do normalno\u015bci.<\/li>\n<\/ul>\n<p>Gdzie znale\u017a\u0107 odpowiedzi na pytania? Zak\u0142adka: \u201ePytania i odpowiedzi\u201d\u00a0<span id=\"m_8987043183329591612OBJ_PREFIX_DWT254_com_zimbra_url\"><span id=\"m_8987043183329591612OBJ_PREFIX_DWT263_com_zimbra_url\"><span id=\"m_8987043183329591612OBJ_PREFIX_DWT573_com_zimbra_url\"><span id=\"m_8987043183329591612OBJ_PREFIX_DWT582_com_zimbra_url\"><a href=\"https:\/\/www.gov.pl\/web\/szczepimysie\/pytania-i-odpowiedzi\" target=\"_blank\" rel=\"noopener noreferrer\" data-saferedirecturl=\"https:\/\/www.google.com\/url?q=https:\/\/www.gov.pl\/web\/szczepimysie\/pytania-i-odpowiedzi&amp;source=gmail&amp;ust=1612892554459000&amp;usg=AFQjCNF3WkqF4ClTXzQQOME0SlnuFlyEQQ\">https:\/\/www.gov.<wbr \/>pl\/web\/szczepimysie\/pytania-i-<wbr \/>odpowiedzi<\/a>\u00a0<\/span><\/span><\/span><\/span><\/p>\n<p><iframe loading=\"lazy\" src=\"https:\/\/www.youtube.com\/embed\/SJnwPb4pvrw\" width=\"560\" height=\"315\" frameborder=\"0\" allowfullscreen=\"allowfullscreen\"><\/iframe><\/p>\n","protected":false},"excerpt":{"rendered":"<p>Dlaczego warto si\u0119 zaszczepi\u0107? 10 powod\u00f3w:\u00a0 Uchronisz si\u0119 przed zaka\u017ceniem COVID-19 Uratujesz komu\u015b \u017cycie Bo masz tak\u0105 mo\u017cliwo\u015b\u0107 \u2013 szczepionki s\u0105 dobrowolne, bezp\u0142atne i skuteczna Pomo\u017cesz zwalczy\u0107 pandemi\u0119 na \u015bwiecie Zyskasz spok\u00f3j wynikaj\u0105cy z bezpiecze\u0144stwa w\u0142asnego i najbli\u017cszych Bo szczepionki <a href=\"https:\/\/splapszanka.lapszenizne.pl\/index.php\/2021\/02\/08\/szczepimysie\/\" class=\"read-more\">Czytaj Dalej<\/a><\/p>\n","protected":false},"author":2,"featured_media":890,"comment_status":"closed","ping_status":"open","sticky":false,"template":"","format":"image","meta":{"footnotes":""},"categories":[1],"tags":[],"class_list":["post-889","post","type-post","status-publish","format-image","has-post-thumbnail","hentry","category-aktualnosci","post_format-post-format-image"],"yoast_head":"<!-- This site is optimized with the Yoast SEO plugin v27.0 - https:\/\/yoast.com\/product\/yoast-seo-wordpress\/ -->\n<title>#SzczepimySi\u0119 - Szko\u0142a Podstawowa w \u0141apszance<\/title>\n<meta name=\"robots\" content=\"index, follow, max-snippet:-1, max-image-preview:large, max-video-preview:-1\" \/>\n<link rel=\"canonical\" href=\"https:\/\/splapszanka.lapszenizne.pl\/index.php\/2021\/02\/08\/szczepimysie\/\" \/>\n<meta property=\"og:locale\" content=\"pl_PL\" \/>\n<meta property=\"og:type\" content=\"article\" \/>\n<meta property=\"og:title\" content=\"#SzczepimySi\u0119 - Szko\u0142a Podstawowa w \u0141apszance\" \/>\n<meta property=\"og:description\" content=\"Dlaczego warto si\u0119 zaszczepi\u0107? 10 powod\u00f3w:\u00a0 Uchronisz si\u0119 przed zaka\u017ceniem COVID-19 Uratujesz komu\u015b \u017cycie Bo masz tak\u0105 mo\u017cliwo\u015b\u0107 \u2013 szczepionki s\u0105 dobrowolne, bezp\u0142atne i skuteczna Pomo\u017cesz zwalczy\u0107 pandemi\u0119 na \u015bwiecie Zyskasz spok\u00f3j wynikaj\u0105cy z bezpiecze\u0144stwa w\u0142asnego i najbli\u017cszych Bo szczepionki Czytaj Dalej\" \/>\n<meta property=\"og:url\" content=\"https:\/\/splapszanka.lapszenizne.pl\/index.php\/2021\/02\/08\/szczepimysie\/\" \/>\n<meta property=\"og:site_name\" content=\"Szko\u0142a Podstawowa w \u0141apszance\" \/>\n<meta property=\"article:published_time\" content=\"2021-02-08T17:57:52+00:00\" \/>\n<meta property=\"article:modified_time\" content=\"2021-02-08T18:16:55+00:00\" \/>\n<meta property=\"og:image\" content=\"https:\/\/splapszanka.lapszenizne.pl\/wp-content\/uploads\/2021\/02\/Plakat_-_dlaczego_warto_5-724x1024.png\" \/>\n\t<meta property=\"og:image:width\" content=\"724\" \/>\n\t<meta property=\"og:image:height\" content=\"1024\" \/>\n\t<meta property=\"og:image:type\" content=\"image\/png\" \/>\n<meta name=\"author\" content=\"Ma\u0142gorzata Kami\u0144ska\" \/>\n<meta name=\"twitter:card\" content=\"summary_large_image\" \/>\n<meta name=\"twitter:label1\" content=\"Napisane przez\" \/>\n\t<meta name=\"twitter:data1\" content=\"Ma\u0142gorzata Kami\u0144ska\" \/>\n\t<meta name=\"twitter:label2\" content=\"Szacowany czas czytania\" \/>\n\t<meta name=\"twitter:data2\" content=\"1 minuta\" \/>\n<script type=\"application\/ld+json\" class=\"yoast-schema-graph\">{\"@context\":\"https:\/\/schema.org\",\"@graph\":[{\"@type\":\"Article\",\"@id\":\"https:\/\/splapszanka.lapszenizne.pl\/index.php\/2021\/02\/08\/szczepimysie\/#article\",\"isPartOf\":{\"@id\":\"https:\/\/splapszanka.lapszenizne.pl\/index.php\/2021\/02\/08\/szczepimysie\/\"},\"author\":{\"name\":\"Ma\u0142gorzata Kami\u0144ska\",\"@id\":\"https:\/\/splapszanka.lapszenizne.pl\/#\/schema\/person\/7966120f2db6326caa37187324bc225e\"},\"headline\":\"#SzczepimySi\u0119\",\"datePublished\":\"2021-02-08T17:57:52+00:00\",\"dateModified\":\"2021-02-08T18:16:55+00:00\",\"mainEntityOfPage\":{\"@id\":\"https:\/\/splapszanka.lapszenizne.pl\/index.php\/2021\/02\/08\/szczepimysie\/\"},\"wordCount\":241,\"publisher\":{\"@id\":\"https:\/\/splapszanka.lapszenizne.pl\/#organization\"},\"image\":{\"@id\":\"https:\/\/splapszanka.lapszenizne.pl\/index.php\/2021\/02\/08\/szczepimysie\/#primaryimage\"},\"thumbnailUrl\":\"https:\/\/splapszanka.lapszenizne.pl\/wp-content\/uploads\/2021\/02\/Plakat_-_dlaczego_warto_5.png\",\"articleSection\":[\"Aktualno\u015bci\"],\"inLanguage\":\"pl-PL\"},{\"@type\":\"WebPage\",\"@id\":\"https:\/\/splapszanka.lapszenizne.pl\/index.php\/2021\/02\/08\/szczepimysie\/\",\"url\":\"https:\/\/splapszanka.lapszenizne.pl\/index.php\/2021\/02\/08\/szczepimysie\/\",\"name\":\"#SzczepimySi\u0119 - Szko\u0142a Podstawowa w \u0141apszance\",\"isPartOf\":{\"@id\":\"https:\/\/splapszanka.lapszenizne.pl\/#website\"},\"primaryImageOfPage\":{\"@id\":\"https:\/\/splapszanka.lapszenizne.pl\/index.php\/2021\/02\/08\/szczepimysie\/#primaryimage\"},\"image\":{\"@id\":\"https:\/\/splapszanka.lapszenizne.pl\/index.php\/2021\/02\/08\/szczepimysie\/#primaryimage\"},\"thumbnailUrl\":\"https:\/\/splapszanka.lapszenizne.pl\/wp-content\/uploads\/2021\/02\/Plakat_-_dlaczego_warto_5.png\",\"datePublished\":\"2021-02-08T17:57:52+00:00\",\"dateModified\":\"2021-02-08T18:16:55+00:00\",\"breadcrumb\":{\"@id\":\"https:\/\/splapszanka.lapszenizne.pl\/index.php\/2021\/02\/08\/szczepimysie\/#breadcrumb\"},\"inLanguage\":\"pl-PL\",\"potentialAction\":[{\"@type\":\"ReadAction\",\"target\":[\"https:\/\/splapszanka.lapszenizne.pl\/index.php\/2021\/02\/08\/szczepimysie\/\"]}]},{\"@type\":\"ImageObject\",\"inLanguage\":\"pl-PL\",\"@id\":\"https:\/\/splapszanka.lapszenizne.pl\/index.php\/2021\/02\/08\/szczepimysie\/#primaryimage\",\"url\":\"https:\/\/splapszanka.lapszenizne.pl\/wp-content\/uploads\/2021\/02\/Plakat_-_dlaczego_warto_5.png\",\"contentUrl\":\"https:\/\/splapszanka.lapszenizne.pl\/wp-content\/uploads\/2021\/02\/Plakat_-_dlaczego_warto_5.png\",\"width\":1653,\"height\":2339},{\"@type\":\"BreadcrumbList\",\"@id\":\"https:\/\/splapszanka.lapszenizne.pl\/index.php\/2021\/02\/08\/szczepimysie\/#breadcrumb\",\"itemListElement\":[{\"@type\":\"ListItem\",\"position\":1,\"name\":\"Strona g\u0142\u00f3wna\",\"item\":\"https:\/\/splapszanka.lapszenizne.pl\/\"},{\"@type\":\"ListItem\",\"position\":2,\"name\":\"#SzczepimySi\u0119\"}]},{\"@type\":\"WebSite\",\"@id\":\"https:\/\/splapszanka.lapszenizne.pl\/#website\",\"url\":\"https:\/\/splapszanka.lapszenizne.pl\/\",\"name\":\"Szko\u0142a Podstawowa w \u0141apszance\",\"description\":\"\u0141apszanka ul. D\u0142uga 35,  34-442 \u0141apsze Ni\u017cne,  woj. ma\u0142opolskie\",\"publisher\":{\"@id\":\"https:\/\/splapszanka.lapszenizne.pl\/#organization\"},\"potentialAction\":[{\"@type\":\"SearchAction\",\"target\":{\"@type\":\"EntryPoint\",\"urlTemplate\":\"https:\/\/splapszanka.lapszenizne.pl\/?s={search_term_string}\"},\"query-input\":{\"@type\":\"PropertyValueSpecification\",\"valueRequired\":true,\"valueName\":\"search_term_string\"}}],\"inLanguage\":\"pl-PL\"},{\"@type\":\"Organization\",\"@id\":\"https:\/\/splapszanka.lapszenizne.pl\/#organization\",\"name\":\"Szko\u0142a Podstawowa w \u0141apszance\",\"url\":\"https:\/\/splapszanka.lapszenizne.pl\/\",\"logo\":{\"@type\":\"ImageObject\",\"inLanguage\":\"pl-PL\",\"@id\":\"https:\/\/splapszanka.lapszenizne.pl\/#\/schema\/logo\/image\/\",\"url\":\"https:\/\/splapszanka.lapszenizne.pl\/wp-content\/uploads\/2020\/03\/cropped-75328783_1588584124617847_5132413514161324032_o.jpg\",\"contentUrl\":\"https:\/\/splapszanka.lapszenizne.pl\/wp-content\/uploads\/2020\/03\/cropped-75328783_1588584124617847_5132413514161324032_o.jpg\",\"width\":1830,\"height\":1202,\"caption\":\"Szko\u0142a Podstawowa w \u0141apszance\"},\"image\":{\"@id\":\"https:\/\/splapszanka.lapszenizne.pl\/#\/schema\/logo\/image\/\"}},{\"@type\":\"Person\",\"@id\":\"https:\/\/splapszanka.lapszenizne.pl\/#\/schema\/person\/7966120f2db6326caa37187324bc225e\",\"name\":\"Ma\u0142gorzata Kami\u0144ska\",\"image\":{\"@type\":\"ImageObject\",\"inLanguage\":\"pl-PL\",\"@id\":\"https:\/\/splapszanka.lapszenizne.pl\/#\/schema\/person\/image\/\",\"url\":\"https:\/\/secure.gravatar.com\/avatar\/7b25bd82d8287490c4c46d998eb38a88d0aa38fdf79ec1329f845d553d730d06?s=96&d=mm&r=g\",\"contentUrl\":\"https:\/\/secure.gravatar.com\/avatar\/7b25bd82d8287490c4c46d998eb38a88d0aa38fdf79ec1329f845d553d730d06?s=96&d=mm&r=g\",\"caption\":\"Ma\u0142gorzata Kami\u0144ska\"},\"url\":\"https:\/\/splapszanka.lapszenizne.pl\/index.php\/author\/gosia\/\"}]}<\/script>\n<!-- \/ Yoast SEO plugin. -->","yoast_head_json":{"title":"#SzczepimySi\u0119 - Szko\u0142a Podstawowa w \u0141apszance","robots":{"index":"index","follow":"follow","max-snippet":"max-snippet:-1","max-image-preview":"max-image-preview:large","max-video-preview":"max-video-preview:-1"},"canonical":"https:\/\/splapszanka.lapszenizne.pl\/index.php\/2021\/02\/08\/szczepimysie\/","og_locale":"pl_PL","og_type":"article","og_title":"#SzczepimySi\u0119 - Szko\u0142a Podstawowa w \u0141apszance","og_description":"Dlaczego warto si\u0119 zaszczepi\u0107? 10 powod\u00f3w:\u00a0 Uchronisz si\u0119 przed zaka\u017ceniem COVID-19 Uratujesz komu\u015b \u017cycie Bo masz tak\u0105 mo\u017cliwo\u015b\u0107 \u2013 szczepionki s\u0105 dobrowolne, bezp\u0142atne i skuteczna Pomo\u017cesz zwalczy\u0107 pandemi\u0119 na \u015bwiecie Zyskasz spok\u00f3j wynikaj\u0105cy z bezpiecze\u0144stwa w\u0142asnego i najbli\u017cszych Bo szczepionki Czytaj Dalej","og_url":"https:\/\/splapszanka.lapszenizne.pl\/index.php\/2021\/02\/08\/szczepimysie\/","og_site_name":"Szko\u0142a Podstawowa w \u0141apszance","article_published_time":"2021-02-08T17:57:52+00:00","article_modified_time":"2021-02-08T18:16:55+00:00","og_image":[{"width":724,"height":1024,"url":"https:\/\/splapszanka.lapszenizne.pl\/wp-content\/uploads\/2021\/02\/Plakat_-_dlaczego_warto_5-724x1024.png","type":"image\/png"}],"author":"Ma\u0142gorzata Kami\u0144ska","twitter_card":"summary_large_image","twitter_misc":{"Napisane przez":"Ma\u0142gorzata Kami\u0144ska","Szacowany czas czytania":"1 minuta"},"schema":{"@context":"https:\/\/schema.org","@graph":[{"@type":"Article","@id":"https:\/\/splapszanka.lapszenizne.pl\/index.php\/2021\/02\/08\/szczepimysie\/#article","isPartOf":{"@id":"https:\/\/splapszanka.lapszenizne.pl\/index.php\/2021\/02\/08\/szczepimysie\/"},"author":{"name":"Ma\u0142gorzata Kami\u0144ska","@id":"https:\/\/splapszanka.lapszenizne.pl\/#\/schema\/person\/7966120f2db6326caa37187324bc225e"},"headline":"#SzczepimySi\u0119","datePublished":"2021-02-08T17:57:52+00:00","dateModified":"2021-02-08T18:16:55+00:00","mainEntityOfPage":{"@id":"https:\/\/splapszanka.lapszenizne.pl\/index.php\/2021\/02\/08\/szczepimysie\/"},"wordCount":241,"publisher":{"@id":"https:\/\/splapszanka.lapszenizne.pl\/#organization"},"image":{"@id":"https:\/\/splapszanka.lapszenizne.pl\/index.php\/2021\/02\/08\/szczepimysie\/#primaryimage"},"thumbnailUrl":"https:\/\/splapszanka.lapszenizne.pl\/wp-content\/uploads\/2021\/02\/Plakat_-_dlaczego_warto_5.png","articleSection":["Aktualno\u015bci"],"inLanguage":"pl-PL"},{"@type":"WebPage","@id":"https:\/\/splapszanka.lapszenizne.pl\/index.php\/2021\/02\/08\/szczepimysie\/","url":"https:\/\/splapszanka.lapszenizne.pl\/index.php\/2021\/02\/08\/szczepimysie\/","name":"#SzczepimySi\u0119 - Szko\u0142a Podstawowa w \u0141apszance","isPartOf":{"@id":"https:\/\/splapszanka.lapszenizne.pl\/#website"},"primaryImageOfPage":{"@id":"https:\/\/splapszanka.lapszenizne.pl\/index.php\/2021\/02\/08\/szczepimysie\/#primaryimage"},"image":{"@id":"https:\/\/splapszanka.lapszenizne.pl\/index.php\/2021\/02\/08\/szczepimysie\/#primaryimage"},"thumbnailUrl":"https:\/\/splapszanka.lapszenizne.pl\/wp-content\/uploads\/2021\/02\/Plakat_-_dlaczego_warto_5.png","datePublished":"2021-02-08T17:57:52+00:00","dateModified":"2021-02-08T18:16:55+00:00","breadcrumb":{"@id":"https:\/\/splapszanka.lapszenizne.pl\/index.php\/2021\/02\/08\/szczepimysie\/#breadcrumb"},"inLanguage":"pl-PL","potentialAction":[{"@type":"ReadAction","target":["https:\/\/splapszanka.lapszenizne.pl\/index.php\/2021\/02\/08\/szczepimysie\/"]}]},{"@type":"ImageObject","inLanguage":"pl-PL","@id":"https:\/\/splapszanka.lapszenizne.pl\/index.php\/2021\/02\/08\/szczepimysie\/#primaryimage","url":"https:\/\/splapszanka.lapszenizne.pl\/wp-content\/uploads\/2021\/02\/Plakat_-_dlaczego_warto_5.png","contentUrl":"https:\/\/splapszanka.lapszenizne.pl\/wp-content\/uploads\/2021\/02\/Plakat_-_dlaczego_warto_5.png","width":1653,"height":2339},{"@type":"BreadcrumbList","@id":"https:\/\/splapszanka.lapszenizne.pl\/index.php\/2021\/02\/08\/szczepimysie\/#breadcrumb","itemListElement":[{"@type":"ListItem","position":1,"name":"Strona g\u0142\u00f3wna","item":"https:\/\/splapszanka.lapszenizne.pl\/"},{"@type":"ListItem","position":2,"name":"#SzczepimySi\u0119"}]},{"@type":"WebSite","@id":"https:\/\/splapszanka.lapszenizne.pl\/#website","url":"https:\/\/splapszanka.lapszenizne.pl\/","name":"Szko\u0142a Podstawowa w \u0141apszance","description":"\u0141apszanka ul. D\u0142uga 35,  34-442 \u0141apsze Ni\u017cne,  woj. ma\u0142opolskie","publisher":{"@id":"https:\/\/splapszanka.lapszenizne.pl\/#organization"},"potentialAction":[{"@type":"SearchAction","target":{"@type":"EntryPoint","urlTemplate":"https:\/\/splapszanka.lapszenizne.pl\/?s={search_term_string}"},"query-input":{"@type":"PropertyValueSpecification","valueRequired":true,"valueName":"search_term_string"}}],"inLanguage":"pl-PL"},{"@type":"Organization","@id":"https:\/\/splapszanka.lapszenizne.pl\/#organization","name":"Szko\u0142a Podstawowa w \u0141apszance","url":"https:\/\/splapszanka.lapszenizne.pl\/","logo":{"@type":"ImageObject","inLanguage":"pl-PL","@id":"https:\/\/splapszanka.lapszenizne.pl\/#\/schema\/logo\/image\/","url":"https:\/\/splapszanka.lapszenizne.pl\/wp-content\/uploads\/2020\/03\/cropped-75328783_1588584124617847_5132413514161324032_o.jpg","contentUrl":"https:\/\/splapszanka.lapszenizne.pl\/wp-content\/uploads\/2020\/03\/cropped-75328783_1588584124617847_5132413514161324032_o.jpg","width":1830,"height":1202,"caption":"Szko\u0142a Podstawowa w \u0141apszance"},"image":{"@id":"https:\/\/splapszanka.lapszenizne.pl\/#\/schema\/logo\/image\/"}},{"@type":"Person","@id":"https:\/\/splapszanka.lapszenizne.pl\/#\/schema\/person\/7966120f2db6326caa37187324bc225e","name":"Ma\u0142gorzata Kami\u0144ska","image":{"@type":"ImageObject","inLanguage":"pl-PL","@id":"https:\/\/splapszanka.lapszenizne.pl\/#\/schema\/person\/image\/","url":"https:\/\/secure.gravatar.com\/avatar\/7b25bd82d8287490c4c46d998eb38a88d0aa38fdf79ec1329f845d553d730d06?s=96&d=mm&r=g","contentUrl":"https:\/\/secure.gravatar.com\/avatar\/7b25bd82d8287490c4c46d998eb38a88d0aa38fdf79ec1329f845d553d730d06?s=96&d=mm&r=g","caption":"Ma\u0142gorzata Kami\u0144ska"},"url":"https:\/\/splapszanka.lapszenizne.pl\/index.php\/author\/gosia\/"}]}},"_links":{"self":[{"href":"https:\/\/splapszanka.lapszenizne.pl\/index.php\/wp-json\/wp\/v2\/posts\/889","targetHints":{"allow":["GET"]}}],"collection":[{"href":"https:\/\/splapszanka.lapszenizne.pl\/index.php\/wp-json\/wp\/v2\/posts"}],"about":[{"href":"https:\/\/splapszanka.lapszenizne.pl\/index.php\/wp-json\/wp\/v2\/types\/post"}],"author":[{"embeddable":true,"href":"https:\/\/splapszanka.lapszenizne.pl\/index.php\/wp-json\/wp\/v2\/users\/2"}],"replies":[{"embeddable":true,"href":"https:\/\/splapszanka.lapszenizne.pl\/index.php\/wp-json\/wp\/v2\/comments?post=889"}],"version-history":[{"count":6,"href":"https:\/\/splapszanka.lapszenizne.pl\/index.php\/wp-json\/wp\/v2\/posts\/889\/revisions"}],"predecessor-version":[{"id":898,"href":"https:\/\/splapszanka.lapszenizne.pl\/index.php\/wp-json\/wp\/v2\/posts\/889\/revisions\/898"}],"wp:featuredmedia":[{"embeddable":true,"href":"https:\/\/splapszanka.lapszenizne.pl\/index.php\/wp-json\/wp\/v2\/media\/890"}],"wp:attachment":[{"href":"https:\/\/splapszanka.lapszenizne.pl\/index.php\/wp-json\/wp\/v2\/media?parent=889"}],"wp:term":[{"taxonomy":"category","embeddable":true,"href":"https:\/\/splapszanka.lapszenizne.pl\/index.php\/wp-json\/wp\/v2\/categories?post=889"},{"taxonomy":"post_tag","embeddable":true,"href":"https:\/\/splapszanka.lapszenizne.pl\/index.php\/wp-json\/wp\/v2\/tags?post=889"}],"curies":[{"name":"wp","href":"https:\/\/api.w.org\/{rel}","templated":true}]}}