{"id":825,"date":"2020-10-28T16:29:39","date_gmt":"2020-10-28T15:29:39","guid":{"rendered":"https:\/\/splapszanka.lapszenizne.pl\/?p=825"},"modified":"2020-10-28T16:30:00","modified_gmt":"2020-10-28T15:30:00","slug":"konkurs-gmina-lapsze-nizne-w-starym-obiektywie","status":"publish","type":"post","link":"https:\/\/splapszanka.lapszenizne.pl\/index.php\/2020\/10\/28\/konkurs-gmina-lapsze-nizne-w-starym-obiektywie\/","title":{"rendered":"KONKURS &#8222;GMINA \u0141APSZE NI\u017bNE W STARYM OBIEKTYWIE&#8221;"},"content":{"rendered":"<p><strong>Uwaga Rusza Konkurs \u201e GMINA \u0141APSZE NI\u017bNE W STARYM OBIEKTYWIE\u201d<\/strong><\/p>\n<p>Do wygrania bony do wykorzystania w sieci sklep\u00f3w Empik.<!--more--><\/p>\n<p>Uczestnikiem konkursu mo\u017ce by\u0107 ka\u017cdy w\u0142a\u015bciciel\/ posiadacz \u00a0zdj\u0119cia wykonanego do roku 1990 kt\u00f3re przedstawia:<\/p>\n<p>&#8211;\u00a0 charakterystyczne budowle z \u00a0terenu gminy (np.: ko\u015bcio\u0142y, kapliczki, budynki u\u017cyteczno\u015bci publicznej, mosty,\u00a0 m\u0142yny, karczmy itp. )<\/p>\n<p>&#8211; g\u0142\u00f3wne ci\u0105gi komunikacyjne (np.: g\u0142\u00f3wne ulice wsi, place )<\/p>\n<p>&#8211; panoramy wsi,<br \/>\n&#8211; wa\u017cne dla lokalnej spo\u0142eczno\u015bci wydarzenia<\/p>\n<p>Wi\u0119cej szczeg\u00f3\u0142\u00f3w na stronie <a href=\"https:\/\/www.lapszenizne.pl\/aktualnosci\/konkurs-gmina-lapsze-nizne-w-starym-obiektywie-termin-zgloszen-1112020-r\">https:\/\/www.lapszenizne.pl\/aktualnosci\/konkurs-gmina-lapsze-nizne-w-starym-obiektywie-termin-zgloszen-1112020-r<\/a><\/p>\n","protected":false},"excerpt":{"rendered":"<p>Uwaga Rusza Konkurs \u201e GMINA \u0141APSZE NI\u017bNE W STARYM OBIEKTYWIE\u201d Do wygrania bony do wykorzystania w sieci sklep\u00f3w Empik.<\/p>\n","protected":false},"author":2,"featured_media":826,"comment_status":"closed","ping_status":"open","sticky":false,"template":"","format":"standard","meta":{"footnotes":""},"categories":[1],"tags":[],"class_list":["post-825","post","type-post","status-publish","format-standard","has-post-thumbnail","hentry","category-aktualnosci"],"yoast_head":"<!-- This site is optimized with the Yoast SEO plugin v27.0 - https:\/\/yoast.com\/product\/yoast-seo-wordpress\/ -->\n<title>KONKURS &quot;GMINA \u0141APSZE NI\u017bNE W STARYM OBIEKTYWIE&quot; - Szko\u0142a Podstawowa w \u0141apszance<\/title>\n<meta name=\"robots\" content=\"index, follow, max-snippet:-1, max-image-preview:large, max-video-preview:-1\" \/>\n<link rel=\"canonical\" href=\"https:\/\/splapszanka.lapszenizne.pl\/index.php\/2020\/10\/28\/konkurs-gmina-lapsze-nizne-w-starym-obiektywie\/\" \/>\n<meta property=\"og:locale\" content=\"pl_PL\" \/>\n<meta property=\"og:type\" content=\"article\" \/>\n<meta property=\"og:title\" content=\"KONKURS &quot;GMINA \u0141APSZE NI\u017bNE W STARYM OBIEKTYWIE&quot; - Szko\u0142a Podstawowa w \u0141apszance\" \/>\n<meta property=\"og:description\" content=\"Uwaga Rusza Konkurs \u201e GMINA \u0141APSZE NI\u017bNE W STARYM OBIEKTYWIE\u201d Do wygrania bony do wykorzystania w sieci sklep\u00f3w Empik.\" \/>\n<meta property=\"og:url\" content=\"https:\/\/splapszanka.lapszenizne.pl\/index.php\/2020\/10\/28\/konkurs-gmina-lapsze-nizne-w-starym-obiektywie\/\" \/>\n<meta property=\"og:site_name\" content=\"Szko\u0142a Podstawowa w \u0141apszance\" \/>\n<meta property=\"article:published_time\" content=\"2020-10-28T15:29:39+00:00\" \/>\n<meta property=\"article:modified_time\" content=\"2020-10-28T15:30:00+00:00\" \/>\n<meta property=\"og:image\" content=\"https:\/\/splapszanka.lapszenizne.pl\/wp-content\/uploads\/2020\/10\/grafika2.png\" \/>\n\t<meta property=\"og:image:width\" content=\"1117\" \/>\n\t<meta property=\"og:image:height\" content=\"783\" \/>\n\t<meta property=\"og:image:type\" content=\"image\/png\" \/>\n<meta name=\"author\" content=\"Ma\u0142gorzata Kami\u0144ska\" \/>\n<meta name=\"twitter:card\" content=\"summary_large_image\" \/>\n<meta name=\"twitter:label1\" content=\"Napisane przez\" \/>\n\t<meta name=\"twitter:data1\" content=\"Ma\u0142gorzata Kami\u0144ska\" \/>\n<script type=\"application\/ld+json\" class=\"yoast-schema-graph\">{\"@context\":\"https:\/\/schema.org\",\"@graph\":[{\"@type\":\"Article\",\"@id\":\"https:\/\/splapszanka.lapszenizne.pl\/index.php\/2020\/10\/28\/konkurs-gmina-lapsze-nizne-w-starym-obiektywie\/#article\",\"isPartOf\":{\"@id\":\"https:\/\/splapszanka.lapszenizne.pl\/index.php\/2020\/10\/28\/konkurs-gmina-lapsze-nizne-w-starym-obiektywie\/\"},\"author\":{\"name\":\"Ma\u0142gorzata Kami\u0144ska\",\"@id\":\"https:\/\/splapszanka.lapszenizne.pl\/#\/schema\/person\/7966120f2db6326caa37187324bc225e\"},\"headline\":\"KONKURS &#8222;GMINA \u0141APSZE NI\u017bNE W STARYM OBIEKTYWIE&#8221;\",\"datePublished\":\"2020-10-28T15:29:39+00:00\",\"dateModified\":\"2020-10-28T15:30:00+00:00\",\"mainEntityOfPage\":{\"@id\":\"https:\/\/splapszanka.lapszenizne.pl\/index.php\/2020\/10\/28\/konkurs-gmina-lapsze-nizne-w-starym-obiektywie\/\"},\"wordCount\":105,\"publisher\":{\"@id\":\"https:\/\/splapszanka.lapszenizne.pl\/#organization\"},\"image\":{\"@id\":\"https:\/\/splapszanka.lapszenizne.pl\/index.php\/2020\/10\/28\/konkurs-gmina-lapsze-nizne-w-starym-obiektywie\/#primaryimage\"},\"thumbnailUrl\":\"https:\/\/splapszanka.lapszenizne.pl\/wp-content\/uploads\/2020\/10\/grafika2.png\",\"articleSection\":[\"Aktualno\u015bci\"],\"inLanguage\":\"pl-PL\"},{\"@type\":\"WebPage\",\"@id\":\"https:\/\/splapszanka.lapszenizne.pl\/index.php\/2020\/10\/28\/konkurs-gmina-lapsze-nizne-w-starym-obiektywie\/\",\"url\":\"https:\/\/splapszanka.lapszenizne.pl\/index.php\/2020\/10\/28\/konkurs-gmina-lapsze-nizne-w-starym-obiektywie\/\",\"name\":\"KONKURS \\\"GMINA \u0141APSZE NI\u017bNE W STARYM OBIEKTYWIE\\\" - Szko\u0142a Podstawowa w \u0141apszance\",\"isPartOf\":{\"@id\":\"https:\/\/splapszanka.lapszenizne.pl\/#website\"},\"primaryImageOfPage\":{\"@id\":\"https:\/\/splapszanka.lapszenizne.pl\/index.php\/2020\/10\/28\/konkurs-gmina-lapsze-nizne-w-starym-obiektywie\/#primaryimage\"},\"image\":{\"@id\":\"https:\/\/splapszanka.lapszenizne.pl\/index.php\/2020\/10\/28\/konkurs-gmina-lapsze-nizne-w-starym-obiektywie\/#primaryimage\"},\"thumbnailUrl\":\"https:\/\/splapszanka.lapszenizne.pl\/wp-content\/uploads\/2020\/10\/grafika2.png\",\"datePublished\":\"2020-10-28T15:29:39+00:00\",\"dateModified\":\"2020-10-28T15:30:00+00:00\",\"breadcrumb\":{\"@id\":\"https:\/\/splapszanka.lapszenizne.pl\/index.php\/2020\/10\/28\/konkurs-gmina-lapsze-nizne-w-starym-obiektywie\/#breadcrumb\"},\"inLanguage\":\"pl-PL\",\"potentialAction\":[{\"@type\":\"ReadAction\",\"target\":[\"https:\/\/splapszanka.lapszenizne.pl\/index.php\/2020\/10\/28\/konkurs-gmina-lapsze-nizne-w-starym-obiektywie\/\"]}]},{\"@type\":\"ImageObject\",\"inLanguage\":\"pl-PL\",\"@id\":\"https:\/\/splapszanka.lapszenizne.pl\/index.php\/2020\/10\/28\/konkurs-gmina-lapsze-nizne-w-starym-obiektywie\/#primaryimage\",\"url\":\"https:\/\/splapszanka.lapszenizne.pl\/wp-content\/uploads\/2020\/10\/grafika2.png\",\"contentUrl\":\"https:\/\/splapszanka.lapszenizne.pl\/wp-content\/uploads\/2020\/10\/grafika2.png\",\"width\":1117,\"height\":783},{\"@type\":\"BreadcrumbList\",\"@id\":\"https:\/\/splapszanka.lapszenizne.pl\/index.php\/2020\/10\/28\/konkurs-gmina-lapsze-nizne-w-starym-obiektywie\/#breadcrumb\",\"itemListElement\":[{\"@type\":\"ListItem\",\"position\":1,\"name\":\"Strona g\u0142\u00f3wna\",\"item\":\"https:\/\/splapszanka.lapszenizne.pl\/\"},{\"@type\":\"ListItem\",\"position\":2,\"name\":\"KONKURS &#8222;GMINA \u0141APSZE NI\u017bNE W STARYM OBIEKTYWIE&#8221;\"}]},{\"@type\":\"WebSite\",\"@id\":\"https:\/\/splapszanka.lapszenizne.pl\/#website\",\"url\":\"https:\/\/splapszanka.lapszenizne.pl\/\",\"name\":\"Szko\u0142a Podstawowa w \u0141apszance\",\"description\":\"\u0141apszanka ul. D\u0142uga 35,  34-442 \u0141apsze Ni\u017cne,  woj. ma\u0142opolskie\",\"publisher\":{\"@id\":\"https:\/\/splapszanka.lapszenizne.pl\/#organization\"},\"potentialAction\":[{\"@type\":\"SearchAction\",\"target\":{\"@type\":\"EntryPoint\",\"urlTemplate\":\"https:\/\/splapszanka.lapszenizne.pl\/?s={search_term_string}\"},\"query-input\":{\"@type\":\"PropertyValueSpecification\",\"valueRequired\":true,\"valueName\":\"search_term_string\"}}],\"inLanguage\":\"pl-PL\"},{\"@type\":\"Organization\",\"@id\":\"https:\/\/splapszanka.lapszenizne.pl\/#organization\",\"name\":\"Szko\u0142a Podstawowa w \u0141apszance\",\"url\":\"https:\/\/splapszanka.lapszenizne.pl\/\",\"logo\":{\"@type\":\"ImageObject\",\"inLanguage\":\"pl-PL\",\"@id\":\"https:\/\/splapszanka.lapszenizne.pl\/#\/schema\/logo\/image\/\",\"url\":\"https:\/\/splapszanka.lapszenizne.pl\/wp-content\/uploads\/2020\/03\/cropped-75328783_1588584124617847_5132413514161324032_o.jpg\",\"contentUrl\":\"https:\/\/splapszanka.lapszenizne.pl\/wp-content\/uploads\/2020\/03\/cropped-75328783_1588584124617847_5132413514161324032_o.jpg\",\"width\":1830,\"height\":1202,\"caption\":\"Szko\u0142a Podstawowa w \u0141apszance\"},\"image\":{\"@id\":\"https:\/\/splapszanka.lapszenizne.pl\/#\/schema\/logo\/image\/\"}},{\"@type\":\"Person\",\"@id\":\"https:\/\/splapszanka.lapszenizne.pl\/#\/schema\/person\/7966120f2db6326caa37187324bc225e\",\"name\":\"Ma\u0142gorzata Kami\u0144ska\",\"image\":{\"@type\":\"ImageObject\",\"inLanguage\":\"pl-PL\",\"@id\":\"https:\/\/splapszanka.lapszenizne.pl\/#\/schema\/person\/image\/\",\"url\":\"https:\/\/secure.gravatar.com\/avatar\/7b25bd82d8287490c4c46d998eb38a88d0aa38fdf79ec1329f845d553d730d06?s=96&d=mm&r=g\",\"contentUrl\":\"https:\/\/secure.gravatar.com\/avatar\/7b25bd82d8287490c4c46d998eb38a88d0aa38fdf79ec1329f845d553d730d06?s=96&d=mm&r=g\",\"caption\":\"Ma\u0142gorzata Kami\u0144ska\"},\"url\":\"https:\/\/splapszanka.lapszenizne.pl\/index.php\/author\/gosia\/\"}]}<\/script>\n<!-- \/ Yoast SEO plugin. -->","yoast_head_json":{"title":"KONKURS \"GMINA \u0141APSZE NI\u017bNE W STARYM OBIEKTYWIE\" - Szko\u0142a Podstawowa w \u0141apszance","robots":{"index":"index","follow":"follow","max-snippet":"max-snippet:-1","max-image-preview":"max-image-preview:large","max-video-preview":"max-video-preview:-1"},"canonical":"https:\/\/splapszanka.lapszenizne.pl\/index.php\/2020\/10\/28\/konkurs-gmina-lapsze-nizne-w-starym-obiektywie\/","og_locale":"pl_PL","og_type":"article","og_title":"KONKURS \"GMINA \u0141APSZE NI\u017bNE W STARYM OBIEKTYWIE\" - Szko\u0142a Podstawowa w \u0141apszance","og_description":"Uwaga Rusza Konkurs \u201e GMINA \u0141APSZE NI\u017bNE W STARYM OBIEKTYWIE\u201d Do wygrania bony do wykorzystania w sieci sklep\u00f3w Empik.","og_url":"https:\/\/splapszanka.lapszenizne.pl\/index.php\/2020\/10\/28\/konkurs-gmina-lapsze-nizne-w-starym-obiektywie\/","og_site_name":"Szko\u0142a Podstawowa w \u0141apszance","article_published_time":"2020-10-28T15:29:39+00:00","article_modified_time":"2020-10-28T15:30:00+00:00","og_image":[{"width":1117,"height":783,"url":"https:\/\/splapszanka.lapszenizne.pl\/wp-content\/uploads\/2020\/10\/grafika2.png","type":"image\/png"}],"author":"Ma\u0142gorzata Kami\u0144ska","twitter_card":"summary_large_image","twitter_misc":{"Napisane przez":"Ma\u0142gorzata Kami\u0144ska"},"schema":{"@context":"https:\/\/schema.org","@graph":[{"@type":"Article","@id":"https:\/\/splapszanka.lapszenizne.pl\/index.php\/2020\/10\/28\/konkurs-gmina-lapsze-nizne-w-starym-obiektywie\/#article","isPartOf":{"@id":"https:\/\/splapszanka.lapszenizne.pl\/index.php\/2020\/10\/28\/konkurs-gmina-lapsze-nizne-w-starym-obiektywie\/"},"author":{"name":"Ma\u0142gorzata Kami\u0144ska","@id":"https:\/\/splapszanka.lapszenizne.pl\/#\/schema\/person\/7966120f2db6326caa37187324bc225e"},"headline":"KONKURS &#8222;GMINA \u0141APSZE NI\u017bNE W STARYM OBIEKTYWIE&#8221;","datePublished":"2020-10-28T15:29:39+00:00","dateModified":"2020-10-28T15:30:00+00:00","mainEntityOfPage":{"@id":"https:\/\/splapszanka.lapszenizne.pl\/index.php\/2020\/10\/28\/konkurs-gmina-lapsze-nizne-w-starym-obiektywie\/"},"wordCount":105,"publisher":{"@id":"https:\/\/splapszanka.lapszenizne.pl\/#organization"},"image":{"@id":"https:\/\/splapszanka.lapszenizne.pl\/index.php\/2020\/10\/28\/konkurs-gmina-lapsze-nizne-w-starym-obiektywie\/#primaryimage"},"thumbnailUrl":"https:\/\/splapszanka.lapszenizne.pl\/wp-content\/uploads\/2020\/10\/grafika2.png","articleSection":["Aktualno\u015bci"],"inLanguage":"pl-PL"},{"@type":"WebPage","@id":"https:\/\/splapszanka.lapszenizne.pl\/index.php\/2020\/10\/28\/konkurs-gmina-lapsze-nizne-w-starym-obiektywie\/","url":"https:\/\/splapszanka.lapszenizne.pl\/index.php\/2020\/10\/28\/konkurs-gmina-lapsze-nizne-w-starym-obiektywie\/","name":"KONKURS \"GMINA \u0141APSZE NI\u017bNE W STARYM OBIEKTYWIE\" - Szko\u0142a Podstawowa w \u0141apszance","isPartOf":{"@id":"https:\/\/splapszanka.lapszenizne.pl\/#website"},"primaryImageOfPage":{"@id":"https:\/\/splapszanka.lapszenizne.pl\/index.php\/2020\/10\/28\/konkurs-gmina-lapsze-nizne-w-starym-obiektywie\/#primaryimage"},"image":{"@id":"https:\/\/splapszanka.lapszenizne.pl\/index.php\/2020\/10\/28\/konkurs-gmina-lapsze-nizne-w-starym-obiektywie\/#primaryimage"},"thumbnailUrl":"https:\/\/splapszanka.lapszenizne.pl\/wp-content\/uploads\/2020\/10\/grafika2.png","datePublished":"2020-10-28T15:29:39+00:00","dateModified":"2020-10-28T15:30:00+00:00","breadcrumb":{"@id":"https:\/\/splapszanka.lapszenizne.pl\/index.php\/2020\/10\/28\/konkurs-gmina-lapsze-nizne-w-starym-obiektywie\/#breadcrumb"},"inLanguage":"pl-PL","potentialAction":[{"@type":"ReadAction","target":["https:\/\/splapszanka.lapszenizne.pl\/index.php\/2020\/10\/28\/konkurs-gmina-lapsze-nizne-w-starym-obiektywie\/"]}]},{"@type":"ImageObject","inLanguage":"pl-PL","@id":"https:\/\/splapszanka.lapszenizne.pl\/index.php\/2020\/10\/28\/konkurs-gmina-lapsze-nizne-w-starym-obiektywie\/#primaryimage","url":"https:\/\/splapszanka.lapszenizne.pl\/wp-content\/uploads\/2020\/10\/grafika2.png","contentUrl":"https:\/\/splapszanka.lapszenizne.pl\/wp-content\/uploads\/2020\/10\/grafika2.png","width":1117,"height":783},{"@type":"BreadcrumbList","@id":"https:\/\/splapszanka.lapszenizne.pl\/index.php\/2020\/10\/28\/konkurs-gmina-lapsze-nizne-w-starym-obiektywie\/#breadcrumb","itemListElement":[{"@type":"ListItem","position":1,"name":"Strona g\u0142\u00f3wna","item":"https:\/\/splapszanka.lapszenizne.pl\/"},{"@type":"ListItem","position":2,"name":"KONKURS &#8222;GMINA \u0141APSZE NI\u017bNE W STARYM OBIEKTYWIE&#8221;"}]},{"@type":"WebSite","@id":"https:\/\/splapszanka.lapszenizne.pl\/#website","url":"https:\/\/splapszanka.lapszenizne.pl\/","name":"Szko\u0142a Podstawowa w \u0141apszance","description":"\u0141apszanka ul. D\u0142uga 35,  34-442 \u0141apsze Ni\u017cne,  woj. ma\u0142opolskie","publisher":{"@id":"https:\/\/splapszanka.lapszenizne.pl\/#organization"},"potentialAction":[{"@type":"SearchAction","target":{"@type":"EntryPoint","urlTemplate":"https:\/\/splapszanka.lapszenizne.pl\/?s={search_term_string}"},"query-input":{"@type":"PropertyValueSpecification","valueRequired":true,"valueName":"search_term_string"}}],"inLanguage":"pl-PL"},{"@type":"Organization","@id":"https:\/\/splapszanka.lapszenizne.pl\/#organization","name":"Szko\u0142a Podstawowa w \u0141apszance","url":"https:\/\/splapszanka.lapszenizne.pl\/","logo":{"@type":"ImageObject","inLanguage":"pl-PL","@id":"https:\/\/splapszanka.lapszenizne.pl\/#\/schema\/logo\/image\/","url":"https:\/\/splapszanka.lapszenizne.pl\/wp-content\/uploads\/2020\/03\/cropped-75328783_1588584124617847_5132413514161324032_o.jpg","contentUrl":"https:\/\/splapszanka.lapszenizne.pl\/wp-content\/uploads\/2020\/03\/cropped-75328783_1588584124617847_5132413514161324032_o.jpg","width":1830,"height":1202,"caption":"Szko\u0142a Podstawowa w \u0141apszance"},"image":{"@id":"https:\/\/splapszanka.lapszenizne.pl\/#\/schema\/logo\/image\/"}},{"@type":"Person","@id":"https:\/\/splapszanka.lapszenizne.pl\/#\/schema\/person\/7966120f2db6326caa37187324bc225e","name":"Ma\u0142gorzata Kami\u0144ska","image":{"@type":"ImageObject","inLanguage":"pl-PL","@id":"https:\/\/splapszanka.lapszenizne.pl\/#\/schema\/person\/image\/","url":"https:\/\/secure.gravatar.com\/avatar\/7b25bd82d8287490c4c46d998eb38a88d0aa38fdf79ec1329f845d553d730d06?s=96&d=mm&r=g","contentUrl":"https:\/\/secure.gravatar.com\/avatar\/7b25bd82d8287490c4c46d998eb38a88d0aa38fdf79ec1329f845d553d730d06?s=96&d=mm&r=g","caption":"Ma\u0142gorzata Kami\u0144ska"},"url":"https:\/\/splapszanka.lapszenizne.pl\/index.php\/author\/gosia\/"}]}},"_links":{"self":[{"href":"https:\/\/splapszanka.lapszenizne.pl\/index.php\/wp-json\/wp\/v2\/posts\/825","targetHints":{"allow":["GET"]}}],"collection":[{"href":"https:\/\/splapszanka.lapszenizne.pl\/index.php\/wp-json\/wp\/v2\/posts"}],"about":[{"href":"https:\/\/splapszanka.lapszenizne.pl\/index.php\/wp-json\/wp\/v2\/types\/post"}],"author":[{"embeddable":true,"href":"https:\/\/splapszanka.lapszenizne.pl\/index.php\/wp-json\/wp\/v2\/users\/2"}],"replies":[{"embeddable":true,"href":"https:\/\/splapszanka.lapszenizne.pl\/index.php\/wp-json\/wp\/v2\/comments?post=825"}],"version-history":[{"count":2,"href":"https:\/\/splapszanka.lapszenizne.pl\/index.php\/wp-json\/wp\/v2\/posts\/825\/revisions"}],"predecessor-version":[{"id":828,"href":"https:\/\/splapszanka.lapszenizne.pl\/index.php\/wp-json\/wp\/v2\/posts\/825\/revisions\/828"}],"wp:featuredmedia":[{"embeddable":true,"href":"https:\/\/splapszanka.lapszenizne.pl\/index.php\/wp-json\/wp\/v2\/media\/826"}],"wp:attachment":[{"href":"https:\/\/splapszanka.lapszenizne.pl\/index.php\/wp-json\/wp\/v2\/media?parent=825"}],"wp:term":[{"taxonomy":"category","embeddable":true,"href":"https:\/\/splapszanka.lapszenizne.pl\/index.php\/wp-json\/wp\/v2\/categories?post=825"},{"taxonomy":"post_tag","embeddable":true,"href":"https:\/\/splapszanka.lapszenizne.pl\/index.php\/wp-json\/wp\/v2\/tags?post=825"}],"curies":[{"name":"wp","href":"https:\/\/api.w.org\/{rel}","templated":true}]}}