{"id":814,"date":"2020-10-20T20:56:23","date_gmt":"2020-10-20T18:56:23","guid":{"rendered":"https:\/\/splapszanka.lapszenizne.pl\/?p=814"},"modified":"2020-10-20T21:00:34","modified_gmt":"2020-10-20T19:00:34","slug":"wybory-do-samorzadu","status":"publish","type":"post","link":"https:\/\/splapszanka.lapszenizne.pl\/index.php\/2020\/10\/20\/wybory-do-samorzadu\/","title":{"rendered":"Wybory do Samorz\u0105du"},"content":{"rendered":"<p><span style=\"color: #000080;\">WYBORY DO SAMORZ\u0104DU SZKOLNEGO JU\u017b ZA NAMI\u2026 <\/span><\/p>\n<p>Chocia\u017c na \u015bwiecie szaleje pandemia, w naszej szkole &#8211; jak co roku &#8211; odby\u0142a si\u0119 pe\u0142na wra\u017ce\u0144 kampania wyborcza i wybory do Samorz\u0105du. Jednak wszystko odbywa\u0142o si\u0119 nieco inaczej, bo w re\u017cimie sanitarnym. Ale\u2026 dali\u015bmy rad\u0119 i emocjonuj\u0105ce chwile mamy ju\u017c za sob\u0105. A o tym, co i jak si\u0119 dzia\u0142o, poni\u017cej.<\/p>\n<p>W tym roku szkolnym kampania wyborcza kandydat\u00f3w do szkolnego Samorz\u0105du Uczniowskiego mia\u0142a miejsce w dniach od 9 do 28 wrze\u015bnia. Brali w niej udzia\u0142 wszyscy ci, kt\u00f3rych kandydatura zosta\u0142a wcze\u015bniej przyj\u0119ta.<br \/>\nPo\u015br\u00f3d czternastu os\u00f3b ubiegaj\u0105cych si\u0119 o miejsce w samorz\u0105dzie znale\u017ali si\u0119 uczniowie klas IV-VI. Walczyli oni o wyborc\u00f3w, rozdaj\u0105c ulotki i rozwieszaj\u0105c plakaty z programami wyborczymi; zach\u0119cali przy tym, jak tylko mogli, by to w\u0142a\u015bnie na nich odda\u0107 sw\u00f3j g\u0142os. Niekt\u00f3rzy wiele obiecywali\u2026 Podczas Kampanii wyborczej panowa\u0142a gor\u0105ca atmosfera. Sami za\u015b kandydaci do SU spisali si\u0119 na medal.<br \/>\nWybory do Samorz\u0105du przebiega\u0142y bez zak\u0142\u00f3ce\u0144, cho\u0107 odby\u0142y si\u0119 z op\u00f3\u017anieniem z powod\u00f3w organizacyjnych dnia 7 pa\u017adziernika. Oczywi\u015bcie, poprzedzi\u0142a je cisza wyborcza (trwa\u0142a w dniach 29 wrze\u015bnia \u2013 7 pa\u017adziernika).<br \/>\nW Komisji Wyborczej zasiedli: Przewodnicz\u0105cy Komisji \u2013 Jan So\u0142tys oraz cz\u0142onkowie \u2013 Krystian Holowa i Emilia Kuruc. Nad prawid\u0142owym przebiegiem prac KW (a wcze\u015bniej r\u00f3wnie\u017c nad kampani\u0105 wyborcz\u0105) czuwa\u0142a p. Anna Bylina-Stanek.<br \/>\nDo g\u0142osowania przyst\u0105pili uczniowie wszystkich klas. Jednak, przed z\u0142o\u017ceniem podpisu na arkuszu zawieraj\u0105cym spis wyborc\u00f3w uprawnionych do g\u0142osowania, musieli si\u0119 wylegitymowa\u0107 w\u0142asnym dokumentem to\u017csamo\u015bci (tj. aktualn\u0105 legitymacj\u0105 szkoln\u0105). G\u0142osy oddawano indywidualnie na specjalnych kartach do g\u0142osowania, opatrzonych instrukcj\u0105 okre\u015blaj\u0105c\u0105 wa\u017cno\u015b\u0107 oddanych g\u0142os\u00f3w. Wype\u0142nione karty wrzucano do zaplombowanej uprzednio urny.<br \/>\nPo zako\u0144czeniu wybor\u00f3w urna zosta\u0142a otwarta przez Komisj\u0119, kt\u00f3ra nast\u0119pnie z ogromnym zaanga\u017cowaniem liczy\u0142a oddane przez wyborc\u00f3w g\u0142osy. Tego samego dnia podano do wiadomo\u015bci nieoficjalne wyniki wybor\u00f3w.<\/p>\n<p>Wyniki oficjalne uczniowie poznali dwa p\u00f3\u017aniej. Emocje kandydat\u00f3w si\u0119gn\u0119\u0142y wi\u0119c zenitu! Spo\u015br\u00f3d kandydat\u00f3w nasza szkolna spo\u0142eczno\u015b\u0107 wybra\u0142a swoich przedstawicieli, w\u015br\u00f3d kt\u00f3rych znale\u017ali si\u0119:<\/p>\n<p><span style=\"color: #003300;\">Przewodnicz\u0105ca: ANETA DUDAS<\/span><br \/>\n<span style=\"color: #003300;\">Wice-Przewodnicz\u0105cy: KRZYSZTOF SWOCZYK<\/span><br \/>\n<span style=\"color: #003300;\">Skarbnik: KRYSTIAN HOLOWA<\/span><br \/>\n<span style=\"color: #003300;\">Sekretarz: EMILIA KURUC<\/span><br \/>\n<span style=\"color: #003300;\">Kronikarze: ALICJA MONDEL, GRZEGORZ SWOCZYK<\/span><br \/>\n<span style=\"color: #003300;\">Cz\u0142onkowie: ADRIAN SO\u0141TYS, OSKAR ADAMIEC, IZABELA SO\u0141TYS<\/span><\/p>\n<p>Wszystkim naszym zwyci\u0119zcom serdecznie gratulujemy. \u017byczymy kreatywnych pomys\u0142\u00f3w i wspania\u0142ych osi\u0105gni\u0119\u0107!<\/p>\n<p>Anna Bylina-Stanek<\/p>\n","protected":false},"excerpt":{"rendered":"<p>WYBORY DO SAMORZ\u0104DU SZKOLNEGO JU\u017b ZA NAMI\u2026 Chocia\u017c na \u015bwiecie szaleje pandemia, w naszej szkole &#8211; jak co roku &#8211; odby\u0142a si\u0119 pe\u0142na wra\u017ce\u0144 kampania wyborcza i wybory do Samorz\u0105du. Jednak wszystko odbywa\u0142o si\u0119 nieco inaczej, bo w re\u017cimie sanitarnym. <a href=\"https:\/\/splapszanka.lapszenizne.pl\/index.php\/2020\/10\/20\/wybory-do-samorzadu\/\" class=\"read-more\">Czytaj Dalej<\/a><\/p>\n","protected":false},"author":3,"featured_media":820,"comment_status":"closed","ping_status":"open","sticky":false,"template":"","format":"standard","meta":{"footnotes":""},"categories":[1],"tags":[],"class_list":["post-814","post","type-post","status-publish","format-standard","has-post-thumbnail","hentry","category-aktualnosci"],"yoast_head":"<!-- This site is optimized with the Yoast SEO plugin v27.0 - https:\/\/yoast.com\/product\/yoast-seo-wordpress\/ -->\n<title>Wybory do Samorz\u0105du - Szko\u0142a Podstawowa w \u0141apszance<\/title>\n<meta name=\"robots\" content=\"index, follow, max-snippet:-1, max-image-preview:large, max-video-preview:-1\" \/>\n<link rel=\"canonical\" href=\"https:\/\/splapszanka.lapszenizne.pl\/index.php\/2020\/10\/20\/wybory-do-samorzadu\/\" \/>\n<meta property=\"og:locale\" content=\"pl_PL\" \/>\n<meta property=\"og:type\" content=\"article\" \/>\n<meta property=\"og:title\" content=\"Wybory do Samorz\u0105du - Szko\u0142a Podstawowa w \u0141apszance\" \/>\n<meta property=\"og:description\" content=\"WYBORY DO SAMORZ\u0104DU SZKOLNEGO JU\u017b ZA NAMI\u2026 Chocia\u017c na \u015bwiecie szaleje pandemia, w naszej szkole &#8211; jak co roku &#8211; odby\u0142a si\u0119 pe\u0142na wra\u017ce\u0144 kampania wyborcza i wybory do Samorz\u0105du. Jednak wszystko odbywa\u0142o si\u0119 nieco inaczej, bo w re\u017cimie sanitarnym. Czytaj Dalej\" \/>\n<meta property=\"og:url\" content=\"https:\/\/splapszanka.lapszenizne.pl\/index.php\/2020\/10\/20\/wybory-do-samorzadu\/\" \/>\n<meta property=\"og:site_name\" content=\"Szko\u0142a Podstawowa w \u0141apszance\" \/>\n<meta property=\"article:published_time\" content=\"2020-10-20T18:56:23+00:00\" \/>\n<meta property=\"article:modified_time\" content=\"2020-10-20T19:00:34+00:00\" \/>\n<meta property=\"og:image\" content=\"https:\/\/splapszanka.lapszenizne.pl\/wp-content\/uploads\/2020\/10\/122171719_1931906063618983_5433051531780558070_o.jpg\" \/>\n\t<meta property=\"og:image:width\" content=\"1511\" \/>\n\t<meta property=\"og:image:height\" content=\"2015\" \/>\n\t<meta property=\"og:image:type\" content=\"image\/jpeg\" \/>\n<meta name=\"author\" content=\"Katarzyna Kuruc\" \/>\n<meta name=\"twitter:card\" content=\"summary_large_image\" \/>\n<meta name=\"twitter:label1\" content=\"Napisane przez\" \/>\n\t<meta name=\"twitter:data1\" content=\"Katarzyna Kuruc\" \/>\n\t<meta name=\"twitter:label2\" content=\"Szacowany czas czytania\" \/>\n\t<meta name=\"twitter:data2\" content=\"2 minuty\" \/>\n<script type=\"application\/ld+json\" class=\"yoast-schema-graph\">{\"@context\":\"https:\/\/schema.org\",\"@graph\":[{\"@type\":\"Article\",\"@id\":\"https:\/\/splapszanka.lapszenizne.pl\/index.php\/2020\/10\/20\/wybory-do-samorzadu\/#article\",\"isPartOf\":{\"@id\":\"https:\/\/splapszanka.lapszenizne.pl\/index.php\/2020\/10\/20\/wybory-do-samorzadu\/\"},\"author\":{\"name\":\"Katarzyna Kuruc\",\"@id\":\"https:\/\/splapszanka.lapszenizne.pl\/#\/schema\/person\/6404b0ec0d52038e5f96070aa759635d\"},\"headline\":\"Wybory do Samorz\u0105du\",\"datePublished\":\"2020-10-20T18:56:23+00:00\",\"dateModified\":\"2020-10-20T19:00:34+00:00\",\"mainEntityOfPage\":{\"@id\":\"https:\/\/splapszanka.lapszenizne.pl\/index.php\/2020\/10\/20\/wybory-do-samorzadu\/\"},\"wordCount\":449,\"publisher\":{\"@id\":\"https:\/\/splapszanka.lapszenizne.pl\/#organization\"},\"image\":{\"@id\":\"https:\/\/splapszanka.lapszenizne.pl\/index.php\/2020\/10\/20\/wybory-do-samorzadu\/#primaryimage\"},\"thumbnailUrl\":\"https:\/\/splapszanka.lapszenizne.pl\/wp-content\/uploads\/2020\/10\/122171719_1931906063618983_5433051531780558070_o.jpg\",\"articleSection\":[\"Aktualno\u015bci\"],\"inLanguage\":\"pl-PL\"},{\"@type\":\"WebPage\",\"@id\":\"https:\/\/splapszanka.lapszenizne.pl\/index.php\/2020\/10\/20\/wybory-do-samorzadu\/\",\"url\":\"https:\/\/splapszanka.lapszenizne.pl\/index.php\/2020\/10\/20\/wybory-do-samorzadu\/\",\"name\":\"Wybory do Samorz\u0105du - Szko\u0142a Podstawowa w \u0141apszance\",\"isPartOf\":{\"@id\":\"https:\/\/splapszanka.lapszenizne.pl\/#website\"},\"primaryImageOfPage\":{\"@id\":\"https:\/\/splapszanka.lapszenizne.pl\/index.php\/2020\/10\/20\/wybory-do-samorzadu\/#primaryimage\"},\"image\":{\"@id\":\"https:\/\/splapszanka.lapszenizne.pl\/index.php\/2020\/10\/20\/wybory-do-samorzadu\/#primaryimage\"},\"thumbnailUrl\":\"https:\/\/splapszanka.lapszenizne.pl\/wp-content\/uploads\/2020\/10\/122171719_1931906063618983_5433051531780558070_o.jpg\",\"datePublished\":\"2020-10-20T18:56:23+00:00\",\"dateModified\":\"2020-10-20T19:00:34+00:00\",\"breadcrumb\":{\"@id\":\"https:\/\/splapszanka.lapszenizne.pl\/index.php\/2020\/10\/20\/wybory-do-samorzadu\/#breadcrumb\"},\"inLanguage\":\"pl-PL\",\"potentialAction\":[{\"@type\":\"ReadAction\",\"target\":[\"https:\/\/splapszanka.lapszenizne.pl\/index.php\/2020\/10\/20\/wybory-do-samorzadu\/\"]}]},{\"@type\":\"ImageObject\",\"inLanguage\":\"pl-PL\",\"@id\":\"https:\/\/splapszanka.lapszenizne.pl\/index.php\/2020\/10\/20\/wybory-do-samorzadu\/#primaryimage\",\"url\":\"https:\/\/splapszanka.lapszenizne.pl\/wp-content\/uploads\/2020\/10\/122171719_1931906063618983_5433051531780558070_o.jpg\",\"contentUrl\":\"https:\/\/splapszanka.lapszenizne.pl\/wp-content\/uploads\/2020\/10\/122171719_1931906063618983_5433051531780558070_o.jpg\",\"width\":1511,\"height\":2015},{\"@type\":\"BreadcrumbList\",\"@id\":\"https:\/\/splapszanka.lapszenizne.pl\/index.php\/2020\/10\/20\/wybory-do-samorzadu\/#breadcrumb\",\"itemListElement\":[{\"@type\":\"ListItem\",\"position\":1,\"name\":\"Strona g\u0142\u00f3wna\",\"item\":\"https:\/\/splapszanka.lapszenizne.pl\/\"},{\"@type\":\"ListItem\",\"position\":2,\"name\":\"Wybory do Samorz\u0105du\"}]},{\"@type\":\"WebSite\",\"@id\":\"https:\/\/splapszanka.lapszenizne.pl\/#website\",\"url\":\"https:\/\/splapszanka.lapszenizne.pl\/\",\"name\":\"Szko\u0142a Podstawowa w \u0141apszance\",\"description\":\"\u0141apszanka ul. D\u0142uga 35,  34-442 \u0141apsze Ni\u017cne,  woj. ma\u0142opolskie\",\"publisher\":{\"@id\":\"https:\/\/splapszanka.lapszenizne.pl\/#organization\"},\"potentialAction\":[{\"@type\":\"SearchAction\",\"target\":{\"@type\":\"EntryPoint\",\"urlTemplate\":\"https:\/\/splapszanka.lapszenizne.pl\/?s={search_term_string}\"},\"query-input\":{\"@type\":\"PropertyValueSpecification\",\"valueRequired\":true,\"valueName\":\"search_term_string\"}}],\"inLanguage\":\"pl-PL\"},{\"@type\":\"Organization\",\"@id\":\"https:\/\/splapszanka.lapszenizne.pl\/#organization\",\"name\":\"Szko\u0142a Podstawowa w \u0141apszance\",\"url\":\"https:\/\/splapszanka.lapszenizne.pl\/\",\"logo\":{\"@type\":\"ImageObject\",\"inLanguage\":\"pl-PL\",\"@id\":\"https:\/\/splapszanka.lapszenizne.pl\/#\/schema\/logo\/image\/\",\"url\":\"https:\/\/splapszanka.lapszenizne.pl\/wp-content\/uploads\/2020\/03\/cropped-75328783_1588584124617847_5132413514161324032_o.jpg\",\"contentUrl\":\"https:\/\/splapszanka.lapszenizne.pl\/wp-content\/uploads\/2020\/03\/cropped-75328783_1588584124617847_5132413514161324032_o.jpg\",\"width\":1830,\"height\":1202,\"caption\":\"Szko\u0142a Podstawowa w \u0141apszance\"},\"image\":{\"@id\":\"https:\/\/splapszanka.lapszenizne.pl\/#\/schema\/logo\/image\/\"}},{\"@type\":\"Person\",\"@id\":\"https:\/\/splapszanka.lapszenizne.pl\/#\/schema\/person\/6404b0ec0d52038e5f96070aa759635d\",\"name\":\"Katarzyna Kuruc\",\"image\":{\"@type\":\"ImageObject\",\"inLanguage\":\"pl-PL\",\"@id\":\"https:\/\/splapszanka.lapszenizne.pl\/#\/schema\/person\/image\/\",\"url\":\"https:\/\/secure.gravatar.com\/avatar\/afa35e0fa7edad46d4a035bc61001fc64814cea0edb6dbf2d6b73ab958c7e122?s=96&d=mm&r=g\",\"contentUrl\":\"https:\/\/secure.gravatar.com\/avatar\/afa35e0fa7edad46d4a035bc61001fc64814cea0edb6dbf2d6b73ab958c7e122?s=96&d=mm&r=g\",\"caption\":\"Katarzyna Kuruc\"},\"sameAs\":[\"http:\/\/oldlapszanka.lapszenizne.pl\"],\"url\":\"https:\/\/splapszanka.lapszenizne.pl\/index.php\/author\/katarzyna-kuruc\/\"}]}<\/script>\n<!-- \/ Yoast SEO plugin. -->","yoast_head_json":{"title":"Wybory do Samorz\u0105du - Szko\u0142a Podstawowa w \u0141apszance","robots":{"index":"index","follow":"follow","max-snippet":"max-snippet:-1","max-image-preview":"max-image-preview:large","max-video-preview":"max-video-preview:-1"},"canonical":"https:\/\/splapszanka.lapszenizne.pl\/index.php\/2020\/10\/20\/wybory-do-samorzadu\/","og_locale":"pl_PL","og_type":"article","og_title":"Wybory do Samorz\u0105du - Szko\u0142a Podstawowa w \u0141apszance","og_description":"WYBORY DO SAMORZ\u0104DU SZKOLNEGO JU\u017b ZA NAMI\u2026 Chocia\u017c na \u015bwiecie szaleje pandemia, w naszej szkole &#8211; jak co roku &#8211; odby\u0142a si\u0119 pe\u0142na wra\u017ce\u0144 kampania wyborcza i wybory do Samorz\u0105du. Jednak wszystko odbywa\u0142o si\u0119 nieco inaczej, bo w re\u017cimie sanitarnym. Czytaj Dalej","og_url":"https:\/\/splapszanka.lapszenizne.pl\/index.php\/2020\/10\/20\/wybory-do-samorzadu\/","og_site_name":"Szko\u0142a Podstawowa w \u0141apszance","article_published_time":"2020-10-20T18:56:23+00:00","article_modified_time":"2020-10-20T19:00:34+00:00","og_image":[{"width":1511,"height":2015,"url":"https:\/\/splapszanka.lapszenizne.pl\/wp-content\/uploads\/2020\/10\/122171719_1931906063618983_5433051531780558070_o.jpg","type":"image\/jpeg"}],"author":"Katarzyna Kuruc","twitter_card":"summary_large_image","twitter_misc":{"Napisane przez":"Katarzyna Kuruc","Szacowany czas czytania":"2 minuty"},"schema":{"@context":"https:\/\/schema.org","@graph":[{"@type":"Article","@id":"https:\/\/splapszanka.lapszenizne.pl\/index.php\/2020\/10\/20\/wybory-do-samorzadu\/#article","isPartOf":{"@id":"https:\/\/splapszanka.lapszenizne.pl\/index.php\/2020\/10\/20\/wybory-do-samorzadu\/"},"author":{"name":"Katarzyna Kuruc","@id":"https:\/\/splapszanka.lapszenizne.pl\/#\/schema\/person\/6404b0ec0d52038e5f96070aa759635d"},"headline":"Wybory do Samorz\u0105du","datePublished":"2020-10-20T18:56:23+00:00","dateModified":"2020-10-20T19:00:34+00:00","mainEntityOfPage":{"@id":"https:\/\/splapszanka.lapszenizne.pl\/index.php\/2020\/10\/20\/wybory-do-samorzadu\/"},"wordCount":449,"publisher":{"@id":"https:\/\/splapszanka.lapszenizne.pl\/#organization"},"image":{"@id":"https:\/\/splapszanka.lapszenizne.pl\/index.php\/2020\/10\/20\/wybory-do-samorzadu\/#primaryimage"},"thumbnailUrl":"https:\/\/splapszanka.lapszenizne.pl\/wp-content\/uploads\/2020\/10\/122171719_1931906063618983_5433051531780558070_o.jpg","articleSection":["Aktualno\u015bci"],"inLanguage":"pl-PL"},{"@type":"WebPage","@id":"https:\/\/splapszanka.lapszenizne.pl\/index.php\/2020\/10\/20\/wybory-do-samorzadu\/","url":"https:\/\/splapszanka.lapszenizne.pl\/index.php\/2020\/10\/20\/wybory-do-samorzadu\/","name":"Wybory do Samorz\u0105du - Szko\u0142a Podstawowa w \u0141apszance","isPartOf":{"@id":"https:\/\/splapszanka.lapszenizne.pl\/#website"},"primaryImageOfPage":{"@id":"https:\/\/splapszanka.lapszenizne.pl\/index.php\/2020\/10\/20\/wybory-do-samorzadu\/#primaryimage"},"image":{"@id":"https:\/\/splapszanka.lapszenizne.pl\/index.php\/2020\/10\/20\/wybory-do-samorzadu\/#primaryimage"},"thumbnailUrl":"https:\/\/splapszanka.lapszenizne.pl\/wp-content\/uploads\/2020\/10\/122171719_1931906063618983_5433051531780558070_o.jpg","datePublished":"2020-10-20T18:56:23+00:00","dateModified":"2020-10-20T19:00:34+00:00","breadcrumb":{"@id":"https:\/\/splapszanka.lapszenizne.pl\/index.php\/2020\/10\/20\/wybory-do-samorzadu\/#breadcrumb"},"inLanguage":"pl-PL","potentialAction":[{"@type":"ReadAction","target":["https:\/\/splapszanka.lapszenizne.pl\/index.php\/2020\/10\/20\/wybory-do-samorzadu\/"]}]},{"@type":"ImageObject","inLanguage":"pl-PL","@id":"https:\/\/splapszanka.lapszenizne.pl\/index.php\/2020\/10\/20\/wybory-do-samorzadu\/#primaryimage","url":"https:\/\/splapszanka.lapszenizne.pl\/wp-content\/uploads\/2020\/10\/122171719_1931906063618983_5433051531780558070_o.jpg","contentUrl":"https:\/\/splapszanka.lapszenizne.pl\/wp-content\/uploads\/2020\/10\/122171719_1931906063618983_5433051531780558070_o.jpg","width":1511,"height":2015},{"@type":"BreadcrumbList","@id":"https:\/\/splapszanka.lapszenizne.pl\/index.php\/2020\/10\/20\/wybory-do-samorzadu\/#breadcrumb","itemListElement":[{"@type":"ListItem","position":1,"name":"Strona g\u0142\u00f3wna","item":"https:\/\/splapszanka.lapszenizne.pl\/"},{"@type":"ListItem","position":2,"name":"Wybory do Samorz\u0105du"}]},{"@type":"WebSite","@id":"https:\/\/splapszanka.lapszenizne.pl\/#website","url":"https:\/\/splapszanka.lapszenizne.pl\/","name":"Szko\u0142a Podstawowa w \u0141apszance","description":"\u0141apszanka ul. D\u0142uga 35,  34-442 \u0141apsze Ni\u017cne,  woj. ma\u0142opolskie","publisher":{"@id":"https:\/\/splapszanka.lapszenizne.pl\/#organization"},"potentialAction":[{"@type":"SearchAction","target":{"@type":"EntryPoint","urlTemplate":"https:\/\/splapszanka.lapszenizne.pl\/?s={search_term_string}"},"query-input":{"@type":"PropertyValueSpecification","valueRequired":true,"valueName":"search_term_string"}}],"inLanguage":"pl-PL"},{"@type":"Organization","@id":"https:\/\/splapszanka.lapszenizne.pl\/#organization","name":"Szko\u0142a Podstawowa w \u0141apszance","url":"https:\/\/splapszanka.lapszenizne.pl\/","logo":{"@type":"ImageObject","inLanguage":"pl-PL","@id":"https:\/\/splapszanka.lapszenizne.pl\/#\/schema\/logo\/image\/","url":"https:\/\/splapszanka.lapszenizne.pl\/wp-content\/uploads\/2020\/03\/cropped-75328783_1588584124617847_5132413514161324032_o.jpg","contentUrl":"https:\/\/splapszanka.lapszenizne.pl\/wp-content\/uploads\/2020\/03\/cropped-75328783_1588584124617847_5132413514161324032_o.jpg","width":1830,"height":1202,"caption":"Szko\u0142a Podstawowa w \u0141apszance"},"image":{"@id":"https:\/\/splapszanka.lapszenizne.pl\/#\/schema\/logo\/image\/"}},{"@type":"Person","@id":"https:\/\/splapszanka.lapszenizne.pl\/#\/schema\/person\/6404b0ec0d52038e5f96070aa759635d","name":"Katarzyna Kuruc","image":{"@type":"ImageObject","inLanguage":"pl-PL","@id":"https:\/\/splapszanka.lapszenizne.pl\/#\/schema\/person\/image\/","url":"https:\/\/secure.gravatar.com\/avatar\/afa35e0fa7edad46d4a035bc61001fc64814cea0edb6dbf2d6b73ab958c7e122?s=96&d=mm&r=g","contentUrl":"https:\/\/secure.gravatar.com\/avatar\/afa35e0fa7edad46d4a035bc61001fc64814cea0edb6dbf2d6b73ab958c7e122?s=96&d=mm&r=g","caption":"Katarzyna Kuruc"},"sameAs":["http:\/\/oldlapszanka.lapszenizne.pl"],"url":"https:\/\/splapszanka.lapszenizne.pl\/index.php\/author\/katarzyna-kuruc\/"}]}},"_links":{"self":[{"href":"https:\/\/splapszanka.lapszenizne.pl\/index.php\/wp-json\/wp\/v2\/posts\/814","targetHints":{"allow":["GET"]}}],"collection":[{"href":"https:\/\/splapszanka.lapszenizne.pl\/index.php\/wp-json\/wp\/v2\/posts"}],"about":[{"href":"https:\/\/splapszanka.lapszenizne.pl\/index.php\/wp-json\/wp\/v2\/types\/post"}],"author":[{"embeddable":true,"href":"https:\/\/splapszanka.lapszenizne.pl\/index.php\/wp-json\/wp\/v2\/users\/3"}],"replies":[{"embeddable":true,"href":"https:\/\/splapszanka.lapszenizne.pl\/index.php\/wp-json\/wp\/v2\/comments?post=814"}],"version-history":[{"count":2,"href":"https:\/\/splapszanka.lapszenizne.pl\/index.php\/wp-json\/wp\/v2\/posts\/814\/revisions"}],"predecessor-version":[{"id":823,"href":"https:\/\/splapszanka.lapszenizne.pl\/index.php\/wp-json\/wp\/v2\/posts\/814\/revisions\/823"}],"wp:featuredmedia":[{"embeddable":true,"href":"https:\/\/splapszanka.lapszenizne.pl\/index.php\/wp-json\/wp\/v2\/media\/820"}],"wp:attachment":[{"href":"https:\/\/splapszanka.lapszenizne.pl\/index.php\/wp-json\/wp\/v2\/media?parent=814"}],"wp:term":[{"taxonomy":"category","embeddable":true,"href":"https:\/\/splapszanka.lapszenizne.pl\/index.php\/wp-json\/wp\/v2\/categories?post=814"},{"taxonomy":"post_tag","embeddable":true,"href":"https:\/\/splapszanka.lapszenizne.pl\/index.php\/wp-json\/wp\/v2\/tags?post=814"}],"curies":[{"name":"wp","href":"https:\/\/api.w.org\/{rel}","templated":true}]}}