{"id":766,"date":"2020-08-29T11:56:31","date_gmt":"2020-08-29T09:56:31","guid":{"rendered":"https:\/\/splapszanka.lapszenizne.pl\/?p=766"},"modified":"2020-08-31T16:23:00","modified_gmt":"2020-08-31T14:23:00","slug":"komunikat-w-sprawie-organizacji-rozpoczecia-nowego-roku-szkolnego","status":"publish","type":"post","link":"https:\/\/splapszanka.lapszenizne.pl\/index.php\/2020\/08\/29\/komunikat-w-sprawie-organizacji-rozpoczecia-nowego-roku-szkolnego\/","title":{"rendered":"Komunikat w sprawie organizacji rozpocz\u0119cia nowego roku szkolnego"},"content":{"rendered":"<p><a href=\"https:\/\/splapszanka.lapszenizne.pl\/wp-content\/uploads\/2020\/08\/Komunikat-w-sprawie-organizacji-rozpocz\u0119cia-nowego-roku-szkolnego.pdf\">Komunikat w sprawie organizacji rozpocz\u0119cia nowego roku szkolnego<\/a><\/p>\n","protected":false},"excerpt":{"rendered":"<p>Komunikat w sprawie organizacji rozpocz\u0119cia nowego roku szkolnego<\/p>\n","protected":false},"author":3,"featured_media":0,"comment_status":"closed","ping_status":"open","sticky":false,"template":"","format":"standard","meta":{"footnotes":""},"categories":[1],"tags":[],"class_list":["post-766","post","type-post","status-publish","format-standard","hentry","category-aktualnosci"],"yoast_head":"<!-- This site is optimized with the Yoast SEO plugin v27.0 - https:\/\/yoast.com\/product\/yoast-seo-wordpress\/ -->\n<title>Komunikat w sprawie organizacji rozpocz\u0119cia nowego roku szkolnego - Szko\u0142a Podstawowa w \u0141apszance<\/title>\n<meta name=\"robots\" content=\"index, follow, max-snippet:-1, max-image-preview:large, max-video-preview:-1\" \/>\n<link rel=\"canonical\" href=\"https:\/\/splapszanka.lapszenizne.pl\/index.php\/2020\/08\/29\/komunikat-w-sprawie-organizacji-rozpoczecia-nowego-roku-szkolnego\/\" \/>\n<meta property=\"og:locale\" content=\"pl_PL\" \/>\n<meta property=\"og:type\" content=\"article\" \/>\n<meta property=\"og:title\" content=\"Komunikat w sprawie organizacji rozpocz\u0119cia nowego roku szkolnego - Szko\u0142a Podstawowa w \u0141apszance\" \/>\n<meta property=\"og:description\" content=\"Komunikat w sprawie organizacji rozpocz\u0119cia nowego roku szkolnego\" \/>\n<meta property=\"og:url\" content=\"https:\/\/splapszanka.lapszenizne.pl\/index.php\/2020\/08\/29\/komunikat-w-sprawie-organizacji-rozpoczecia-nowego-roku-szkolnego\/\" \/>\n<meta property=\"og:site_name\" content=\"Szko\u0142a Podstawowa w \u0141apszance\" \/>\n<meta property=\"article:published_time\" content=\"2020-08-29T09:56:31+00:00\" \/>\n<meta property=\"article:modified_time\" content=\"2020-08-31T14:23:00+00:00\" \/>\n<meta name=\"author\" content=\"Katarzyna Kuruc\" \/>\n<meta name=\"twitter:card\" content=\"summary_large_image\" \/>\n<meta name=\"twitter:label1\" content=\"Napisane przez\" \/>\n\t<meta name=\"twitter:data1\" content=\"Katarzyna Kuruc\" \/>\n<script type=\"application\/ld+json\" class=\"yoast-schema-graph\">{\"@context\":\"https:\/\/schema.org\",\"@graph\":[{\"@type\":\"Article\",\"@id\":\"https:\/\/splapszanka.lapszenizne.pl\/index.php\/2020\/08\/29\/komunikat-w-sprawie-organizacji-rozpoczecia-nowego-roku-szkolnego\/#article\",\"isPartOf\":{\"@id\":\"https:\/\/splapszanka.lapszenizne.pl\/index.php\/2020\/08\/29\/komunikat-w-sprawie-organizacji-rozpoczecia-nowego-roku-szkolnego\/\"},\"author\":{\"name\":\"Katarzyna Kuruc\",\"@id\":\"https:\/\/splapszanka.lapszenizne.pl\/#\/schema\/person\/6404b0ec0d52038e5f96070aa759635d\"},\"headline\":\"Komunikat w sprawie organizacji rozpocz\u0119cia nowego roku szkolnego\",\"datePublished\":\"2020-08-29T09:56:31+00:00\",\"dateModified\":\"2020-08-31T14:23:00+00:00\",\"mainEntityOfPage\":{\"@id\":\"https:\/\/splapszanka.lapszenizne.pl\/index.php\/2020\/08\/29\/komunikat-w-sprawie-organizacji-rozpoczecia-nowego-roku-szkolnego\/\"},\"wordCount\":18,\"publisher\":{\"@id\":\"https:\/\/splapszanka.lapszenizne.pl\/#organization\"},\"articleSection\":[\"Aktualno\u015bci\"],\"inLanguage\":\"pl-PL\"},{\"@type\":\"WebPage\",\"@id\":\"https:\/\/splapszanka.lapszenizne.pl\/index.php\/2020\/08\/29\/komunikat-w-sprawie-organizacji-rozpoczecia-nowego-roku-szkolnego\/\",\"url\":\"https:\/\/splapszanka.lapszenizne.pl\/index.php\/2020\/08\/29\/komunikat-w-sprawie-organizacji-rozpoczecia-nowego-roku-szkolnego\/\",\"name\":\"Komunikat w sprawie organizacji rozpocz\u0119cia nowego roku szkolnego - Szko\u0142a Podstawowa w \u0141apszance\",\"isPartOf\":{\"@id\":\"https:\/\/splapszanka.lapszenizne.pl\/#website\"},\"datePublished\":\"2020-08-29T09:56:31+00:00\",\"dateModified\":\"2020-08-31T14:23:00+00:00\",\"breadcrumb\":{\"@id\":\"https:\/\/splapszanka.lapszenizne.pl\/index.php\/2020\/08\/29\/komunikat-w-sprawie-organizacji-rozpoczecia-nowego-roku-szkolnego\/#breadcrumb\"},\"inLanguage\":\"pl-PL\",\"potentialAction\":[{\"@type\":\"ReadAction\",\"target\":[\"https:\/\/splapszanka.lapszenizne.pl\/index.php\/2020\/08\/29\/komunikat-w-sprawie-organizacji-rozpoczecia-nowego-roku-szkolnego\/\"]}]},{\"@type\":\"BreadcrumbList\",\"@id\":\"https:\/\/splapszanka.lapszenizne.pl\/index.php\/2020\/08\/29\/komunikat-w-sprawie-organizacji-rozpoczecia-nowego-roku-szkolnego\/#breadcrumb\",\"itemListElement\":[{\"@type\":\"ListItem\",\"position\":1,\"name\":\"Strona g\u0142\u00f3wna\",\"item\":\"https:\/\/splapszanka.lapszenizne.pl\/\"},{\"@type\":\"ListItem\",\"position\":2,\"name\":\"Komunikat w sprawie organizacji rozpocz\u0119cia nowego roku szkolnego\"}]},{\"@type\":\"WebSite\",\"@id\":\"https:\/\/splapszanka.lapszenizne.pl\/#website\",\"url\":\"https:\/\/splapszanka.lapszenizne.pl\/\",\"name\":\"Szko\u0142a Podstawowa w \u0141apszance\",\"description\":\"\u0141apszanka ul. D\u0142uga 35,  34-442 \u0141apsze Ni\u017cne,  woj. ma\u0142opolskie\",\"publisher\":{\"@id\":\"https:\/\/splapszanka.lapszenizne.pl\/#organization\"},\"potentialAction\":[{\"@type\":\"SearchAction\",\"target\":{\"@type\":\"EntryPoint\",\"urlTemplate\":\"https:\/\/splapszanka.lapszenizne.pl\/?s={search_term_string}\"},\"query-input\":{\"@type\":\"PropertyValueSpecification\",\"valueRequired\":true,\"valueName\":\"search_term_string\"}}],\"inLanguage\":\"pl-PL\"},{\"@type\":\"Organization\",\"@id\":\"https:\/\/splapszanka.lapszenizne.pl\/#organization\",\"name\":\"Szko\u0142a Podstawowa w \u0141apszance\",\"url\":\"https:\/\/splapszanka.lapszenizne.pl\/\",\"logo\":{\"@type\":\"ImageObject\",\"inLanguage\":\"pl-PL\",\"@id\":\"https:\/\/splapszanka.lapszenizne.pl\/#\/schema\/logo\/image\/\",\"url\":\"https:\/\/splapszanka.lapszenizne.pl\/wp-content\/uploads\/2020\/03\/cropped-75328783_1588584124617847_5132413514161324032_o.jpg\",\"contentUrl\":\"https:\/\/splapszanka.lapszenizne.pl\/wp-content\/uploads\/2020\/03\/cropped-75328783_1588584124617847_5132413514161324032_o.jpg\",\"width\":1830,\"height\":1202,\"caption\":\"Szko\u0142a Podstawowa w \u0141apszance\"},\"image\":{\"@id\":\"https:\/\/splapszanka.lapszenizne.pl\/#\/schema\/logo\/image\/\"}},{\"@type\":\"Person\",\"@id\":\"https:\/\/splapszanka.lapszenizne.pl\/#\/schema\/person\/6404b0ec0d52038e5f96070aa759635d\",\"name\":\"Katarzyna Kuruc\",\"image\":{\"@type\":\"ImageObject\",\"inLanguage\":\"pl-PL\",\"@id\":\"https:\/\/splapszanka.lapszenizne.pl\/#\/schema\/person\/image\/\",\"url\":\"https:\/\/secure.gravatar.com\/avatar\/afa35e0fa7edad46d4a035bc61001fc64814cea0edb6dbf2d6b73ab958c7e122?s=96&d=mm&r=g\",\"contentUrl\":\"https:\/\/secure.gravatar.com\/avatar\/afa35e0fa7edad46d4a035bc61001fc64814cea0edb6dbf2d6b73ab958c7e122?s=96&d=mm&r=g\",\"caption\":\"Katarzyna Kuruc\"},\"sameAs\":[\"http:\/\/oldlapszanka.lapszenizne.pl\"],\"url\":\"https:\/\/splapszanka.lapszenizne.pl\/index.php\/author\/katarzyna-kuruc\/\"}]}<\/script>\n<!-- \/ Yoast SEO plugin. -->","yoast_head_json":{"title":"Komunikat w sprawie organizacji rozpocz\u0119cia nowego roku szkolnego - Szko\u0142a Podstawowa w \u0141apszance","robots":{"index":"index","follow":"follow","max-snippet":"max-snippet:-1","max-image-preview":"max-image-preview:large","max-video-preview":"max-video-preview:-1"},"canonical":"https:\/\/splapszanka.lapszenizne.pl\/index.php\/2020\/08\/29\/komunikat-w-sprawie-organizacji-rozpoczecia-nowego-roku-szkolnego\/","og_locale":"pl_PL","og_type":"article","og_title":"Komunikat w sprawie organizacji rozpocz\u0119cia nowego roku szkolnego - Szko\u0142a Podstawowa w \u0141apszance","og_description":"Komunikat w sprawie organizacji rozpocz\u0119cia nowego roku szkolnego","og_url":"https:\/\/splapszanka.lapszenizne.pl\/index.php\/2020\/08\/29\/komunikat-w-sprawie-organizacji-rozpoczecia-nowego-roku-szkolnego\/","og_site_name":"Szko\u0142a Podstawowa w \u0141apszance","article_published_time":"2020-08-29T09:56:31+00:00","article_modified_time":"2020-08-31T14:23:00+00:00","author":"Katarzyna Kuruc","twitter_card":"summary_large_image","twitter_misc":{"Napisane przez":"Katarzyna Kuruc"},"schema":{"@context":"https:\/\/schema.org","@graph":[{"@type":"Article","@id":"https:\/\/splapszanka.lapszenizne.pl\/index.php\/2020\/08\/29\/komunikat-w-sprawie-organizacji-rozpoczecia-nowego-roku-szkolnego\/#article","isPartOf":{"@id":"https:\/\/splapszanka.lapszenizne.pl\/index.php\/2020\/08\/29\/komunikat-w-sprawie-organizacji-rozpoczecia-nowego-roku-szkolnego\/"},"author":{"name":"Katarzyna Kuruc","@id":"https:\/\/splapszanka.lapszenizne.pl\/#\/schema\/person\/6404b0ec0d52038e5f96070aa759635d"},"headline":"Komunikat w sprawie organizacji rozpocz\u0119cia nowego roku szkolnego","datePublished":"2020-08-29T09:56:31+00:00","dateModified":"2020-08-31T14:23:00+00:00","mainEntityOfPage":{"@id":"https:\/\/splapszanka.lapszenizne.pl\/index.php\/2020\/08\/29\/komunikat-w-sprawie-organizacji-rozpoczecia-nowego-roku-szkolnego\/"},"wordCount":18,"publisher":{"@id":"https:\/\/splapszanka.lapszenizne.pl\/#organization"},"articleSection":["Aktualno\u015bci"],"inLanguage":"pl-PL"},{"@type":"WebPage","@id":"https:\/\/splapszanka.lapszenizne.pl\/index.php\/2020\/08\/29\/komunikat-w-sprawie-organizacji-rozpoczecia-nowego-roku-szkolnego\/","url":"https:\/\/splapszanka.lapszenizne.pl\/index.php\/2020\/08\/29\/komunikat-w-sprawie-organizacji-rozpoczecia-nowego-roku-szkolnego\/","name":"Komunikat w sprawie organizacji rozpocz\u0119cia nowego roku szkolnego - Szko\u0142a Podstawowa w \u0141apszance","isPartOf":{"@id":"https:\/\/splapszanka.lapszenizne.pl\/#website"},"datePublished":"2020-08-29T09:56:31+00:00","dateModified":"2020-08-31T14:23:00+00:00","breadcrumb":{"@id":"https:\/\/splapszanka.lapszenizne.pl\/index.php\/2020\/08\/29\/komunikat-w-sprawie-organizacji-rozpoczecia-nowego-roku-szkolnego\/#breadcrumb"},"inLanguage":"pl-PL","potentialAction":[{"@type":"ReadAction","target":["https:\/\/splapszanka.lapszenizne.pl\/index.php\/2020\/08\/29\/komunikat-w-sprawie-organizacji-rozpoczecia-nowego-roku-szkolnego\/"]}]},{"@type":"BreadcrumbList","@id":"https:\/\/splapszanka.lapszenizne.pl\/index.php\/2020\/08\/29\/komunikat-w-sprawie-organizacji-rozpoczecia-nowego-roku-szkolnego\/#breadcrumb","itemListElement":[{"@type":"ListItem","position":1,"name":"Strona g\u0142\u00f3wna","item":"https:\/\/splapszanka.lapszenizne.pl\/"},{"@type":"ListItem","position":2,"name":"Komunikat w sprawie organizacji rozpocz\u0119cia nowego roku szkolnego"}]},{"@type":"WebSite","@id":"https:\/\/splapszanka.lapszenizne.pl\/#website","url":"https:\/\/splapszanka.lapszenizne.pl\/","name":"Szko\u0142a Podstawowa w \u0141apszance","description":"\u0141apszanka ul. D\u0142uga 35,  34-442 \u0141apsze Ni\u017cne,  woj. ma\u0142opolskie","publisher":{"@id":"https:\/\/splapszanka.lapszenizne.pl\/#organization"},"potentialAction":[{"@type":"SearchAction","target":{"@type":"EntryPoint","urlTemplate":"https:\/\/splapszanka.lapszenizne.pl\/?s={search_term_string}"},"query-input":{"@type":"PropertyValueSpecification","valueRequired":true,"valueName":"search_term_string"}}],"inLanguage":"pl-PL"},{"@type":"Organization","@id":"https:\/\/splapszanka.lapszenizne.pl\/#organization","name":"Szko\u0142a Podstawowa w \u0141apszance","url":"https:\/\/splapszanka.lapszenizne.pl\/","logo":{"@type":"ImageObject","inLanguage":"pl-PL","@id":"https:\/\/splapszanka.lapszenizne.pl\/#\/schema\/logo\/image\/","url":"https:\/\/splapszanka.lapszenizne.pl\/wp-content\/uploads\/2020\/03\/cropped-75328783_1588584124617847_5132413514161324032_o.jpg","contentUrl":"https:\/\/splapszanka.lapszenizne.pl\/wp-content\/uploads\/2020\/03\/cropped-75328783_1588584124617847_5132413514161324032_o.jpg","width":1830,"height":1202,"caption":"Szko\u0142a Podstawowa w \u0141apszance"},"image":{"@id":"https:\/\/splapszanka.lapszenizne.pl\/#\/schema\/logo\/image\/"}},{"@type":"Person","@id":"https:\/\/splapszanka.lapszenizne.pl\/#\/schema\/person\/6404b0ec0d52038e5f96070aa759635d","name":"Katarzyna Kuruc","image":{"@type":"ImageObject","inLanguage":"pl-PL","@id":"https:\/\/splapszanka.lapszenizne.pl\/#\/schema\/person\/image\/","url":"https:\/\/secure.gravatar.com\/avatar\/afa35e0fa7edad46d4a035bc61001fc64814cea0edb6dbf2d6b73ab958c7e122?s=96&d=mm&r=g","contentUrl":"https:\/\/secure.gravatar.com\/avatar\/afa35e0fa7edad46d4a035bc61001fc64814cea0edb6dbf2d6b73ab958c7e122?s=96&d=mm&r=g","caption":"Katarzyna Kuruc"},"sameAs":["http:\/\/oldlapszanka.lapszenizne.pl"],"url":"https:\/\/splapszanka.lapszenizne.pl\/index.php\/author\/katarzyna-kuruc\/"}]}},"_links":{"self":[{"href":"https:\/\/splapszanka.lapszenizne.pl\/index.php\/wp-json\/wp\/v2\/posts\/766","targetHints":{"allow":["GET"]}}],"collection":[{"href":"https:\/\/splapszanka.lapszenizne.pl\/index.php\/wp-json\/wp\/v2\/posts"}],"about":[{"href":"https:\/\/splapszanka.lapszenizne.pl\/index.php\/wp-json\/wp\/v2\/types\/post"}],"author":[{"embeddable":true,"href":"https:\/\/splapszanka.lapszenizne.pl\/index.php\/wp-json\/wp\/v2\/users\/3"}],"replies":[{"embeddable":true,"href":"https:\/\/splapszanka.lapszenizne.pl\/index.php\/wp-json\/wp\/v2\/comments?post=766"}],"version-history":[{"count":7,"href":"https:\/\/splapszanka.lapszenizne.pl\/index.php\/wp-json\/wp\/v2\/posts\/766\/revisions"}],"predecessor-version":[{"id":776,"href":"https:\/\/splapszanka.lapszenizne.pl\/index.php\/wp-json\/wp\/v2\/posts\/766\/revisions\/776"}],"wp:attachment":[{"href":"https:\/\/splapszanka.lapszenizne.pl\/index.php\/wp-json\/wp\/v2\/media?parent=766"}],"wp:term":[{"taxonomy":"category","embeddable":true,"href":"https:\/\/splapszanka.lapszenizne.pl\/index.php\/wp-json\/wp\/v2\/categories?post=766"},{"taxonomy":"post_tag","embeddable":true,"href":"https:\/\/splapszanka.lapszenizne.pl\/index.php\/wp-json\/wp\/v2\/tags?post=766"}],"curies":[{"name":"wp","href":"https:\/\/api.w.org\/{rel}","templated":true}]}}