{"id":685,"date":"2020-03-11T19:06:40","date_gmt":"2020-03-11T18:06:40","guid":{"rendered":"https:\/\/splapszanka.lapszenizne.pl\/?p=685"},"modified":"2020-03-12T10:15:09","modified_gmt":"2020-03-12T09:15:09","slug":"pilna-informacja","status":"publish","type":"post","link":"https:\/\/splapszanka.lapszenizne.pl\/index.php\/2020\/03\/11\/pilna-informacja\/","title":{"rendered":"PILNA INFORMACJA"},"content":{"rendered":"<p><strong>Od 12 do 25 marca br.<\/strong> funkcjonowanie jednostek systemu o\u015bwiaty zostaje czasowo ograniczone. Oznacza to, \u017ce w tym okresie przedszkola, szko\u0142y i plac\u00f3wki o\u015bwiatowe zar\u00f3wno publiczne, jak i niepubliczne nie b\u0119d\u0105 prowadzi\u0142y zaj\u0119\u0107 dydaktyczno-wychowawczych. To decyzja Ministra Edukacji Narodowej wynikaj\u0105ca z konieczno\u015bci zapobiegania rozprzestrzenianiu si\u0119 koronawirusa.<\/p>\n<p><strong>Rodzicu, <\/strong><\/p>\n<ul>\n<li>ze wzgl\u0119du na bezpiecze\u0144stwo zdrowotne Twoje i Twojego dziecka, zaj\u0119cia zostan\u0105 zawieszone od 12 marca br.\u00a0 W przedszkolach i szko\u0142ach podstawowych 12 i 13 marca br. b\u0119d\u0105 jeszcze prowadzone dzia\u0142ania opieku\u0144cze;<\/li>\n<li>zach\u0119caj dziecko do samodzielnej nauki w czasie gdy nie b\u0119dzie lekcji w szkole. Ministerstwo Edukacji Narodowej na platformie epodr\u0119czniki.pl. udost\u0119pnia szereg materia\u0142\u00f3w edukacyjnych, kt\u00f3re pozwalaj\u0105 uzupe\u0142ni\u0107, ugruntowa\u0107 i poszerzy\u0107 wiedz\u0119. Dost\u0119p do tych zasob\u00f3w jest bezp\u0142atny;<\/li>\n<li>je\u015bli masz dziecko w wieku do 8 lat, przys\u0142uguje Ci zasi\u0142ek opieku\u0144czy do 14 dni. Szczeg\u00f3\u0142owe informacje znajdziesz na stronie internetowej ZUS;<\/li>\n<li>przeka\u017c osobom, kt\u00f3re b\u0119d\u0105 opiekowa\u0107 si\u0119 Twoim dzieckiem, podstawowe informacje dotycz\u0105ce bezpiecze\u0144stwa i higieny;<\/li>\n<li>rygorystycznie przestrzegaj w domu zasad higieny i czysto\u015bci pomieszcze\u0144, w kt\u00f3rych przebywasz;<\/li>\n<li>\u015bled\u017a na bie\u017c\u0105co komunikaty GIS, MZ i MEN o sytuacji epidemiologicznej w kraju oraz informacje przesy\u0142ane \u00a0\u00a0 przez dyrektora szko\u0142y.<\/li>\n<\/ul>\n<p><strong>Uczniu, <\/strong><\/p>\n<ul>\n<li>pami\u0119taj o swoim bezpiecze\u0144stwie w domu. Unikaj miejsc, gdzie s\u0105 du\u017ce skupiska ludzi (np. komunikacja publiczna, kino, teatr, centra handlowe);<\/li>\n<li>przerwa w funkcjonowaniu Twojej szko\u0142y nie powinna oznacza\u0107 dni wolnych od nauki;<\/li>\n<li>odpowiedzialnie wykorzystaj czas zawieszenia zaj\u0119\u0107 w Twojej szkole. Przeczytaj ulubion\u0105 ksi\u0105\u017ck\u0119, spr\u00f3buj uzupe\u0142ni\u0107 swoje wiadomo\u015bci lub rozwijaj kompetencje. Skorzystaj przy tym \u00a0\u00a0\u00a0\u00a0\u00a0\u00a0\u00a0\u00a0\u00a0\u00a0\u00a0\u00a0\u00a0\u00a0\u00a0\u00a0\u00a0\u00a0\u00a0\u00a0\u00a0\u00a0\u00a0z darmowej platformy epodreczniki.pl i materia\u0142\u00f3w rekomendowanych przez Twojego nauczyciela;<\/li>\n<li>przestrzegaj w domu zasad higieny i czysto\u015bci pomieszcze\u0144, w kt\u00f3rych przebywasz.<\/li>\n<\/ul>\n<p><strong>Jak si\u0119 zabezpieczy\u0107 przed koronawirusem?<\/strong><\/p>\n<ul>\n<li>Cz\u0119sto myj r\u0119ce przy u\u017cyciu myd\u0142a i wody.<\/li>\n<li>Przy kas\u0142aniu i kichaniu zakrywaj usta i nos. Zachowaj\u00a0 co najmniej metr odleg\u0142o\u015bci od os\u00f3b, kt\u00f3re kaszl\u0105 i kichaj\u0105.<\/li>\n<\/ul>\n<p>Departament Informacji i Promocji<br \/>\nMinisterstwo Edukacji Narodowe<\/p>\n<p>Szczeg\u00f3\u0142y na stronie<strong>\u00a0<\/strong><a href=\"https:\/\/www.gov.pl\/web\/edukacja\/zawieszenie-zajec-w-szkolach\">https:\/\/www.gov.pl\/web\/edukacja\/zawieszenie-zajec-w-szkolach<\/a><\/p>\n<p>&nbsp;<\/p>\n","protected":false},"excerpt":{"rendered":"<p>Od 12 do 25 marca br. funkcjonowanie jednostek systemu o\u015bwiaty zostaje czasowo ograniczone. Oznacza to, \u017ce w tym okresie przedszkola, szko\u0142y i plac\u00f3wki o\u015bwiatowe zar\u00f3wno publiczne, jak i niepubliczne nie b\u0119d\u0105 prowadzi\u0142y zaj\u0119\u0107 dydaktyczno-wychowawczych. To decyzja Ministra Edukacji Narodowej wynikaj\u0105ca <a href=\"https:\/\/splapszanka.lapszenizne.pl\/index.php\/2020\/03\/11\/pilna-informacja\/\" class=\"read-more\">Czytaj Dalej<\/a><\/p>\n","protected":false},"author":2,"featured_media":686,"comment_status":"closed","ping_status":"open","sticky":false,"template":"","format":"standard","meta":{"footnotes":""},"categories":[1],"tags":[],"class_list":["post-685","post","type-post","status-publish","format-standard","has-post-thumbnail","hentry","category-aktualnosci"],"yoast_head":"<!-- This site is optimized with the Yoast SEO plugin v27.0 - https:\/\/yoast.com\/product\/yoast-seo-wordpress\/ -->\n<title>PILNA INFORMACJA - Szko\u0142a Podstawowa w \u0141apszance<\/title>\n<meta name=\"robots\" content=\"index, follow, max-snippet:-1, max-image-preview:large, max-video-preview:-1\" \/>\n<link rel=\"canonical\" href=\"https:\/\/splapszanka.lapszenizne.pl\/index.php\/2020\/03\/11\/pilna-informacja\/\" \/>\n<meta property=\"og:locale\" content=\"pl_PL\" \/>\n<meta property=\"og:type\" content=\"article\" \/>\n<meta property=\"og:title\" content=\"PILNA INFORMACJA - Szko\u0142a Podstawowa w \u0141apszance\" \/>\n<meta property=\"og:description\" content=\"Od 12 do 25 marca br. funkcjonowanie jednostek systemu o\u015bwiaty zostaje czasowo ograniczone. Oznacza to, \u017ce w tym okresie przedszkola, szko\u0142y i plac\u00f3wki o\u015bwiatowe zar\u00f3wno publiczne, jak i niepubliczne nie b\u0119d\u0105 prowadzi\u0142y zaj\u0119\u0107 dydaktyczno-wychowawczych. To decyzja Ministra Edukacji Narodowej wynikaj\u0105ca Czytaj Dalej\" \/>\n<meta property=\"og:url\" content=\"https:\/\/splapszanka.lapszenizne.pl\/index.php\/2020\/03\/11\/pilna-informacja\/\" \/>\n<meta property=\"og:site_name\" content=\"Szko\u0142a Podstawowa w \u0141apszance\" \/>\n<meta property=\"article:published_time\" content=\"2020-03-11T18:06:40+00:00\" \/>\n<meta property=\"article:modified_time\" content=\"2020-03-12T09:15:09+00:00\" \/>\n<meta property=\"og:image\" content=\"https:\/\/splapszanka.lapszenizne.pl\/wp-content\/uploads\/2020\/03\/korona.png\" \/>\n\t<meta property=\"og:image:width\" content=\"697\" \/>\n\t<meta property=\"og:image:height\" content=\"307\" \/>\n\t<meta property=\"og:image:type\" content=\"image\/png\" \/>\n<meta name=\"author\" content=\"Ma\u0142gorzata Kami\u0144ska\" \/>\n<meta name=\"twitter:card\" content=\"summary_large_image\" \/>\n<meta name=\"twitter:label1\" content=\"Napisane przez\" \/>\n\t<meta name=\"twitter:data1\" content=\"Ma\u0142gorzata Kami\u0144ska\" \/>\n\t<meta name=\"twitter:label2\" content=\"Szacowany czas czytania\" \/>\n\t<meta name=\"twitter:data2\" content=\"2 minuty\" \/>\n<script type=\"application\/ld+json\" class=\"yoast-schema-graph\">{\"@context\":\"https:\/\/schema.org\",\"@graph\":[{\"@type\":\"Article\",\"@id\":\"https:\/\/splapszanka.lapszenizne.pl\/index.php\/2020\/03\/11\/pilna-informacja\/#article\",\"isPartOf\":{\"@id\":\"https:\/\/splapszanka.lapszenizne.pl\/index.php\/2020\/03\/11\/pilna-informacja\/\"},\"author\":{\"name\":\"Ma\u0142gorzata Kami\u0144ska\",\"@id\":\"https:\/\/splapszanka.lapszenizne.pl\/#\/schema\/person\/7966120f2db6326caa37187324bc225e\"},\"headline\":\"PILNA INFORMACJA\",\"datePublished\":\"2020-03-11T18:06:40+00:00\",\"dateModified\":\"2020-03-12T09:15:09+00:00\",\"mainEntityOfPage\":{\"@id\":\"https:\/\/splapszanka.lapszenizne.pl\/index.php\/2020\/03\/11\/pilna-informacja\/\"},\"wordCount\":364,\"publisher\":{\"@id\":\"https:\/\/splapszanka.lapszenizne.pl\/#organization\"},\"image\":{\"@id\":\"https:\/\/splapszanka.lapszenizne.pl\/index.php\/2020\/03\/11\/pilna-informacja\/#primaryimage\"},\"thumbnailUrl\":\"https:\/\/splapszanka.lapszenizne.pl\/wp-content\/uploads\/2020\/03\/korona.png\",\"articleSection\":[\"Aktualno\u015bci\"],\"inLanguage\":\"pl-PL\"},{\"@type\":\"WebPage\",\"@id\":\"https:\/\/splapszanka.lapszenizne.pl\/index.php\/2020\/03\/11\/pilna-informacja\/\",\"url\":\"https:\/\/splapszanka.lapszenizne.pl\/index.php\/2020\/03\/11\/pilna-informacja\/\",\"name\":\"PILNA INFORMACJA - Szko\u0142a Podstawowa w \u0141apszance\",\"isPartOf\":{\"@id\":\"https:\/\/splapszanka.lapszenizne.pl\/#website\"},\"primaryImageOfPage\":{\"@id\":\"https:\/\/splapszanka.lapszenizne.pl\/index.php\/2020\/03\/11\/pilna-informacja\/#primaryimage\"},\"image\":{\"@id\":\"https:\/\/splapszanka.lapszenizne.pl\/index.php\/2020\/03\/11\/pilna-informacja\/#primaryimage\"},\"thumbnailUrl\":\"https:\/\/splapszanka.lapszenizne.pl\/wp-content\/uploads\/2020\/03\/korona.png\",\"datePublished\":\"2020-03-11T18:06:40+00:00\",\"dateModified\":\"2020-03-12T09:15:09+00:00\",\"breadcrumb\":{\"@id\":\"https:\/\/splapszanka.lapszenizne.pl\/index.php\/2020\/03\/11\/pilna-informacja\/#breadcrumb\"},\"inLanguage\":\"pl-PL\",\"potentialAction\":[{\"@type\":\"ReadAction\",\"target\":[\"https:\/\/splapszanka.lapszenizne.pl\/index.php\/2020\/03\/11\/pilna-informacja\/\"]}]},{\"@type\":\"ImageObject\",\"inLanguage\":\"pl-PL\",\"@id\":\"https:\/\/splapszanka.lapszenizne.pl\/index.php\/2020\/03\/11\/pilna-informacja\/#primaryimage\",\"url\":\"https:\/\/splapszanka.lapszenizne.pl\/wp-content\/uploads\/2020\/03\/korona.png\",\"contentUrl\":\"https:\/\/splapszanka.lapszenizne.pl\/wp-content\/uploads\/2020\/03\/korona.png\",\"width\":697,\"height\":307},{\"@type\":\"BreadcrumbList\",\"@id\":\"https:\/\/splapszanka.lapszenizne.pl\/index.php\/2020\/03\/11\/pilna-informacja\/#breadcrumb\",\"itemListElement\":[{\"@type\":\"ListItem\",\"position\":1,\"name\":\"Strona g\u0142\u00f3wna\",\"item\":\"https:\/\/splapszanka.lapszenizne.pl\/\"},{\"@type\":\"ListItem\",\"position\":2,\"name\":\"PILNA INFORMACJA\"}]},{\"@type\":\"WebSite\",\"@id\":\"https:\/\/splapszanka.lapszenizne.pl\/#website\",\"url\":\"https:\/\/splapszanka.lapszenizne.pl\/\",\"name\":\"Szko\u0142a Podstawowa w \u0141apszance\",\"description\":\"\u0141apszanka ul. D\u0142uga 35,  34-442 \u0141apsze Ni\u017cne,  woj. ma\u0142opolskie\",\"publisher\":{\"@id\":\"https:\/\/splapszanka.lapszenizne.pl\/#organization\"},\"potentialAction\":[{\"@type\":\"SearchAction\",\"target\":{\"@type\":\"EntryPoint\",\"urlTemplate\":\"https:\/\/splapszanka.lapszenizne.pl\/?s={search_term_string}\"},\"query-input\":{\"@type\":\"PropertyValueSpecification\",\"valueRequired\":true,\"valueName\":\"search_term_string\"}}],\"inLanguage\":\"pl-PL\"},{\"@type\":\"Organization\",\"@id\":\"https:\/\/splapszanka.lapszenizne.pl\/#organization\",\"name\":\"Szko\u0142a Podstawowa w \u0141apszance\",\"url\":\"https:\/\/splapszanka.lapszenizne.pl\/\",\"logo\":{\"@type\":\"ImageObject\",\"inLanguage\":\"pl-PL\",\"@id\":\"https:\/\/splapszanka.lapszenizne.pl\/#\/schema\/logo\/image\/\",\"url\":\"https:\/\/splapszanka.lapszenizne.pl\/wp-content\/uploads\/2020\/03\/cropped-75328783_1588584124617847_5132413514161324032_o.jpg\",\"contentUrl\":\"https:\/\/splapszanka.lapszenizne.pl\/wp-content\/uploads\/2020\/03\/cropped-75328783_1588584124617847_5132413514161324032_o.jpg\",\"width\":1830,\"height\":1202,\"caption\":\"Szko\u0142a Podstawowa w \u0141apszance\"},\"image\":{\"@id\":\"https:\/\/splapszanka.lapszenizne.pl\/#\/schema\/logo\/image\/\"}},{\"@type\":\"Person\",\"@id\":\"https:\/\/splapszanka.lapszenizne.pl\/#\/schema\/person\/7966120f2db6326caa37187324bc225e\",\"name\":\"Ma\u0142gorzata Kami\u0144ska\",\"image\":{\"@type\":\"ImageObject\",\"inLanguage\":\"pl-PL\",\"@id\":\"https:\/\/splapszanka.lapszenizne.pl\/#\/schema\/person\/image\/\",\"url\":\"https:\/\/secure.gravatar.com\/avatar\/7b25bd82d8287490c4c46d998eb38a88d0aa38fdf79ec1329f845d553d730d06?s=96&d=mm&r=g\",\"contentUrl\":\"https:\/\/secure.gravatar.com\/avatar\/7b25bd82d8287490c4c46d998eb38a88d0aa38fdf79ec1329f845d553d730d06?s=96&d=mm&r=g\",\"caption\":\"Ma\u0142gorzata Kami\u0144ska\"},\"url\":\"https:\/\/splapszanka.lapszenizne.pl\/index.php\/author\/gosia\/\"}]}<\/script>\n<!-- \/ Yoast SEO plugin. -->","yoast_head_json":{"title":"PILNA INFORMACJA - Szko\u0142a Podstawowa w \u0141apszance","robots":{"index":"index","follow":"follow","max-snippet":"max-snippet:-1","max-image-preview":"max-image-preview:large","max-video-preview":"max-video-preview:-1"},"canonical":"https:\/\/splapszanka.lapszenizne.pl\/index.php\/2020\/03\/11\/pilna-informacja\/","og_locale":"pl_PL","og_type":"article","og_title":"PILNA INFORMACJA - Szko\u0142a Podstawowa w \u0141apszance","og_description":"Od 12 do 25 marca br. funkcjonowanie jednostek systemu o\u015bwiaty zostaje czasowo ograniczone. Oznacza to, \u017ce w tym okresie przedszkola, szko\u0142y i plac\u00f3wki o\u015bwiatowe zar\u00f3wno publiczne, jak i niepubliczne nie b\u0119d\u0105 prowadzi\u0142y zaj\u0119\u0107 dydaktyczno-wychowawczych. To decyzja Ministra Edukacji Narodowej wynikaj\u0105ca Czytaj Dalej","og_url":"https:\/\/splapszanka.lapszenizne.pl\/index.php\/2020\/03\/11\/pilna-informacja\/","og_site_name":"Szko\u0142a Podstawowa w \u0141apszance","article_published_time":"2020-03-11T18:06:40+00:00","article_modified_time":"2020-03-12T09:15:09+00:00","og_image":[{"width":697,"height":307,"url":"https:\/\/splapszanka.lapszenizne.pl\/wp-content\/uploads\/2020\/03\/korona.png","type":"image\/png"}],"author":"Ma\u0142gorzata Kami\u0144ska","twitter_card":"summary_large_image","twitter_misc":{"Napisane przez":"Ma\u0142gorzata Kami\u0144ska","Szacowany czas czytania":"2 minuty"},"schema":{"@context":"https:\/\/schema.org","@graph":[{"@type":"Article","@id":"https:\/\/splapszanka.lapszenizne.pl\/index.php\/2020\/03\/11\/pilna-informacja\/#article","isPartOf":{"@id":"https:\/\/splapszanka.lapszenizne.pl\/index.php\/2020\/03\/11\/pilna-informacja\/"},"author":{"name":"Ma\u0142gorzata Kami\u0144ska","@id":"https:\/\/splapszanka.lapszenizne.pl\/#\/schema\/person\/7966120f2db6326caa37187324bc225e"},"headline":"PILNA INFORMACJA","datePublished":"2020-03-11T18:06:40+00:00","dateModified":"2020-03-12T09:15:09+00:00","mainEntityOfPage":{"@id":"https:\/\/splapszanka.lapszenizne.pl\/index.php\/2020\/03\/11\/pilna-informacja\/"},"wordCount":364,"publisher":{"@id":"https:\/\/splapszanka.lapszenizne.pl\/#organization"},"image":{"@id":"https:\/\/splapszanka.lapszenizne.pl\/index.php\/2020\/03\/11\/pilna-informacja\/#primaryimage"},"thumbnailUrl":"https:\/\/splapszanka.lapszenizne.pl\/wp-content\/uploads\/2020\/03\/korona.png","articleSection":["Aktualno\u015bci"],"inLanguage":"pl-PL"},{"@type":"WebPage","@id":"https:\/\/splapszanka.lapszenizne.pl\/index.php\/2020\/03\/11\/pilna-informacja\/","url":"https:\/\/splapszanka.lapszenizne.pl\/index.php\/2020\/03\/11\/pilna-informacja\/","name":"PILNA INFORMACJA - Szko\u0142a Podstawowa w \u0141apszance","isPartOf":{"@id":"https:\/\/splapszanka.lapszenizne.pl\/#website"},"primaryImageOfPage":{"@id":"https:\/\/splapszanka.lapszenizne.pl\/index.php\/2020\/03\/11\/pilna-informacja\/#primaryimage"},"image":{"@id":"https:\/\/splapszanka.lapszenizne.pl\/index.php\/2020\/03\/11\/pilna-informacja\/#primaryimage"},"thumbnailUrl":"https:\/\/splapszanka.lapszenizne.pl\/wp-content\/uploads\/2020\/03\/korona.png","datePublished":"2020-03-11T18:06:40+00:00","dateModified":"2020-03-12T09:15:09+00:00","breadcrumb":{"@id":"https:\/\/splapszanka.lapszenizne.pl\/index.php\/2020\/03\/11\/pilna-informacja\/#breadcrumb"},"inLanguage":"pl-PL","potentialAction":[{"@type":"ReadAction","target":["https:\/\/splapszanka.lapszenizne.pl\/index.php\/2020\/03\/11\/pilna-informacja\/"]}]},{"@type":"ImageObject","inLanguage":"pl-PL","@id":"https:\/\/splapszanka.lapszenizne.pl\/index.php\/2020\/03\/11\/pilna-informacja\/#primaryimage","url":"https:\/\/splapszanka.lapszenizne.pl\/wp-content\/uploads\/2020\/03\/korona.png","contentUrl":"https:\/\/splapszanka.lapszenizne.pl\/wp-content\/uploads\/2020\/03\/korona.png","width":697,"height":307},{"@type":"BreadcrumbList","@id":"https:\/\/splapszanka.lapszenizne.pl\/index.php\/2020\/03\/11\/pilna-informacja\/#breadcrumb","itemListElement":[{"@type":"ListItem","position":1,"name":"Strona g\u0142\u00f3wna","item":"https:\/\/splapszanka.lapszenizne.pl\/"},{"@type":"ListItem","position":2,"name":"PILNA INFORMACJA"}]},{"@type":"WebSite","@id":"https:\/\/splapszanka.lapszenizne.pl\/#website","url":"https:\/\/splapszanka.lapszenizne.pl\/","name":"Szko\u0142a Podstawowa w \u0141apszance","description":"\u0141apszanka ul. D\u0142uga 35,  34-442 \u0141apsze Ni\u017cne,  woj. ma\u0142opolskie","publisher":{"@id":"https:\/\/splapszanka.lapszenizne.pl\/#organization"},"potentialAction":[{"@type":"SearchAction","target":{"@type":"EntryPoint","urlTemplate":"https:\/\/splapszanka.lapszenizne.pl\/?s={search_term_string}"},"query-input":{"@type":"PropertyValueSpecification","valueRequired":true,"valueName":"search_term_string"}}],"inLanguage":"pl-PL"},{"@type":"Organization","@id":"https:\/\/splapszanka.lapszenizne.pl\/#organization","name":"Szko\u0142a Podstawowa w \u0141apszance","url":"https:\/\/splapszanka.lapszenizne.pl\/","logo":{"@type":"ImageObject","inLanguage":"pl-PL","@id":"https:\/\/splapszanka.lapszenizne.pl\/#\/schema\/logo\/image\/","url":"https:\/\/splapszanka.lapszenizne.pl\/wp-content\/uploads\/2020\/03\/cropped-75328783_1588584124617847_5132413514161324032_o.jpg","contentUrl":"https:\/\/splapszanka.lapszenizne.pl\/wp-content\/uploads\/2020\/03\/cropped-75328783_1588584124617847_5132413514161324032_o.jpg","width":1830,"height":1202,"caption":"Szko\u0142a Podstawowa w \u0141apszance"},"image":{"@id":"https:\/\/splapszanka.lapszenizne.pl\/#\/schema\/logo\/image\/"}},{"@type":"Person","@id":"https:\/\/splapszanka.lapszenizne.pl\/#\/schema\/person\/7966120f2db6326caa37187324bc225e","name":"Ma\u0142gorzata Kami\u0144ska","image":{"@type":"ImageObject","inLanguage":"pl-PL","@id":"https:\/\/splapszanka.lapszenizne.pl\/#\/schema\/person\/image\/","url":"https:\/\/secure.gravatar.com\/avatar\/7b25bd82d8287490c4c46d998eb38a88d0aa38fdf79ec1329f845d553d730d06?s=96&d=mm&r=g","contentUrl":"https:\/\/secure.gravatar.com\/avatar\/7b25bd82d8287490c4c46d998eb38a88d0aa38fdf79ec1329f845d553d730d06?s=96&d=mm&r=g","caption":"Ma\u0142gorzata Kami\u0144ska"},"url":"https:\/\/splapszanka.lapszenizne.pl\/index.php\/author\/gosia\/"}]}},"_links":{"self":[{"href":"https:\/\/splapszanka.lapszenizne.pl\/index.php\/wp-json\/wp\/v2\/posts\/685","targetHints":{"allow":["GET"]}}],"collection":[{"href":"https:\/\/splapszanka.lapszenizne.pl\/index.php\/wp-json\/wp\/v2\/posts"}],"about":[{"href":"https:\/\/splapszanka.lapszenizne.pl\/index.php\/wp-json\/wp\/v2\/types\/post"}],"author":[{"embeddable":true,"href":"https:\/\/splapszanka.lapszenizne.pl\/index.php\/wp-json\/wp\/v2\/users\/2"}],"replies":[{"embeddable":true,"href":"https:\/\/splapszanka.lapszenizne.pl\/index.php\/wp-json\/wp\/v2\/comments?post=685"}],"version-history":[{"count":1,"href":"https:\/\/splapszanka.lapszenizne.pl\/index.php\/wp-json\/wp\/v2\/posts\/685\/revisions"}],"predecessor-version":[{"id":687,"href":"https:\/\/splapszanka.lapszenizne.pl\/index.php\/wp-json\/wp\/v2\/posts\/685\/revisions\/687"}],"wp:featuredmedia":[{"embeddable":true,"href":"https:\/\/splapszanka.lapszenizne.pl\/index.php\/wp-json\/wp\/v2\/media\/686"}],"wp:attachment":[{"href":"https:\/\/splapszanka.lapszenizne.pl\/index.php\/wp-json\/wp\/v2\/media?parent=685"}],"wp:term":[{"taxonomy":"category","embeddable":true,"href":"https:\/\/splapszanka.lapszenizne.pl\/index.php\/wp-json\/wp\/v2\/categories?post=685"},{"taxonomy":"post_tag","embeddable":true,"href":"https:\/\/splapszanka.lapszenizne.pl\/index.php\/wp-json\/wp\/v2\/tags?post=685"}],"curies":[{"name":"wp","href":"https:\/\/api.w.org\/{rel}","templated":true}]}}