{"id":3620,"date":"2026-08-31T09:10:45","date_gmt":"2026-08-31T07:10:45","guid":{"rendered":"https:\/\/splapszanka.lapszenizne.pl\/?p=3620"},"modified":"2026-08-31T09:10:45","modified_gmt":"2026-08-31T07:10:45","slug":"rozpoczecie-roku-szkolnego-2026-2027","status":"publish","type":"post","link":"https:\/\/splapszanka.lapszenizne.pl\/index.php\/2026\/08\/31\/rozpoczecie-roku-szkolnego-2026-2027\/","title":{"rendered":"ROZPOCZ\u0118CIE ROKU SZKOLNEGO 2026\/2027"},"content":{"rendered":"<p>Serdecznie zapraszamy Uczni\u00f3w, Rodzic\u00f3w oraz Nauczycieli na uroczyste Rozpocz\u0119cie Nowego Roku Szkolnego, kt\u00f3re odb\u0119dzie si\u0119 we wtorek, <strong>1 wrze\u015bnia 2026 r.<\/strong> Uroczysto\u015b\u0107 rozpocznie si\u0119 Msz\u0105 \u015awi\u0119t\u0105 o godz. 9.00. a po jej zako\u0144czeniu spotykamy si\u0119 w szkole.<\/p>\n","protected":false},"excerpt":{"rendered":"<p>Serdecznie zapraszamy Uczni\u00f3w, Rodzic\u00f3w oraz Nauczycieli na uroczyste Rozpocz\u0119cie Nowego Roku Szkolnego, kt\u00f3re odb\u0119dzie si\u0119 we wtorek, 1 wrze\u015bnia 2026 r. Uroczysto\u015b\u0107 rozpocznie si\u0119 Msz\u0105 \u015awi\u0119t\u0105 o godz. 9.00. a po jej zako\u0144czeniu spotykamy si\u0119 w szkole.<\/p>\n","protected":false},"author":3,"featured_media":3621,"comment_status":"closed","ping_status":"open","sticky":false,"template":"","format":"standard","meta":{"footnotes":""},"categories":[1],"tags":[],"class_list":["post-3620","post","type-post","status-publish","format-standard","has-post-thumbnail","hentry","category-aktualnosci"],"yoast_head":"<!-- This site is optimized with the Yoast SEO plugin v27.0 - https:\/\/yoast.com\/product\/yoast-seo-wordpress\/ -->\n<title>ROZPOCZ\u0118CIE ROKU SZKOLNEGO 2026\/2027 - Szko\u0142a Podstawowa w \u0141apszance<\/title>\n<meta name=\"robots\" content=\"index, follow, max-snippet:-1, max-image-preview:large, max-video-preview:-1\" \/>\n<link rel=\"canonical\" href=\"https:\/\/splapszanka.lapszenizne.pl\/index.php\/2026\/08\/31\/rozpoczecie-roku-szkolnego-2026-2027\/\" \/>\n<meta property=\"og:locale\" content=\"pl_PL\" \/>\n<meta property=\"og:type\" content=\"article\" \/>\n<meta property=\"og:title\" content=\"ROZPOCZ\u0118CIE ROKU SZKOLNEGO 2026\/2027 - Szko\u0142a Podstawowa w \u0141apszance\" \/>\n<meta property=\"og:description\" content=\"Serdecznie zapraszamy Uczni\u00f3w, Rodzic\u00f3w oraz Nauczycieli na uroczyste Rozpocz\u0119cie Nowego Roku Szkolnego, kt\u00f3re odb\u0119dzie si\u0119 we wtorek, 1 wrze\u015bnia 2026 r. Uroczysto\u015b\u0107 rozpocznie si\u0119 Msz\u0105 \u015awi\u0119t\u0105 o godz. 9.00. a po jej zako\u0144czeniu spotykamy si\u0119 w szkole.\" \/>\n<meta property=\"og:url\" content=\"https:\/\/splapszanka.lapszenizne.pl\/index.php\/2026\/08\/31\/rozpoczecie-roku-szkolnego-2026-2027\/\" \/>\n<meta property=\"og:site_name\" content=\"Szko\u0142a Podstawowa w \u0141apszance\" \/>\n<meta property=\"article:published_time\" content=\"2026-08-31T07:10:45+00:00\" \/>\n<meta property=\"og:image\" content=\"https:\/\/splapszanka.lapszenizne.pl\/wp-content\/uploads\/2026\/08\/Welcome-Back-to-School-Landscape-Classroom-Poster-in-Green-and-Orange-Realistic-Style-1.jpg\" \/>\n\t<meta property=\"og:image:width\" content=\"2245\" \/>\n\t<meta property=\"og:image:height\" content=\"1587\" \/>\n\t<meta property=\"og:image:type\" content=\"image\/jpeg\" \/>\n<meta name=\"author\" content=\"Katarzyna Kuruc\" \/>\n<meta name=\"twitter:card\" content=\"summary_large_image\" \/>\n<meta name=\"twitter:label1\" content=\"Napisane przez\" \/>\n\t<meta name=\"twitter:data1\" content=\"Katarzyna Kuruc\" \/>\n\t<meta name=\"twitter:label2\" content=\"Szacowany czas czytania\" \/>\n\t<meta name=\"twitter:data2\" content=\"1 minuta\" \/>\n<script type=\"application\/ld+json\" class=\"yoast-schema-graph\">{\"@context\":\"https:\/\/schema.org\",\"@graph\":[{\"@type\":\"Article\",\"@id\":\"https:\/\/splapszanka.lapszenizne.pl\/index.php\/2026\/08\/31\/rozpoczecie-roku-szkolnego-2026-2027\/#article\",\"isPartOf\":{\"@id\":\"https:\/\/splapszanka.lapszenizne.pl\/index.php\/2026\/08\/31\/rozpoczecie-roku-szkolnego-2026-2027\/\"},\"author\":{\"name\":\"Katarzyna Kuruc\",\"@id\":\"https:\/\/splapszanka.lapszenizne.pl\/#\/schema\/person\/6404b0ec0d52038e5f96070aa759635d\"},\"headline\":\"ROZPOCZ\u0118CIE ROKU SZKOLNEGO 2026\/2027\",\"datePublished\":\"2026-08-31T07:10:45+00:00\",\"mainEntityOfPage\":{\"@id\":\"https:\/\/splapszanka.lapszenizne.pl\/index.php\/2026\/08\/31\/rozpoczecie-roku-szkolnego-2026-2027\/\"},\"wordCount\":46,\"publisher\":{\"@id\":\"https:\/\/splapszanka.lapszenizne.pl\/#organization\"},\"image\":{\"@id\":\"https:\/\/splapszanka.lapszenizne.pl\/index.php\/2026\/08\/31\/rozpoczecie-roku-szkolnego-2026-2027\/#primaryimage\"},\"thumbnailUrl\":\"https:\/\/splapszanka.lapszenizne.pl\/wp-content\/uploads\/2026\/08\/Welcome-Back-to-School-Landscape-Classroom-Poster-in-Green-and-Orange-Realistic-Style-1.jpg\",\"articleSection\":[\"Aktualno\u015bci\"],\"inLanguage\":\"pl-PL\"},{\"@type\":\"WebPage\",\"@id\":\"https:\/\/splapszanka.lapszenizne.pl\/index.php\/2026\/08\/31\/rozpoczecie-roku-szkolnego-2026-2027\/\",\"url\":\"https:\/\/splapszanka.lapszenizne.pl\/index.php\/2026\/08\/31\/rozpoczecie-roku-szkolnego-2026-2027\/\",\"name\":\"ROZPOCZ\u0118CIE ROKU SZKOLNEGO 2026\/2027 - Szko\u0142a Podstawowa w \u0141apszance\",\"isPartOf\":{\"@id\":\"https:\/\/splapszanka.lapszenizne.pl\/#website\"},\"primaryImageOfPage\":{\"@id\":\"https:\/\/splapszanka.lapszenizne.pl\/index.php\/2026\/08\/31\/rozpoczecie-roku-szkolnego-2026-2027\/#primaryimage\"},\"image\":{\"@id\":\"https:\/\/splapszanka.lapszenizne.pl\/index.php\/2026\/08\/31\/rozpoczecie-roku-szkolnego-2026-2027\/#primaryimage\"},\"thumbnailUrl\":\"https:\/\/splapszanka.lapszenizne.pl\/wp-content\/uploads\/2026\/08\/Welcome-Back-to-School-Landscape-Classroom-Poster-in-Green-and-Orange-Realistic-Style-1.jpg\",\"datePublished\":\"2026-08-31T07:10:45+00:00\",\"breadcrumb\":{\"@id\":\"https:\/\/splapszanka.lapszenizne.pl\/index.php\/2026\/08\/31\/rozpoczecie-roku-szkolnego-2026-2027\/#breadcrumb\"},\"inLanguage\":\"pl-PL\",\"potentialAction\":[{\"@type\":\"ReadAction\",\"target\":[\"https:\/\/splapszanka.lapszenizne.pl\/index.php\/2026\/08\/31\/rozpoczecie-roku-szkolnego-2026-2027\/\"]}]},{\"@type\":\"ImageObject\",\"inLanguage\":\"pl-PL\",\"@id\":\"https:\/\/splapszanka.lapszenizne.pl\/index.php\/2026\/08\/31\/rozpoczecie-roku-szkolnego-2026-2027\/#primaryimage\",\"url\":\"https:\/\/splapszanka.lapszenizne.pl\/wp-content\/uploads\/2026\/08\/Welcome-Back-to-School-Landscape-Classroom-Poster-in-Green-and-Orange-Realistic-Style-1.jpg\",\"contentUrl\":\"https:\/\/splapszanka.lapszenizne.pl\/wp-content\/uploads\/2026\/08\/Welcome-Back-to-School-Landscape-Classroom-Poster-in-Green-and-Orange-Realistic-Style-1.jpg\",\"width\":2245,\"height\":1587},{\"@type\":\"BreadcrumbList\",\"@id\":\"https:\/\/splapszanka.lapszenizne.pl\/index.php\/2026\/08\/31\/rozpoczecie-roku-szkolnego-2026-2027\/#breadcrumb\",\"itemListElement\":[{\"@type\":\"ListItem\",\"position\":1,\"name\":\"Strona g\u0142\u00f3wna\",\"item\":\"https:\/\/splapszanka.lapszenizne.pl\/\"},{\"@type\":\"ListItem\",\"position\":2,\"name\":\"ROZPOCZ\u0118CIE ROKU SZKOLNEGO 2026\/2027\"}]},{\"@type\":\"WebSite\",\"@id\":\"https:\/\/splapszanka.lapszenizne.pl\/#website\",\"url\":\"https:\/\/splapszanka.lapszenizne.pl\/\",\"name\":\"Szko\u0142a Podstawowa w \u0141apszance\",\"description\":\"\u0141apszanka ul. D\u0142uga 35,  34-442 \u0141apsze Ni\u017cne,  woj. ma\u0142opolskie\",\"publisher\":{\"@id\":\"https:\/\/splapszanka.lapszenizne.pl\/#organization\"},\"potentialAction\":[{\"@type\":\"SearchAction\",\"target\":{\"@type\":\"EntryPoint\",\"urlTemplate\":\"https:\/\/splapszanka.lapszenizne.pl\/?s={search_term_string}\"},\"query-input\":{\"@type\":\"PropertyValueSpecification\",\"valueRequired\":true,\"valueName\":\"search_term_string\"}}],\"inLanguage\":\"pl-PL\"},{\"@type\":\"Organization\",\"@id\":\"https:\/\/splapszanka.lapszenizne.pl\/#organization\",\"name\":\"Szko\u0142a Podstawowa w \u0141apszance\",\"url\":\"https:\/\/splapszanka.lapszenizne.pl\/\",\"logo\":{\"@type\":\"ImageObject\",\"inLanguage\":\"pl-PL\",\"@id\":\"https:\/\/splapszanka.lapszenizne.pl\/#\/schema\/logo\/image\/\",\"url\":\"https:\/\/splapszanka.lapszenizne.pl\/wp-content\/uploads\/2020\/03\/cropped-75328783_1588584124617847_5132413514161324032_o.jpg\",\"contentUrl\":\"https:\/\/splapszanka.lapszenizne.pl\/wp-content\/uploads\/2020\/03\/cropped-75328783_1588584124617847_5132413514161324032_o.jpg\",\"width\":1830,\"height\":1202,\"caption\":\"Szko\u0142a Podstawowa w \u0141apszance\"},\"image\":{\"@id\":\"https:\/\/splapszanka.lapszenizne.pl\/#\/schema\/logo\/image\/\"}},{\"@type\":\"Person\",\"@id\":\"https:\/\/splapszanka.lapszenizne.pl\/#\/schema\/person\/6404b0ec0d52038e5f96070aa759635d\",\"name\":\"Katarzyna Kuruc\",\"image\":{\"@type\":\"ImageObject\",\"inLanguage\":\"pl-PL\",\"@id\":\"https:\/\/splapszanka.lapszenizne.pl\/#\/schema\/person\/image\/\",\"url\":\"https:\/\/secure.gravatar.com\/avatar\/afa35e0fa7edad46d4a035bc61001fc64814cea0edb6dbf2d6b73ab958c7e122?s=96&d=mm&r=g\",\"contentUrl\":\"https:\/\/secure.gravatar.com\/avatar\/afa35e0fa7edad46d4a035bc61001fc64814cea0edb6dbf2d6b73ab958c7e122?s=96&d=mm&r=g\",\"caption\":\"Katarzyna Kuruc\"},\"sameAs\":[\"http:\/\/oldlapszanka.lapszenizne.pl\"],\"url\":\"https:\/\/splapszanka.lapszenizne.pl\/index.php\/author\/katarzyna-kuruc\/\"}]}<\/script>\n<!-- \/ Yoast SEO plugin. -->","yoast_head_json":{"title":"ROZPOCZ\u0118CIE ROKU SZKOLNEGO 2026\/2027 - Szko\u0142a Podstawowa w \u0141apszance","robots":{"index":"index","follow":"follow","max-snippet":"max-snippet:-1","max-image-preview":"max-image-preview:large","max-video-preview":"max-video-preview:-1"},"canonical":"https:\/\/splapszanka.lapszenizne.pl\/index.php\/2026\/08\/31\/rozpoczecie-roku-szkolnego-2026-2027\/","og_locale":"pl_PL","og_type":"article","og_title":"ROZPOCZ\u0118CIE ROKU SZKOLNEGO 2026\/2027 - Szko\u0142a Podstawowa w \u0141apszance","og_description":"Serdecznie zapraszamy Uczni\u00f3w, Rodzic\u00f3w oraz Nauczycieli na uroczyste Rozpocz\u0119cie Nowego Roku Szkolnego, kt\u00f3re odb\u0119dzie si\u0119 we wtorek, 1 wrze\u015bnia 2026 r. Uroczysto\u015b\u0107 rozpocznie si\u0119 Msz\u0105 \u015awi\u0119t\u0105 o godz. 9.00. a po jej zako\u0144czeniu spotykamy si\u0119 w szkole.","og_url":"https:\/\/splapszanka.lapszenizne.pl\/index.php\/2026\/08\/31\/rozpoczecie-roku-szkolnego-2026-2027\/","og_site_name":"Szko\u0142a Podstawowa w \u0141apszance","article_published_time":"2026-08-31T07:10:45+00:00","og_image":[{"width":2245,"height":1587,"url":"https:\/\/splapszanka.lapszenizne.pl\/wp-content\/uploads\/2026\/08\/Welcome-Back-to-School-Landscape-Classroom-Poster-in-Green-and-Orange-Realistic-Style-1.jpg","type":"image\/jpeg"}],"author":"Katarzyna Kuruc","twitter_card":"summary_large_image","twitter_misc":{"Napisane przez":"Katarzyna Kuruc","Szacowany czas czytania":"1 minuta"},"schema":{"@context":"https:\/\/schema.org","@graph":[{"@type":"Article","@id":"https:\/\/splapszanka.lapszenizne.pl\/index.php\/2026\/08\/31\/rozpoczecie-roku-szkolnego-2026-2027\/#article","isPartOf":{"@id":"https:\/\/splapszanka.lapszenizne.pl\/index.php\/2026\/08\/31\/rozpoczecie-roku-szkolnego-2026-2027\/"},"author":{"name":"Katarzyna Kuruc","@id":"https:\/\/splapszanka.lapszenizne.pl\/#\/schema\/person\/6404b0ec0d52038e5f96070aa759635d"},"headline":"ROZPOCZ\u0118CIE ROKU SZKOLNEGO 2026\/2027","datePublished":"2026-08-31T07:10:45+00:00","mainEntityOfPage":{"@id":"https:\/\/splapszanka.lapszenizne.pl\/index.php\/2026\/08\/31\/rozpoczecie-roku-szkolnego-2026-2027\/"},"wordCount":46,"publisher":{"@id":"https:\/\/splapszanka.lapszenizne.pl\/#organization"},"image":{"@id":"https:\/\/splapszanka.lapszenizne.pl\/index.php\/2026\/08\/31\/rozpoczecie-roku-szkolnego-2026-2027\/#primaryimage"},"thumbnailUrl":"https:\/\/splapszanka.lapszenizne.pl\/wp-content\/uploads\/2026\/08\/Welcome-Back-to-School-Landscape-Classroom-Poster-in-Green-and-Orange-Realistic-Style-1.jpg","articleSection":["Aktualno\u015bci"],"inLanguage":"pl-PL"},{"@type":"WebPage","@id":"https:\/\/splapszanka.lapszenizne.pl\/index.php\/2026\/08\/31\/rozpoczecie-roku-szkolnego-2026-2027\/","url":"https:\/\/splapszanka.lapszenizne.pl\/index.php\/2026\/08\/31\/rozpoczecie-roku-szkolnego-2026-2027\/","name":"ROZPOCZ\u0118CIE ROKU SZKOLNEGO 2026\/2027 - Szko\u0142a Podstawowa w \u0141apszance","isPartOf":{"@id":"https:\/\/splapszanka.lapszenizne.pl\/#website"},"primaryImageOfPage":{"@id":"https:\/\/splapszanka.lapszenizne.pl\/index.php\/2026\/08\/31\/rozpoczecie-roku-szkolnego-2026-2027\/#primaryimage"},"image":{"@id":"https:\/\/splapszanka.lapszenizne.pl\/index.php\/2026\/08\/31\/rozpoczecie-roku-szkolnego-2026-2027\/#primaryimage"},"thumbnailUrl":"https:\/\/splapszanka.lapszenizne.pl\/wp-content\/uploads\/2026\/08\/Welcome-Back-to-School-Landscape-Classroom-Poster-in-Green-and-Orange-Realistic-Style-1.jpg","datePublished":"2026-08-31T07:10:45+00:00","breadcrumb":{"@id":"https:\/\/splapszanka.lapszenizne.pl\/index.php\/2026\/08\/31\/rozpoczecie-roku-szkolnego-2026-2027\/#breadcrumb"},"inLanguage":"pl-PL","potentialAction":[{"@type":"ReadAction","target":["https:\/\/splapszanka.lapszenizne.pl\/index.php\/2026\/08\/31\/rozpoczecie-roku-szkolnego-2026-2027\/"]}]},{"@type":"ImageObject","inLanguage":"pl-PL","@id":"https:\/\/splapszanka.lapszenizne.pl\/index.php\/2026\/08\/31\/rozpoczecie-roku-szkolnego-2026-2027\/#primaryimage","url":"https:\/\/splapszanka.lapszenizne.pl\/wp-content\/uploads\/2026\/08\/Welcome-Back-to-School-Landscape-Classroom-Poster-in-Green-and-Orange-Realistic-Style-1.jpg","contentUrl":"https:\/\/splapszanka.lapszenizne.pl\/wp-content\/uploads\/2026\/08\/Welcome-Back-to-School-Landscape-Classroom-Poster-in-Green-and-Orange-Realistic-Style-1.jpg","width":2245,"height":1587},{"@type":"BreadcrumbList","@id":"https:\/\/splapszanka.lapszenizne.pl\/index.php\/2026\/08\/31\/rozpoczecie-roku-szkolnego-2026-2027\/#breadcrumb","itemListElement":[{"@type":"ListItem","position":1,"name":"Strona g\u0142\u00f3wna","item":"https:\/\/splapszanka.lapszenizne.pl\/"},{"@type":"ListItem","position":2,"name":"ROZPOCZ\u0118CIE ROKU SZKOLNEGO 2026\/2027"}]},{"@type":"WebSite","@id":"https:\/\/splapszanka.lapszenizne.pl\/#website","url":"https:\/\/splapszanka.lapszenizne.pl\/","name":"Szko\u0142a Podstawowa w \u0141apszance","description":"\u0141apszanka ul. D\u0142uga 35,  34-442 \u0141apsze Ni\u017cne,  woj. ma\u0142opolskie","publisher":{"@id":"https:\/\/splapszanka.lapszenizne.pl\/#organization"},"potentialAction":[{"@type":"SearchAction","target":{"@type":"EntryPoint","urlTemplate":"https:\/\/splapszanka.lapszenizne.pl\/?s={search_term_string}"},"query-input":{"@type":"PropertyValueSpecification","valueRequired":true,"valueName":"search_term_string"}}],"inLanguage":"pl-PL"},{"@type":"Organization","@id":"https:\/\/splapszanka.lapszenizne.pl\/#organization","name":"Szko\u0142a Podstawowa w \u0141apszance","url":"https:\/\/splapszanka.lapszenizne.pl\/","logo":{"@type":"ImageObject","inLanguage":"pl-PL","@id":"https:\/\/splapszanka.lapszenizne.pl\/#\/schema\/logo\/image\/","url":"https:\/\/splapszanka.lapszenizne.pl\/wp-content\/uploads\/2020\/03\/cropped-75328783_1588584124617847_5132413514161324032_o.jpg","contentUrl":"https:\/\/splapszanka.lapszenizne.pl\/wp-content\/uploads\/2020\/03\/cropped-75328783_1588584124617847_5132413514161324032_o.jpg","width":1830,"height":1202,"caption":"Szko\u0142a Podstawowa w \u0141apszance"},"image":{"@id":"https:\/\/splapszanka.lapszenizne.pl\/#\/schema\/logo\/image\/"}},{"@type":"Person","@id":"https:\/\/splapszanka.lapszenizne.pl\/#\/schema\/person\/6404b0ec0d52038e5f96070aa759635d","name":"Katarzyna Kuruc","image":{"@type":"ImageObject","inLanguage":"pl-PL","@id":"https:\/\/splapszanka.lapszenizne.pl\/#\/schema\/person\/image\/","url":"https:\/\/secure.gravatar.com\/avatar\/afa35e0fa7edad46d4a035bc61001fc64814cea0edb6dbf2d6b73ab958c7e122?s=96&d=mm&r=g","contentUrl":"https:\/\/secure.gravatar.com\/avatar\/afa35e0fa7edad46d4a035bc61001fc64814cea0edb6dbf2d6b73ab958c7e122?s=96&d=mm&r=g","caption":"Katarzyna Kuruc"},"sameAs":["http:\/\/oldlapszanka.lapszenizne.pl"],"url":"https:\/\/splapszanka.lapszenizne.pl\/index.php\/author\/katarzyna-kuruc\/"}]}},"_links":{"self":[{"href":"https:\/\/splapszanka.lapszenizne.pl\/index.php\/wp-json\/wp\/v2\/posts\/3620","targetHints":{"allow":["GET"]}}],"collection":[{"href":"https:\/\/splapszanka.lapszenizne.pl\/index.php\/wp-json\/wp\/v2\/posts"}],"about":[{"href":"https:\/\/splapszanka.lapszenizne.pl\/index.php\/wp-json\/wp\/v2\/types\/post"}],"author":[{"embeddable":true,"href":"https:\/\/splapszanka.lapszenizne.pl\/index.php\/wp-json\/wp\/v2\/users\/3"}],"replies":[{"embeddable":true,"href":"https:\/\/splapszanka.lapszenizne.pl\/index.php\/wp-json\/wp\/v2\/comments?post=3620"}],"version-history":[{"count":1,"href":"https:\/\/splapszanka.lapszenizne.pl\/index.php\/wp-json\/wp\/v2\/posts\/3620\/revisions"}],"predecessor-version":[{"id":3622,"href":"https:\/\/splapszanka.lapszenizne.pl\/index.php\/wp-json\/wp\/v2\/posts\/3620\/revisions\/3622"}],"wp:featuredmedia":[{"embeddable":true,"href":"https:\/\/splapszanka.lapszenizne.pl\/index.php\/wp-json\/wp\/v2\/media\/3621"}],"wp:attachment":[{"href":"https:\/\/splapszanka.lapszenizne.pl\/index.php\/wp-json\/wp\/v2\/media?parent=3620"}],"wp:term":[{"taxonomy":"category","embeddable":true,"href":"https:\/\/splapszanka.lapszenizne.pl\/index.php\/wp-json\/wp\/v2\/categories?post=3620"},{"taxonomy":"post_tag","embeddable":true,"href":"https:\/\/splapszanka.lapszenizne.pl\/index.php\/wp-json\/wp\/v2\/tags?post=3620"}],"curies":[{"name":"wp","href":"https:\/\/api.w.org\/{rel}","templated":true}]}}