{"id":3358,"date":"2025-10-17T10:32:13","date_gmt":"2025-10-17T08:32:13","guid":{"rendered":"https:\/\/splapszanka.lapszenizne.pl\/?p=3358"},"modified":"2025-10-17T10:32:13","modified_gmt":"2025-10-17T08:32:13","slug":"europejski-dzien-przywracania-czynnosci-serca","status":"publish","type":"post","link":"https:\/\/splapszanka.lapszenizne.pl\/index.php\/2025\/10\/17\/europejski-dzien-przywracania-czynnosci-serca\/","title":{"rendered":"Europejski Dzie\u0144 Przywracania Czynno\u015bci Serca"},"content":{"rendered":"<div dir=\"auto\">16 pa\u017adziernika obchodzimy Europejski Dzie\u0144 Przywracania Czynno\u015bci Serca. Ta coroczna inicjatywa maj\u0105ca na celu promowanie wiedzy i umiej\u0119tno\u015bci udzielania pierwszej pomocy, zw\u0142aszcza resuscytacji kr\u0105\u017ceniowo-oddechowej obchodzona jest we wszystkich krajach Europy. W zwi\u0105zku z tym nasza szko\u0142a wzi\u0119\u0142a udzia\u0142 w akcji Bicia Rekordu w Udzielaniu Pierwszej Pomocy.<\/div>\n<div dir=\"auto\">Akcja rozpocz\u0119\u0142a si\u0119 od prelekcji maj\u0105cej na celu zwi\u0119kszenie \u015bwiadomo\u015bci na temat nag\u0142ego zatrzymania kr\u0105\u017cenia (NZK), nauki prostych zasad resuscytacji kr\u0105\u017ceniowo-oddechowej, zach\u0119cania do reagowania w sytuacjach zagro\u017cenia \u017cycia, promocji u\u017cywania automatycznych defibrylator\u00f3w zewn\u0119trznych (AED).<\/div>\n<div dir=\"auto\">Nast\u0119pnie uczniowie przyst\u0105pili do akcji bicia rekordu.<\/div>\n<div dir=\"auto\">\n<style id=\"bwg-style-0\">    #bwg_container1_0 #bwg_container2_0 .bwg-container-0.bwg-standard-thumbnails {      width: 1254px;              justify-content: center;        margin:0 auto !important;              background-color: rgba(255, 255, 255, 0.00);            padding-left: 4px;      padding-top: 4px;      max-width: 100%;            }        #bwg_container1_0 #bwg_container2_0 .bwg-container-0.bwg-standard-thumbnails .bwg-item {    justify-content: flex-start;      max-width: 250px;          }    #bwg_container1_0 #bwg_container2_0 .bwg-container-0.bwg-standard-thumbnails .bwg-item a {       margin-right: 4px;       margin-bottom: 4px;    }    #bwg_container1_0 #bwg_container2_0 .bwg-container-0.bwg-standard-thumbnails .bwg-item0 {      padding: 0px;            background-color:rgba(0,0,0, 0.30);      border: 0px none #CCCCCC;      opacity: 1.00;      border-radius: 0;      box-shadow: ;    }    #bwg_container1_0 #bwg_container2_0 .bwg-container-0.bwg-standard-thumbnails .bwg-item1 img {      max-height: none;      max-width: none;      padding: 0 !important;    }         @media only screen and (min-width: 480px) {\t\t#bwg_container1_0 #bwg_container2_0 .bwg-container-0.bwg-standard-thumbnails .bwg-item1 img {\t\t\t-webkit-transition: all .3s; transition: all .3s;\t\t}\t\t#bwg_container1_0 #bwg_container2_0 .bwg-container-0.bwg-standard-thumbnails .bwg-item1 img:hover {\t\t\t-ms-transform: scale(1.08);\t\t\t-webkit-transform: scale(1.08);\t\t\ttransform: scale(1.08);\t\t}\t\t      }\t    #bwg_container1_0 #bwg_container2_0 .bwg-container-0.bwg-standard-thumbnails .bwg-item1 {      padding-top: 56%;    }        #bwg_container1_0 #bwg_container2_0 .bwg-container-0.bwg-standard-thumbnails .bwg-title2,    #bwg_container1_0 #bwg_container2_0 .bwg-container-0.bwg-standard-thumbnails .bwg-ecommerce2 {      color: #323A45;      font-family: Ubuntu;      font-size: 16px;      font-weight: bold;      padding: 2px;      text-shadow: ;      max-height: 100%;    }    #bwg_container1_0 #bwg_container2_0 .bwg-container-0.bwg-standard-thumbnails .bwg-thumb-description span {    color: #323A45;    font-family: Ubuntu;    font-size: 12px;    max-height: 100%;    word-wrap: break-word;    }    #bwg_container1_0 #bwg_container2_0 .bwg-container-0.bwg-standard-thumbnails .bwg-play-icon2 {      font-size: 32px;    }    #bwg_container1_0 #bwg_container2_0 .bwg-container-0.bwg-standard-thumbnails .bwg-ecommerce2 {      font-size: 19.2px;      color: #323A45;    }    <\/style>    <div id=\"bwg_container1_0\"         class=\"bwg_container bwg_thumbnail bwg_thumbnails \"         data-right-click-protection=\"0\"         data-bwg=\"0\"         data-scroll=\"0\"         data-gallery-type=\"thumbnails\"         data-gallery-view-type=\"thumbnails\"         data-current-url=\"\/index.php\/wp-json\/wp\/v2\/posts\/3358\"         data-lightbox-url=\"https:\/\/splapszanka.lapszenizne.pl\/wp-admin\/admin-ajax.php?action=GalleryBox&#038;current_view=0&#038;gallery_id=294&#038;tag=0&#038;theme_id=1&#038;shortcode_id=604&#038;sort_by=order&#038;order_by=asc&#038;current_url=%2Findex.php%2Fwp-json%2Fwp%2Fv2%2Fposts%2F3358\"         data-gallery-id=\"294\"         data-popup-width=\"800\"         data-popup-height=\"500\"         data-is-album=\"gallery\"         data-buttons-position=\"bottom\">      <div id=\"bwg_container2_0\">             <div id=\"ajax_loading_0\" class=\"bwg_loading_div_1\">      <div class=\"bwg_loading_div_2\">        <div class=\"bwg_loading_div_3\">          <div id=\"loading_div_0\" class=\"bwg_spider_ajax_loading\">          <\/div>        <\/div>      <\/div>    <\/div>            <form id=\"gal_front_form_0\"              class=\"bwg-hidden\"              method=\"post\"              action=\"#\"              data-current=\"0\"              data-shortcode-id=\"604\"              data-gallery-type=\"thumbnails\"              data-gallery-id=\"294\"              data-tag=\"0\"              data-album-id=\"0\"              data-theme-id=\"1\"              data-ajax-url=\"https:\/\/splapszanka.lapszenizne.pl\/wp-admin\/admin-ajax.php?action=bwg_frontend_data\">          <div id=\"bwg_container3_0\" class=\"bwg-background bwg-background-0\">            <div style=\"width:100%\"><div class=\"wd_error\"><p><strong>Nie znaleziono obrazk\u00f3w.<\/strong><\/p><\/div><\/div>          <\/div>        <\/form>        <style>          #bwg_container1_0 #bwg_container2_0 #spider_popup_overlay_0 {          background-color: #EEEEEE;          opacity: 0.60;          }          <\/style>        <div id=\"bwg_spider_popup_loading_0\" class=\"bwg_spider_popup_loading\"><\/div>        <div id=\"spider_popup_overlay_0\" class=\"spider_popup_overlay\" onclick=\"spider_destroypopup(1000)\"><\/div>        <input type=\"hidden\" id=\"bwg_random_seed_0\" value=\"162929146\">                <\/div>    <\/div>    <script>      if (document.readyState === 'complete') {        if( typeof bwg_main_ready == 'function' ) {          if ( jQuery(\"#bwg_container1_0\").height() ) {            bwg_main_ready(jQuery(\"#bwg_container1_0\"));          }        }      } else {        document.addEventListener('DOMContentLoaded', function() {          if( typeof bwg_main_ready == 'function' ) {            if ( jQuery(\"#bwg_container1_0\").height() ) {             bwg_main_ready(jQuery(\"#bwg_container1_0\"));            }          }        });      }    <\/script>    \n<\/div>\n<div dir=\"auto\"><\/div>\n<div dir=\"auto\"><\/div>\n","protected":false},"excerpt":{"rendered":"<p>16 pa\u017adziernika obchodzimy Europejski Dzie\u0144 Przywracania Czynno\u015bci Serca. Ta coroczna inicjatywa maj\u0105ca na celu promowanie wiedzy i umiej\u0119tno\u015bci udzielania pierwszej pomocy, zw\u0142aszcza resuscytacji kr\u0105\u017ceniowo-oddechowej obchodzona jest we wszystkich krajach Europy. W zwi\u0105zku z tym nasza szko\u0142a wzi\u0119\u0142a udzia\u0142 w akcji <a href=\"https:\/\/splapszanka.lapszenizne.pl\/index.php\/2025\/10\/17\/europejski-dzien-przywracania-czynnosci-serca\/\" class=\"read-more\">Czytaj Dalej<\/a><\/p>\n","protected":false},"author":3,"featured_media":3360,"comment_status":"closed","ping_status":"open","sticky":false,"template":"","format":"standard","meta":{"footnotes":""},"categories":[1],"tags":[],"class_list":["post-3358","post","type-post","status-publish","format-standard","has-post-thumbnail","hentry","category-aktualnosci"],"yoast_head":"<!-- This site is optimized with the Yoast SEO plugin v27.0 - https:\/\/yoast.com\/product\/yoast-seo-wordpress\/ -->\n<title>Europejski Dzie\u0144 Przywracania Czynno\u015bci Serca - Szko\u0142a Podstawowa w \u0141apszance<\/title>\n<meta name=\"robots\" content=\"index, follow, max-snippet:-1, max-image-preview:large, max-video-preview:-1\" \/>\n<link rel=\"canonical\" href=\"https:\/\/splapszanka.lapszenizne.pl\/index.php\/2025\/10\/17\/europejski-dzien-przywracania-czynnosci-serca\/\" \/>\n<meta property=\"og:locale\" content=\"pl_PL\" \/>\n<meta property=\"og:type\" content=\"article\" \/>\n<meta property=\"og:title\" content=\"Europejski Dzie\u0144 Przywracania Czynno\u015bci Serca - Szko\u0142a Podstawowa w \u0141apszance\" \/>\n<meta property=\"og:description\" content=\"16 pa\u017adziernika obchodzimy Europejski Dzie\u0144 Przywracania Czynno\u015bci Serca. Ta coroczna inicjatywa maj\u0105ca na celu promowanie wiedzy i umiej\u0119tno\u015bci udzielania pierwszej pomocy, zw\u0142aszcza resuscytacji kr\u0105\u017ceniowo-oddechowej obchodzona jest we wszystkich krajach Europy. W zwi\u0105zku z tym nasza szko\u0142a wzi\u0119\u0142a udzia\u0142 w akcji Czytaj Dalej\" \/>\n<meta property=\"og:url\" content=\"https:\/\/splapszanka.lapszenizne.pl\/index.php\/2025\/10\/17\/europejski-dzien-przywracania-czynnosci-serca\/\" \/>\n<meta property=\"og:site_name\" content=\"Szko\u0142a Podstawowa w \u0141apszance\" \/>\n<meta property=\"article:published_time\" content=\"2025-10-17T08:32:13+00:00\" \/>\n<meta property=\"og:image\" content=\"https:\/\/splapszanka.lapszenizne.pl\/wp-content\/uploads\/2025\/10\/DSC00296-scaled.jpg\" \/>\n\t<meta property=\"og:image:width\" content=\"2560\" \/>\n\t<meta property=\"og:image:height\" content=\"1920\" \/>\n\t<meta property=\"og:image:type\" content=\"image\/jpeg\" \/>\n<meta name=\"author\" content=\"Katarzyna Kuruc\" \/>\n<meta name=\"twitter:card\" content=\"summary_large_image\" \/>\n<meta name=\"twitter:label1\" content=\"Napisane przez\" \/>\n\t<meta name=\"twitter:data1\" content=\"Katarzyna Kuruc\" \/>\n\t<meta name=\"twitter:label2\" content=\"Szacowany czas czytania\" \/>\n\t<meta name=\"twitter:data2\" content=\"1 minuta\" \/>\n<script type=\"application\/ld+json\" class=\"yoast-schema-graph\">{\"@context\":\"https:\/\/schema.org\",\"@graph\":[{\"@type\":\"Article\",\"@id\":\"https:\/\/splapszanka.lapszenizne.pl\/index.php\/2025\/10\/17\/europejski-dzien-przywracania-czynnosci-serca\/#article\",\"isPartOf\":{\"@id\":\"https:\/\/splapszanka.lapszenizne.pl\/index.php\/2025\/10\/17\/europejski-dzien-przywracania-czynnosci-serca\/\"},\"author\":{\"name\":\"Katarzyna Kuruc\",\"@id\":\"https:\/\/splapszanka.lapszenizne.pl\/#\/schema\/person\/6404b0ec0d52038e5f96070aa759635d\"},\"headline\":\"Europejski Dzie\u0144 Przywracania Czynno\u015bci Serca\",\"datePublished\":\"2025-10-17T08:32:13+00:00\",\"mainEntityOfPage\":{\"@id\":\"https:\/\/splapszanka.lapszenizne.pl\/index.php\/2025\/10\/17\/europejski-dzien-przywracania-czynnosci-serca\/\"},\"wordCount\":123,\"publisher\":{\"@id\":\"https:\/\/splapszanka.lapszenizne.pl\/#organization\"},\"image\":{\"@id\":\"https:\/\/splapszanka.lapszenizne.pl\/index.php\/2025\/10\/17\/europejski-dzien-przywracania-czynnosci-serca\/#primaryimage\"},\"thumbnailUrl\":\"https:\/\/splapszanka.lapszenizne.pl\/wp-content\/uploads\/2025\/10\/DSC00296-scaled.jpg\",\"articleSection\":[\"Aktualno\u015bci\"],\"inLanguage\":\"pl-PL\"},{\"@type\":\"WebPage\",\"@id\":\"https:\/\/splapszanka.lapszenizne.pl\/index.php\/2025\/10\/17\/europejski-dzien-przywracania-czynnosci-serca\/\",\"url\":\"https:\/\/splapszanka.lapszenizne.pl\/index.php\/2025\/10\/17\/europejski-dzien-przywracania-czynnosci-serca\/\",\"name\":\"Europejski Dzie\u0144 Przywracania Czynno\u015bci Serca - Szko\u0142a Podstawowa w \u0141apszance\",\"isPartOf\":{\"@id\":\"https:\/\/splapszanka.lapszenizne.pl\/#website\"},\"primaryImageOfPage\":{\"@id\":\"https:\/\/splapszanka.lapszenizne.pl\/index.php\/2025\/10\/17\/europejski-dzien-przywracania-czynnosci-serca\/#primaryimage\"},\"image\":{\"@id\":\"https:\/\/splapszanka.lapszenizne.pl\/index.php\/2025\/10\/17\/europejski-dzien-przywracania-czynnosci-serca\/#primaryimage\"},\"thumbnailUrl\":\"https:\/\/splapszanka.lapszenizne.pl\/wp-content\/uploads\/2025\/10\/DSC00296-scaled.jpg\",\"datePublished\":\"2025-10-17T08:32:13+00:00\",\"breadcrumb\":{\"@id\":\"https:\/\/splapszanka.lapszenizne.pl\/index.php\/2025\/10\/17\/europejski-dzien-przywracania-czynnosci-serca\/#breadcrumb\"},\"inLanguage\":\"pl-PL\",\"potentialAction\":[{\"@type\":\"ReadAction\",\"target\":[\"https:\/\/splapszanka.lapszenizne.pl\/index.php\/2025\/10\/17\/europejski-dzien-przywracania-czynnosci-serca\/\"]}]},{\"@type\":\"ImageObject\",\"inLanguage\":\"pl-PL\",\"@id\":\"https:\/\/splapszanka.lapszenizne.pl\/index.php\/2025\/10\/17\/europejski-dzien-przywracania-czynnosci-serca\/#primaryimage\",\"url\":\"https:\/\/splapszanka.lapszenizne.pl\/wp-content\/uploads\/2025\/10\/DSC00296-scaled.jpg\",\"contentUrl\":\"https:\/\/splapszanka.lapszenizne.pl\/wp-content\/uploads\/2025\/10\/DSC00296-scaled.jpg\",\"width\":2560,\"height\":1920,\"caption\":\"Resuscytacja\"},{\"@type\":\"BreadcrumbList\",\"@id\":\"https:\/\/splapszanka.lapszenizne.pl\/index.php\/2025\/10\/17\/europejski-dzien-przywracania-czynnosci-serca\/#breadcrumb\",\"itemListElement\":[{\"@type\":\"ListItem\",\"position\":1,\"name\":\"Strona g\u0142\u00f3wna\",\"item\":\"https:\/\/splapszanka.lapszenizne.pl\/\"},{\"@type\":\"ListItem\",\"position\":2,\"name\":\"Europejski Dzie\u0144 Przywracania Czynno\u015bci Serca\"}]},{\"@type\":\"WebSite\",\"@id\":\"https:\/\/splapszanka.lapszenizne.pl\/#website\",\"url\":\"https:\/\/splapszanka.lapszenizne.pl\/\",\"name\":\"Szko\u0142a Podstawowa w \u0141apszance\",\"description\":\"\u0141apszanka ul. D\u0142uga 35,  34-442 \u0141apsze Ni\u017cne,  woj. ma\u0142opolskie\",\"publisher\":{\"@id\":\"https:\/\/splapszanka.lapszenizne.pl\/#organization\"},\"potentialAction\":[{\"@type\":\"SearchAction\",\"target\":{\"@type\":\"EntryPoint\",\"urlTemplate\":\"https:\/\/splapszanka.lapszenizne.pl\/?s={search_term_string}\"},\"query-input\":{\"@type\":\"PropertyValueSpecification\",\"valueRequired\":true,\"valueName\":\"search_term_string\"}}],\"inLanguage\":\"pl-PL\"},{\"@type\":\"Organization\",\"@id\":\"https:\/\/splapszanka.lapszenizne.pl\/#organization\",\"name\":\"Szko\u0142a Podstawowa w \u0141apszance\",\"url\":\"https:\/\/splapszanka.lapszenizne.pl\/\",\"logo\":{\"@type\":\"ImageObject\",\"inLanguage\":\"pl-PL\",\"@id\":\"https:\/\/splapszanka.lapszenizne.pl\/#\/schema\/logo\/image\/\",\"url\":\"https:\/\/splapszanka.lapszenizne.pl\/wp-content\/uploads\/2020\/03\/cropped-75328783_1588584124617847_5132413514161324032_o.jpg\",\"contentUrl\":\"https:\/\/splapszanka.lapszenizne.pl\/wp-content\/uploads\/2020\/03\/cropped-75328783_1588584124617847_5132413514161324032_o.jpg\",\"width\":1830,\"height\":1202,\"caption\":\"Szko\u0142a Podstawowa w \u0141apszance\"},\"image\":{\"@id\":\"https:\/\/splapszanka.lapszenizne.pl\/#\/schema\/logo\/image\/\"}},{\"@type\":\"Person\",\"@id\":\"https:\/\/splapszanka.lapszenizne.pl\/#\/schema\/person\/6404b0ec0d52038e5f96070aa759635d\",\"name\":\"Katarzyna Kuruc\",\"image\":{\"@type\":\"ImageObject\",\"inLanguage\":\"pl-PL\",\"@id\":\"https:\/\/splapszanka.lapszenizne.pl\/#\/schema\/person\/image\/\",\"url\":\"https:\/\/secure.gravatar.com\/avatar\/afa35e0fa7edad46d4a035bc61001fc64814cea0edb6dbf2d6b73ab958c7e122?s=96&d=mm&r=g\",\"contentUrl\":\"https:\/\/secure.gravatar.com\/avatar\/afa35e0fa7edad46d4a035bc61001fc64814cea0edb6dbf2d6b73ab958c7e122?s=96&d=mm&r=g\",\"caption\":\"Katarzyna Kuruc\"},\"sameAs\":[\"http:\/\/oldlapszanka.lapszenizne.pl\"],\"url\":\"https:\/\/splapszanka.lapszenizne.pl\/index.php\/author\/katarzyna-kuruc\/\"}]}<\/script>\n<!-- \/ Yoast SEO plugin. -->","yoast_head_json":{"title":"Europejski Dzie\u0144 Przywracania Czynno\u015bci Serca - Szko\u0142a Podstawowa w \u0141apszance","robots":{"index":"index","follow":"follow","max-snippet":"max-snippet:-1","max-image-preview":"max-image-preview:large","max-video-preview":"max-video-preview:-1"},"canonical":"https:\/\/splapszanka.lapszenizne.pl\/index.php\/2025\/10\/17\/europejski-dzien-przywracania-czynnosci-serca\/","og_locale":"pl_PL","og_type":"article","og_title":"Europejski Dzie\u0144 Przywracania Czynno\u015bci Serca - Szko\u0142a Podstawowa w \u0141apszance","og_description":"16 pa\u017adziernika obchodzimy Europejski Dzie\u0144 Przywracania Czynno\u015bci Serca. Ta coroczna inicjatywa maj\u0105ca na celu promowanie wiedzy i umiej\u0119tno\u015bci udzielania pierwszej pomocy, zw\u0142aszcza resuscytacji kr\u0105\u017ceniowo-oddechowej obchodzona jest we wszystkich krajach Europy. W zwi\u0105zku z tym nasza szko\u0142a wzi\u0119\u0142a udzia\u0142 w akcji Czytaj Dalej","og_url":"https:\/\/splapszanka.lapszenizne.pl\/index.php\/2025\/10\/17\/europejski-dzien-przywracania-czynnosci-serca\/","og_site_name":"Szko\u0142a Podstawowa w \u0141apszance","article_published_time":"2025-10-17T08:32:13+00:00","og_image":[{"width":2560,"height":1920,"url":"https:\/\/splapszanka.lapszenizne.pl\/wp-content\/uploads\/2025\/10\/DSC00296-scaled.jpg","type":"image\/jpeg"}],"author":"Katarzyna Kuruc","twitter_card":"summary_large_image","twitter_misc":{"Napisane przez":"Katarzyna Kuruc","Szacowany czas czytania":"1 minuta"},"schema":{"@context":"https:\/\/schema.org","@graph":[{"@type":"Article","@id":"https:\/\/splapszanka.lapszenizne.pl\/index.php\/2025\/10\/17\/europejski-dzien-przywracania-czynnosci-serca\/#article","isPartOf":{"@id":"https:\/\/splapszanka.lapszenizne.pl\/index.php\/2025\/10\/17\/europejski-dzien-przywracania-czynnosci-serca\/"},"author":{"name":"Katarzyna Kuruc","@id":"https:\/\/splapszanka.lapszenizne.pl\/#\/schema\/person\/6404b0ec0d52038e5f96070aa759635d"},"headline":"Europejski Dzie\u0144 Przywracania Czynno\u015bci Serca","datePublished":"2025-10-17T08:32:13+00:00","mainEntityOfPage":{"@id":"https:\/\/splapszanka.lapszenizne.pl\/index.php\/2025\/10\/17\/europejski-dzien-przywracania-czynnosci-serca\/"},"wordCount":123,"publisher":{"@id":"https:\/\/splapszanka.lapszenizne.pl\/#organization"},"image":{"@id":"https:\/\/splapszanka.lapszenizne.pl\/index.php\/2025\/10\/17\/europejski-dzien-przywracania-czynnosci-serca\/#primaryimage"},"thumbnailUrl":"https:\/\/splapszanka.lapszenizne.pl\/wp-content\/uploads\/2025\/10\/DSC00296-scaled.jpg","articleSection":["Aktualno\u015bci"],"inLanguage":"pl-PL"},{"@type":"WebPage","@id":"https:\/\/splapszanka.lapszenizne.pl\/index.php\/2025\/10\/17\/europejski-dzien-przywracania-czynnosci-serca\/","url":"https:\/\/splapszanka.lapszenizne.pl\/index.php\/2025\/10\/17\/europejski-dzien-przywracania-czynnosci-serca\/","name":"Europejski Dzie\u0144 Przywracania Czynno\u015bci Serca - Szko\u0142a Podstawowa w \u0141apszance","isPartOf":{"@id":"https:\/\/splapszanka.lapszenizne.pl\/#website"},"primaryImageOfPage":{"@id":"https:\/\/splapszanka.lapszenizne.pl\/index.php\/2025\/10\/17\/europejski-dzien-przywracania-czynnosci-serca\/#primaryimage"},"image":{"@id":"https:\/\/splapszanka.lapszenizne.pl\/index.php\/2025\/10\/17\/europejski-dzien-przywracania-czynnosci-serca\/#primaryimage"},"thumbnailUrl":"https:\/\/splapszanka.lapszenizne.pl\/wp-content\/uploads\/2025\/10\/DSC00296-scaled.jpg","datePublished":"2025-10-17T08:32:13+00:00","breadcrumb":{"@id":"https:\/\/splapszanka.lapszenizne.pl\/index.php\/2025\/10\/17\/europejski-dzien-przywracania-czynnosci-serca\/#breadcrumb"},"inLanguage":"pl-PL","potentialAction":[{"@type":"ReadAction","target":["https:\/\/splapszanka.lapszenizne.pl\/index.php\/2025\/10\/17\/europejski-dzien-przywracania-czynnosci-serca\/"]}]},{"@type":"ImageObject","inLanguage":"pl-PL","@id":"https:\/\/splapszanka.lapszenizne.pl\/index.php\/2025\/10\/17\/europejski-dzien-przywracania-czynnosci-serca\/#primaryimage","url":"https:\/\/splapszanka.lapszenizne.pl\/wp-content\/uploads\/2025\/10\/DSC00296-scaled.jpg","contentUrl":"https:\/\/splapszanka.lapszenizne.pl\/wp-content\/uploads\/2025\/10\/DSC00296-scaled.jpg","width":2560,"height":1920,"caption":"Resuscytacja"},{"@type":"BreadcrumbList","@id":"https:\/\/splapszanka.lapszenizne.pl\/index.php\/2025\/10\/17\/europejski-dzien-przywracania-czynnosci-serca\/#breadcrumb","itemListElement":[{"@type":"ListItem","position":1,"name":"Strona g\u0142\u00f3wna","item":"https:\/\/splapszanka.lapszenizne.pl\/"},{"@type":"ListItem","position":2,"name":"Europejski Dzie\u0144 Przywracania Czynno\u015bci Serca"}]},{"@type":"WebSite","@id":"https:\/\/splapszanka.lapszenizne.pl\/#website","url":"https:\/\/splapszanka.lapszenizne.pl\/","name":"Szko\u0142a Podstawowa w \u0141apszance","description":"\u0141apszanka ul. D\u0142uga 35,  34-442 \u0141apsze Ni\u017cne,  woj. ma\u0142opolskie","publisher":{"@id":"https:\/\/splapszanka.lapszenizne.pl\/#organization"},"potentialAction":[{"@type":"SearchAction","target":{"@type":"EntryPoint","urlTemplate":"https:\/\/splapszanka.lapszenizne.pl\/?s={search_term_string}"},"query-input":{"@type":"PropertyValueSpecification","valueRequired":true,"valueName":"search_term_string"}}],"inLanguage":"pl-PL"},{"@type":"Organization","@id":"https:\/\/splapszanka.lapszenizne.pl\/#organization","name":"Szko\u0142a Podstawowa w \u0141apszance","url":"https:\/\/splapszanka.lapszenizne.pl\/","logo":{"@type":"ImageObject","inLanguage":"pl-PL","@id":"https:\/\/splapszanka.lapszenizne.pl\/#\/schema\/logo\/image\/","url":"https:\/\/splapszanka.lapszenizne.pl\/wp-content\/uploads\/2020\/03\/cropped-75328783_1588584124617847_5132413514161324032_o.jpg","contentUrl":"https:\/\/splapszanka.lapszenizne.pl\/wp-content\/uploads\/2020\/03\/cropped-75328783_1588584124617847_5132413514161324032_o.jpg","width":1830,"height":1202,"caption":"Szko\u0142a Podstawowa w \u0141apszance"},"image":{"@id":"https:\/\/splapszanka.lapszenizne.pl\/#\/schema\/logo\/image\/"}},{"@type":"Person","@id":"https:\/\/splapszanka.lapszenizne.pl\/#\/schema\/person\/6404b0ec0d52038e5f96070aa759635d","name":"Katarzyna Kuruc","image":{"@type":"ImageObject","inLanguage":"pl-PL","@id":"https:\/\/splapszanka.lapszenizne.pl\/#\/schema\/person\/image\/","url":"https:\/\/secure.gravatar.com\/avatar\/afa35e0fa7edad46d4a035bc61001fc64814cea0edb6dbf2d6b73ab958c7e122?s=96&d=mm&r=g","contentUrl":"https:\/\/secure.gravatar.com\/avatar\/afa35e0fa7edad46d4a035bc61001fc64814cea0edb6dbf2d6b73ab958c7e122?s=96&d=mm&r=g","caption":"Katarzyna Kuruc"},"sameAs":["http:\/\/oldlapszanka.lapszenizne.pl"],"url":"https:\/\/splapszanka.lapszenizne.pl\/index.php\/author\/katarzyna-kuruc\/"}]}},"_links":{"self":[{"href":"https:\/\/splapszanka.lapszenizne.pl\/index.php\/wp-json\/wp\/v2\/posts\/3358","targetHints":{"allow":["GET"]}}],"collection":[{"href":"https:\/\/splapszanka.lapszenizne.pl\/index.php\/wp-json\/wp\/v2\/posts"}],"about":[{"href":"https:\/\/splapszanka.lapszenizne.pl\/index.php\/wp-json\/wp\/v2\/types\/post"}],"author":[{"embeddable":true,"href":"https:\/\/splapszanka.lapszenizne.pl\/index.php\/wp-json\/wp\/v2\/users\/3"}],"replies":[{"embeddable":true,"href":"https:\/\/splapszanka.lapszenizne.pl\/index.php\/wp-json\/wp\/v2\/comments?post=3358"}],"version-history":[{"count":2,"href":"https:\/\/splapszanka.lapszenizne.pl\/index.php\/wp-json\/wp\/v2\/posts\/3358\/revisions"}],"predecessor-version":[{"id":3361,"href":"https:\/\/splapszanka.lapszenizne.pl\/index.php\/wp-json\/wp\/v2\/posts\/3358\/revisions\/3361"}],"wp:featuredmedia":[{"embeddable":true,"href":"https:\/\/splapszanka.lapszenizne.pl\/index.php\/wp-json\/wp\/v2\/media\/3360"}],"wp:attachment":[{"href":"https:\/\/splapszanka.lapszenizne.pl\/index.php\/wp-json\/wp\/v2\/media?parent=3358"}],"wp:term":[{"taxonomy":"category","embeddable":true,"href":"https:\/\/splapszanka.lapszenizne.pl\/index.php\/wp-json\/wp\/v2\/categories?post=3358"},{"taxonomy":"post_tag","embeddable":true,"href":"https:\/\/splapszanka.lapszenizne.pl\/index.php\/wp-json\/wp\/v2\/tags?post=3358"}],"curies":[{"name":"wp","href":"https:\/\/api.w.org\/{rel}","templated":true}]}}