{"id":3344,"date":"2025-10-16T20:14:13","date_gmt":"2025-10-16T18:14:13","guid":{"rendered":"https:\/\/splapszanka.lapszenizne.pl\/?p=3344"},"modified":"2025-10-16T20:14:13","modified_gmt":"2025-10-16T18:14:13","slug":"1000-lat-korony-polskiej","status":"publish","type":"post","link":"https:\/\/splapszanka.lapszenizne.pl\/index.php\/2025\/10\/16\/1000-lat-korony-polskiej\/","title":{"rendered":"1000 lat Korony Polskiej"},"content":{"rendered":"<div class=\"xdj266r x14z9mp xat24cr x1lziwak x1vvkbs x126k92a\">\n<div dir=\"auto\">\u201eKoronacja Boles\u0142awa Chrobrego\u201d \u2013 szkolne widowisko historyczne<\/div>\n<\/div>\n<div class=\"x14z9mp xat24cr x1lziwak x1vvkbs xtlvy1s x126k92a\">\n<div dir=\"auto\">2. pa\u017adziernika w naszej szkole odby\u0142o si\u0119 niezwyk\u0142e widowisko historyczne, przygotowane przez uczni\u00f3w kl. V i VI, pod opiek\u0105 nauczyciela historii, Pani Celinki Regiec. Spektakl przeni\u00f3s\u0142 widz\u00f3w w czasy pocz\u0105tk\u00f3w pa\u0144stwa polskiego \u2013 do prze\u0142omowych wydarze\u0144 z \u017cycia Boles\u0142awa Chrobrego, pierwszego kr\u00f3la Polski.<\/div>\n<\/div>\n<div class=\"x14z9mp xat24cr x1lziwak x1vvkbs xtlvy1s x126k92a\">\n<div dir=\"auto\">Powr\u00f3t do roku 1000 i Zjazdu w Gnie\u017anie<\/div>\n<\/div>\n<div class=\"x14z9mp xat24cr x1lziwak x1vvkbs xtlvy1s x126k92a\">\n<div dir=\"auto\">Na scenie pojawi\u0142 si\u0119 cesarz Otton III oraz Boles\u0142aw Chrobry, kt\u00f3rzy symbolicznie przypiecz\u0119towali sojusz m\u0142odego pa\u0144stwa Piast\u00f3w z Cesarstwem. Uczniowie, przy akompaniamencie \u015bredniowiecznej muzyki, odegrali moment przekazania relikwii \u015bw. Wojciecha oraz w\u0142\u00f3czni \u2013 znak\u00f3w wiary i przyja\u017ani.<\/div>\n<\/div>\n<div class=\"x14z9mp xat24cr x1lziwak x1vvkbs xtlvy1s x126k92a\">\n<div dir=\"auto\">Kulminacja \u2013 koronacja w 1025 roku<\/div>\n<\/div>\n<div class=\"x14z9mp xat24cr x1lziwak x1vvkbs xtlvy1s x126k92a\">\n<div dir=\"auto\">Najbardziej oczekiwanym punktem przedstawienia by\u0142a inscenizacja koronacji Boles\u0142awa Chrobrego. W obecno\u015bci duchownych i mo\u017cnych arcybiskup na\u0142o\u017cy\u0142 koron\u0119 na g\u0142ow\u0119 w\u0142adcy, a sala wype\u0142ni\u0142a si\u0119 fanfarami i ch\u00f3ralnym okrzykiem: \u201eNiech \u017cyje kr\u00f3l! Niech \u017cyje Polska!\u201d.<\/div>\n<\/div>\n<div class=\"x14z9mp xat24cr x1lziwak x1vvkbs xtlvy1s x126k92a\">\n<div dir=\"auto\">Przes\u0142anie dla wsp\u00f3\u0142czesnych<\/div>\n<\/div>\n<div class=\"x14z9mp xat24cr x1lziwak x1vvkbs xtlvy1s x126k92a\">\n<div dir=\"auto\">Spektakl zako\u0144czy\u0142 si\u0119 refleksj\u0105 narrator\u00f3w i samego Boles\u0142awa, kt\u00f3ry zwr\u00f3ci\u0142 si\u0119 do publiczno\u015bci: \u201eNiech ka\u017cdy z was b\u0119dzie rycerzem dobra, w\u0142adc\u0105 swego sumienia i obywatelem, kt\u00f3ry zna swoj\u0105 histori\u0119.\u201d<\/div>\n<\/div>\n<div class=\"x14z9mp xat24cr x1lziwak x1vvkbs xtlvy1s x126k92a\">\n<div dir=\"auto\">Widowisko by\u0142o nie tylko lekcj\u0105 historii, ale tak\u017ce pi\u0119knym przypomnieniem o warto\u015bciach, kt\u00f3re budowa\u0142y nasz\u0105 ojczyzn\u0119 \u2013 wierze, odwadze i wsp\u00f3lnocie.<\/div>\n<\/div>\n<div class=\"x14z9mp xat24cr x1lziwak x1vvkbs xtlvy1s x126k92a\">\n<div dir=\"auto\">Wsp\u00f3\u0142praca z lokaln\u0105 grup\u0105<\/div>\n<\/div>\n<div class=\"x14z9mp xat24cr x1lziwak x1vvkbs xtlvy1s x126k92a\">\n<div dir=\"auto\">Ca\u0142e przedsi\u0119wzi\u0119cie zainicjowa\u0142o <span class=\"html-span xdj266r x14z9mp xat24cr x1lziwak xexx8yu xyri2b x18d9i69 x1c1uobl x1hl2dhg x16tdsg8 x1vvkbs\"><a class=\"x1i10hfl xjbqb8w x1ejq31n x18oe1m7 x1sy0etr xstzfhl x972fbf x10w94by x1qhh985 x14e42zd x9f619 x1ypdohk xt0psk2 x3ct3a4 xdj266r x14z9mp xat24cr x1lziwak xexx8yu xyri2b x18d9i69 x1c1uobl x16tdsg8 x1hl2dhg xggy1nq x1a2a7pz xkrqix3 x1sur9pj x1fey0fg x1s688f\" tabindex=\"0\" role=\"link\" href=\"https:\/\/www.facebook.com\/profile.php?id=100076946742199&amp;__cft__[0]=AZVNB4xJei6gn_mYeWlsQxke4_6kNSD66S7YIT4mXahyhDDcjqkD3JD0wgVEPDu7UrpVqyzfVsOiyA3fYDcBou80SR5fGYxdYK27Df3Dl3GuqcfXmnpmFEBPANhC9GdYKz4K7M-ATuKc9rzmwRJlZ34zXLnk7p36r_cgpZoZqNYo-eksHhsZ0pxB5XkjNZqJct0&amp;__tn__=-]K-R\"><span class=\"xt0psk2\"><span class=\"xjp7ctv\">Ko\u0142o Gospody\u0144 Wiejskich w \u0141apszance<\/span><\/span><\/a><\/span> poprzez projekt z <span class=\"html-span xdj266r x14z9mp xat24cr x1lziwak xexx8yu xyri2b x18d9i69 x1c1uobl x1hl2dhg x16tdsg8 x1vvkbs\"><a class=\"x1i10hfl xjbqb8w x1ejq31n x18oe1m7 x1sy0etr xstzfhl x972fbf x10w94by x1qhh985 x14e42zd x9f619 x1ypdohk xt0psk2 x3ct3a4 xdj266r x14z9mp xat24cr x1lziwak xexx8yu xyri2b x18d9i69 x1c1uobl x16tdsg8 x1hl2dhg xggy1nq x1a2a7pz xkrqix3 x1sur9pj x1fey0fg x1s688f\" tabindex=\"0\" role=\"link\" href=\"https:\/\/www.facebook.com\/umwmofficial?__cft__[0]=AZVNB4xJei6gn_mYeWlsQxke4_6kNSD66S7YIT4mXahyhDDcjqkD3JD0wgVEPDu7UrpVqyzfVsOiyA3fYDcBou80SR5fGYxdYK27Df3Dl3GuqcfXmnpmFEBPANhC9GdYKz4K7M-ATuKc9rzmwRJlZ34zXLnk7p36r_cgpZoZqNYo-eksHhsZ0pxB5XkjNZqJct0&amp;__tn__=-]K-R\"><span class=\"xt0psk2\"><span class=\"xjp7ctv\">Urz\u0105d Marsza\u0142kowski Wojew\u00f3dztwa Ma\u0142opolskiego<\/span><\/span><\/a><\/span> oraz Zasmakuj w Ma\u0142opolsce, zatytu\u0142owany \u201cOd dworskiego spichlerza do spiskiego talerza\u201d. Uczni\u00f3w, nauczycieli, rodzic\u00f3w oraz zaproszonych go\u015bci, m.in. W\u00f3jta Gminy \u0141apsze Ni\u017cne, Jakuba Jamroza, panie z KGW ugo\u015bci\u0142y i\u015bcie po kr\u00f3lewsku, przy suto zastawionych sto\u0142ach, niejednokrotnie zapomnianej kuchni spiskiej, kt\u00f3ra wraca do \u0142aski. Bardzo serdecznie dzi\u0119kujemy za cudown\u0105 organizacj\u0119 uczty dla uczczenie 1000 lat Korony Kr\u00f3lestwa Polskiego.<\/div>\n<div dir=\"auto\">\n<style id=\"bwg-style-0\">    #bwg_container1_0 #bwg_container2_0 .bwg-container-0.bwg-standard-thumbnails {      width: 1254px;              justify-content: center;        margin:0 auto !important;              background-color: rgba(255, 255, 255, 0.00);            padding-left: 4px;      padding-top: 4px;      max-width: 100%;            }        #bwg_container1_0 #bwg_container2_0 .bwg-container-0.bwg-standard-thumbnails .bwg-item {    justify-content: flex-start;      max-width: 250px;          }    #bwg_container1_0 #bwg_container2_0 .bwg-container-0.bwg-standard-thumbnails .bwg-item a {       margin-right: 4px;       margin-bottom: 4px;    }    #bwg_container1_0 #bwg_container2_0 .bwg-container-0.bwg-standard-thumbnails .bwg-item0 {      padding: 0px;            background-color:rgba(0,0,0, 0.30);      border: 0px none #CCCCCC;      opacity: 1.00;      border-radius: 0;      box-shadow: ;    }    #bwg_container1_0 #bwg_container2_0 .bwg-container-0.bwg-standard-thumbnails .bwg-item1 img {      max-height: none;      max-width: none;      padding: 0 !important;    }         @media only screen and (min-width: 480px) {\t\t#bwg_container1_0 #bwg_container2_0 .bwg-container-0.bwg-standard-thumbnails .bwg-item1 img {\t\t\t-webkit-transition: all .3s; transition: all .3s;\t\t}\t\t#bwg_container1_0 #bwg_container2_0 .bwg-container-0.bwg-standard-thumbnails .bwg-item1 img:hover {\t\t\t-ms-transform: scale(1.08);\t\t\t-webkit-transform: scale(1.08);\t\t\ttransform: scale(1.08);\t\t}\t\t      }\t    #bwg_container1_0 #bwg_container2_0 .bwg-container-0.bwg-standard-thumbnails .bwg-item1 {      padding-top: 56%;    }        #bwg_container1_0 #bwg_container2_0 .bwg-container-0.bwg-standard-thumbnails .bwg-title2,    #bwg_container1_0 #bwg_container2_0 .bwg-container-0.bwg-standard-thumbnails .bwg-ecommerce2 {      color: #323A45;      font-family: Ubuntu;      font-size: 16px;      font-weight: bold;      padding: 2px;      text-shadow: ;      max-height: 100%;    }    #bwg_container1_0 #bwg_container2_0 .bwg-container-0.bwg-standard-thumbnails .bwg-thumb-description span {    color: #323A45;    font-family: Ubuntu;    font-size: 12px;    max-height: 100%;    word-wrap: break-word;    }    #bwg_container1_0 #bwg_container2_0 .bwg-container-0.bwg-standard-thumbnails .bwg-play-icon2 {      font-size: 32px;    }    #bwg_container1_0 #bwg_container2_0 .bwg-container-0.bwg-standard-thumbnails .bwg-ecommerce2 {      font-size: 19.2px;      color: #323A45;    }    <\/style>    <div id=\"bwg_container1_0\"         class=\"bwg_container bwg_thumbnail bwg_thumbnails \"         data-right-click-protection=\"0\"         data-bwg=\"0\"         data-scroll=\"0\"         data-gallery-type=\"thumbnails\"         data-gallery-view-type=\"thumbnails\"         data-current-url=\"\/index.php\/wp-json\/wp\/v2\/posts\/3344\"         data-lightbox-url=\"https:\/\/splapszanka.lapszenizne.pl\/wp-admin\/admin-ajax.php?action=GalleryBox&#038;current_view=0&#038;gallery_id=291&#038;tag=0&#038;theme_id=1&#038;shortcode_id=598&#038;sort_by=order&#038;order_by=asc&#038;current_url=%2Findex.php%2Fwp-json%2Fwp%2Fv2%2Fposts%2F3344\"         data-gallery-id=\"291\"         data-popup-width=\"800\"         data-popup-height=\"500\"         data-is-album=\"gallery\"         data-buttons-position=\"bottom\">      <div id=\"bwg_container2_0\">             <div id=\"ajax_loading_0\" class=\"bwg_loading_div_1\">      <div class=\"bwg_loading_div_2\">        <div class=\"bwg_loading_div_3\">          <div id=\"loading_div_0\" class=\"bwg_spider_ajax_loading\">          <\/div>        <\/div>      <\/div>    <\/div>            <form id=\"gal_front_form_0\"              class=\"bwg-hidden\"              method=\"post\"              action=\"#\"              data-current=\"0\"              data-shortcode-id=\"598\"              data-gallery-type=\"thumbnails\"              data-gallery-id=\"291\"              data-tag=\"0\"              data-album-id=\"0\"              data-theme-id=\"1\"              data-ajax-url=\"https:\/\/splapszanka.lapszenizne.pl\/wp-admin\/admin-ajax.php?action=bwg_frontend_data\">          <div id=\"bwg_container3_0\" class=\"bwg-background bwg-background-0\">                <div data-max-count=\"5\"         data-thumbnail-width=\"250\"         data-bwg=\"0\"         data-gallery-id=\"291\"         data-lightbox-url=\"https:\/\/splapszanka.lapszenizne.pl\/wp-admin\/admin-ajax.php?action=GalleryBox&amp;current_view=0&amp;gallery_id=291&amp;tag=0&amp;theme_id=1&amp;shortcode_id=598&amp;sort_by=order&amp;order_by=asc&amp;current_url=%2Findex.php%2Fwp-json%2Fwp%2Fv2%2Fposts%2F3344\"         id=\"bwg_thumbnails_0\"         class=\"bwg-container-0 bwg-thumbnails bwg-standard-thumbnails bwg-container bwg-border-box\">            <div class=\"bwg-item\">        <a class=\"bwg-a  bwg_lightbox\"  data-image-id=\"2830\" data-elementor-open-lightbox=\"no\">                <div class=\"bwg-item0 \">          <div class=\"bwg-item1 \">            <div class=\"bwg-item2\">              <img decoding=\"async\" class=\"skip-lazy bwg_standart_thumb_img_0 \"                   data-id=\"2830\"                   data-width=\"500.00\"                   data-height=\"282.00\"                   data-src=\"https:\/\/splapszanka.lapszenizne.pl\/wp-content\/uploads\/photo-gallery\/1000_lat_Polski\/thumb\/557218936_1241571804634412_788473221710872470_n.jpg?bwg=1760638266\"                   src=\"https:\/\/splapszanka.lapszenizne.pl\/wp-content\/uploads\/photo-gallery\/1000_lat_Polski\/thumb\/557218936_1241571804634412_788473221710872470_n.jpg?bwg=1760638266\"                   alt=\"Dania przygotowane przez Ko\u0142o Gospody\u0144 Wiejskich\"                   title=\"Dania przygotowane przez Ko\u0142o Gospody\u0144 Wiejskich\" \/>            <\/div>            <div class=\"\">                                                      <\/div>          <\/div>        <\/div>                        <\/a>              <\/div>            <div class=\"bwg-item\">        <a class=\"bwg-a  bwg_lightbox\"  data-image-id=\"2831\" data-elementor-open-lightbox=\"no\">                <div class=\"bwg-item0 \">          <div class=\"bwg-item1 \">            <div class=\"bwg-item2\">              <img decoding=\"async\" class=\"skip-lazy bwg_standart_thumb_img_0 \"                   data-id=\"2831\"                   data-width=\"375.00\"                   data-height=\"500.00\"                   data-src=\"https:\/\/splapszanka.lapszenizne.pl\/wp-content\/uploads\/photo-gallery\/1000_lat_Polski\/thumb\/557209110_1241570957967830_5428336401549050282_n.jpg?bwg=1760638266\"                   src=\"https:\/\/splapszanka.lapszenizne.pl\/wp-content\/uploads\/photo-gallery\/1000_lat_Polski\/thumb\/557209110_1241570957967830_5428336401549050282_n.jpg?bwg=1760638266\"                   alt=\"Dekoracja\"                   title=\"Dekoracja\" \/>            <\/div>            <div class=\"\">                                                      <\/div>          <\/div>        <\/div>                        <\/a>              <\/div>            <div class=\"bwg-item\">        <a class=\"bwg-a  bwg_lightbox\"  data-image-id=\"2832\" data-elementor-open-lightbox=\"no\">                <div class=\"bwg-item0 \">          <div class=\"bwg-item1 \">            <div class=\"bwg-item2\">              <img decoding=\"async\" class=\"skip-lazy bwg_standart_thumb_img_0 \"                   data-id=\"2832\"                   data-width=\"375.00\"                   data-height=\"500.00\"                   data-src=\"https:\/\/splapszanka.lapszenizne.pl\/wp-content\/uploads\/photo-gallery\/1000_lat_Polski\/thumb\/557580844_1241571144634478_4087187833943934033_n.jpg?bwg=1760638266\"                   src=\"https:\/\/splapszanka.lapszenizne.pl\/wp-content\/uploads\/photo-gallery\/1000_lat_Polski\/thumb\/557580844_1241571144634478_4087187833943934033_n.jpg?bwg=1760638266\"                   alt=\"M\u0142ody kr\u00f3l\"                   title=\"M\u0142ody kr\u00f3l\" \/>            <\/div>            <div class=\"\">                                                      <\/div>          <\/div>        <\/div>                        <\/a>              <\/div>            <div class=\"bwg-item\">        <a class=\"bwg-a  bwg_lightbox\"  data-image-id=\"2833\" data-elementor-open-lightbox=\"no\">                <div class=\"bwg-item0 \">          <div class=\"bwg-item1 \">            <div class=\"bwg-item2\">              <img decoding=\"async\" class=\"skip-lazy bwg_standart_thumb_img_0 \"                   data-id=\"2833\"                   data-width=\"375.00\"                   data-height=\"500.00\"                   data-src=\"https:\/\/splapszanka.lapszenizne.pl\/wp-content\/uploads\/photo-gallery\/1000_lat_Polski\/thumb\/557580844_1241571257967800_5496728711500880743_n.jpg?bwg=1760638266\"                   src=\"https:\/\/splapszanka.lapszenizne.pl\/wp-content\/uploads\/photo-gallery\/1000_lat_Polski\/thumb\/557580844_1241571257967800_5496728711500880743_n.jpg?bwg=1760638266\"                   alt=\"Koronacja kr\u00f3la\"                   title=\"Koronacja kr\u00f3la\" \/>            <\/div>            <div class=\"\">                                                      <\/div>          <\/div>        <\/div>                        <\/a>              <\/div>            <div class=\"bwg-item\">        <a class=\"bwg-a  bwg_lightbox\"  data-image-id=\"2834\" data-elementor-open-lightbox=\"no\">                <div class=\"bwg-item0 \">          <div class=\"bwg-item1 \">            <div class=\"bwg-item2\">              <img decoding=\"async\" class=\"skip-lazy bwg_standart_thumb_img_0 \"                   data-id=\"2834\"                   data-width=\"500.00\"                   data-height=\"375.00\"                   data-src=\"https:\/\/splapszanka.lapszenizne.pl\/wp-content\/uploads\/photo-gallery\/1000_lat_Polski\/thumb\/557215047_1241571684634424_4981581259818043667_n.jpg?bwg=1760638266\"                   src=\"https:\/\/splapszanka.lapszenizne.pl\/wp-content\/uploads\/photo-gallery\/1000_lat_Polski\/thumb\/557215047_1241571684634424_4981581259818043667_n.jpg?bwg=1760638266\"                   alt=\"Koronacja kr\u00f3la\"                   title=\"Koronacja kr\u00f3la\" \/>            <\/div>            <div class=\"\">                                                      <\/div>          <\/div>        <\/div>                        <\/a>              <\/div>            <div class=\"bwg-item\">        <a class=\"bwg-a  bwg_lightbox\"  data-image-id=\"2835\" data-elementor-open-lightbox=\"no\">                <div class=\"bwg-item0 \">          <div class=\"bwg-item1 \">            <div class=\"bwg-item2\">              <img decoding=\"async\" class=\"skip-lazy bwg_standart_thumb_img_0 \"                   data-id=\"2835\"                   data-width=\"500.00\"                   data-height=\"281.00\"                   data-src=\"https:\/\/splapszanka.lapszenizne.pl\/wp-content\/uploads\/photo-gallery\/1000_lat_Polski\/thumb\/558443611_1241570524634540_3948182483593232110_n.jpg?bwg=1760638266\"                   src=\"https:\/\/splapszanka.lapszenizne.pl\/wp-content\/uploads\/photo-gallery\/1000_lat_Polski\/thumb\/558443611_1241570524634540_3948182483593232110_n.jpg?bwg=1760638266\"                   alt=\"Za zastawionym sto\u0142em - uczta\"                   title=\"Za zastawionym sto\u0142em - uczta\" \/>            <\/div>            <div class=\"\">                                                      <\/div>          <\/div>        <\/div>                        <\/a>              <\/div>            <div class=\"bwg-item\">        <a class=\"bwg-a  bwg_lightbox\"  data-image-id=\"2836\" data-elementor-open-lightbox=\"no\">                <div class=\"bwg-item0 \">          <div class=\"bwg-item1 \">            <div class=\"bwg-item2\">              <img decoding=\"async\" class=\"skip-lazy bwg_standart_thumb_img_0 \"                   data-id=\"2836\"                   data-width=\"500.00\"                   data-height=\"281.00\"                   data-src=\"https:\/\/splapszanka.lapszenizne.pl\/wp-content\/uploads\/photo-gallery\/1000_lat_Polski\/thumb\/558415692_1241570637967862_3945006437170917211_n.jpg?bwg=1760638266\"                   src=\"https:\/\/splapszanka.lapszenizne.pl\/wp-content\/uploads\/photo-gallery\/1000_lat_Polski\/thumb\/558415692_1241570637967862_3945006437170917211_n.jpg?bwg=1760638266\"                   alt=\"Dania przygotowane przez Ko\u0142o Gospody\u0144 Wiejskich\"                   title=\"Dania przygotowane przez Ko\u0142o Gospody\u0144 Wiejskich\" \/>            <\/div>            <div class=\"\">                                                      <\/div>          <\/div>        <\/div>                        <\/a>              <\/div>            <div class=\"bwg-item\">        <a class=\"bwg-a  bwg_lightbox\"  data-image-id=\"2837\" data-elementor-open-lightbox=\"no\">                <div class=\"bwg-item0 \">          <div class=\"bwg-item1 \">            <div class=\"bwg-item2\">              <img decoding=\"async\" class=\"skip-lazy bwg_standart_thumb_img_0 \"                   data-id=\"2837\"                   data-width=\"500.00\"                   data-height=\"375.00\"                   data-src=\"https:\/\/splapszanka.lapszenizne.pl\/wp-content\/uploads\/photo-gallery\/1000_lat_Polski\/thumb\/557630484_1241571741301085_2252405148770537293_n.jpg?bwg=1760638266\"                   src=\"https:\/\/splapszanka.lapszenizne.pl\/wp-content\/uploads\/photo-gallery\/1000_lat_Polski\/thumb\/557630484_1241571741301085_2252405148770537293_n.jpg?bwg=1760638266\"                   alt=\"Za zastawionym sto\u0142em - uczta\"                   title=\"Za zastawionym sto\u0142em - uczta\" \/>            <\/div>            <div class=\"\">                                                      <\/div>          <\/div>        <\/div>                        <\/a>              <\/div>            <div class=\"bwg-item\">        <a class=\"bwg-a  bwg_lightbox\"  data-image-id=\"2838\" data-elementor-open-lightbox=\"no\">                <div class=\"bwg-item0 \">          <div class=\"bwg-item1 \">            <div class=\"bwg-item2\">              <img decoding=\"async\" class=\"skip-lazy bwg_standart_thumb_img_0 \"                   data-id=\"2838\"                   data-width=\"500.00\"                   data-height=\"375.00\"                   data-src=\"https:\/\/splapszanka.lapszenizne.pl\/wp-content\/uploads\/photo-gallery\/1000_lat_Polski\/thumb\/558980779_1241571394634453_5290696077732223240_n.jpg?bwg=1760638266\"                   src=\"https:\/\/splapszanka.lapszenizne.pl\/wp-content\/uploads\/photo-gallery\/1000_lat_Polski\/thumb\/558980779_1241571394634453_5290696077732223240_n.jpg?bwg=1760638266\"                   alt=\"Koronacja kr\u00f3la\"                   title=\"Koronacja kr\u00f3la\" \/>            <\/div>            <div class=\"\">                                                      <\/div>          <\/div>        <\/div>                        <\/a>              <\/div>            <div class=\"bwg-item\">        <a class=\"bwg-a  bwg_lightbox\"  data-image-id=\"2839\" data-elementor-open-lightbox=\"no\">                <div class=\"bwg-item0 \">          <div class=\"bwg-item1 \">            <div class=\"bwg-item2\">              <img decoding=\"async\" class=\"skip-lazy bwg_standart_thumb_img_0 \"                   data-id=\"2839\"                   data-width=\"375.00\"                   data-height=\"500.00\"                   data-src=\"https:\/\/splapszanka.lapszenizne.pl\/wp-content\/uploads\/photo-gallery\/1000_lat_Polski\/thumb\/558246926_1241571077967818_6530696507968542230_n.jpg?bwg=1760638266\"                   src=\"https:\/\/splapszanka.lapszenizne.pl\/wp-content\/uploads\/photo-gallery\/1000_lat_Polski\/thumb\/558246926_1241571077967818_6530696507968542230_n.jpg?bwg=1760638266\"                   alt=\"Damy dworu\"                   title=\"Damy dworu\" \/>            <\/div>            <div class=\"\">                                                      <\/div>          <\/div>        <\/div>                        <\/a>              <\/div>            <div class=\"bwg-item\">        <a class=\"bwg-a  bwg_lightbox\"  data-image-id=\"2840\" data-elementor-open-lightbox=\"no\">                <div class=\"bwg-item0 \">          <div class=\"bwg-item1 \">            <div class=\"bwg-item2\">              <img decoding=\"async\" class=\"skip-lazy bwg_standart_thumb_img_0 \"                   data-id=\"2840\"                   data-width=\"375.00\"                   data-height=\"500.00\"                   data-src=\"https:\/\/splapszanka.lapszenizne.pl\/wp-content\/uploads\/photo-gallery\/1000_lat_Polski\/thumb\/559497243_1241571194634473_2833805437026989327_n.jpg?bwg=1760638266\"                   src=\"https:\/\/splapszanka.lapszenizne.pl\/wp-content\/uploads\/photo-gallery\/1000_lat_Polski\/thumb\/559497243_1241571194634473_2833805437026989327_n.jpg?bwg=1760638266\"                   alt=\"Koronacja kr\u00f3la\"                   title=\"Koronacja kr\u00f3la\" \/>            <\/div>            <div class=\"\">                                                      <\/div>          <\/div>        <\/div>                        <\/a>              <\/div>            <div class=\"bwg-item\">        <a class=\"bwg-a  bwg_lightbox\"  data-image-id=\"2841\" data-elementor-open-lightbox=\"no\">                <div class=\"bwg-item0 \">          <div class=\"bwg-item1 \">            <div class=\"bwg-item2\">              <img decoding=\"async\" class=\"skip-lazy bwg_standart_thumb_img_0 \"                   data-id=\"2841\"                   data-width=\"500.00\"                   data-height=\"375.00\"                   data-src=\"https:\/\/splapszanka.lapszenizne.pl\/wp-content\/uploads\/photo-gallery\/1000_lat_Polski\/thumb\/559414877_1241571517967774_8992038084458137619_n.jpg?bwg=1760638266\"                   src=\"https:\/\/splapszanka.lapszenizne.pl\/wp-content\/uploads\/photo-gallery\/1000_lat_Polski\/thumb\/559414877_1241571517967774_8992038084458137619_n.jpg?bwg=1760638266\"                   alt=\"Koronacja kr\u00f3la\"                   title=\"Koronacja kr\u00f3la\" \/>            <\/div>            <div class=\"\">                                                      <\/div>          <\/div>        <\/div>                        <\/a>              <\/div>          <\/div>    <style>      \/*pagination styles*\/      #bwg_container1_0 #bwg_container2_0 .tablenav-pages_0 {\t\t\t\ttext-align: center;\t\t\t\tfont-size: 12px;\t\t\t\tfont-family: Ubuntu;\t\t\t\tfont-weight: bold;\t\t\t\tcolor: #666666;\t\t\t\tmargin: 6px 0 4px;\t\t\t\tdisplay: block;      }      @media only screen and (max-width : 320px) {      #bwg_container1_0 #bwg_container2_0 .displaying-num_0 {     \t display: none;      }      }      #bwg_container1_0 #bwg_container2_0 .displaying-num_0 {\t\t\t\tfont-size: 12px;\t\t\t\tfont-family: Ubuntu;\t\t\t\tfont-weight: bold;\t\t\t\tcolor: #666666;\t\t\t\tmargin-right: 10px;\t\t\t\tvertical-align: middle;      }      #bwg_container1_0 #bwg_container2_0 .paging-input_0 {\t\t\t\tfont-size: 12px;\t\t\t\tfont-family: Ubuntu;\t\t\t\tfont-weight: bold;\t\t\t\tcolor: #666666;\t\t\t\tvertical-align: middle;      }      #bwg_container1_0 #bwg_container2_0 .tablenav-pages_0 a.disabled,      #bwg_container1_0 #bwg_container2_0 .tablenav-pages_0 a.disabled:hover,      #bwg_container1_0 #bwg_container2_0 .tablenav-pages_0 a.disabled:focus,\t\t\t#bwg_container1_0 #bwg_container2_0 .tablenav-pages_0 input.bwg_current_page {\t\t\t\tcursor: default;\t\t\t\tcolor: rgba(102, 102, 102, 0.5);      }      #bwg_container1_0 #bwg_container2_0 .tablenav-pages_0 a,      #bwg_container1_0 #bwg_container2_0 .tablenav-pages_0 input.bwg_current_page {\t\t\t\tcursor: pointer;\t\t\t\ttext-align: center;\t\t\t\tfont-size: 12px;\t\t\t\tfont-family: Ubuntu;\t\t\t\tfont-weight: bold;\t\t\t\tcolor: #666666;\t\t\t\ttext-decoration: none;\t\t\t\tpadding: 3px 6px;\t\t\t\tmargin: 0;\t\t\t\tborder-radius: 0;\t\t\t\tborder-style: solid;\t\t\t\tborder-width: 1px;\t\t\t\tborder-color: #E3E3E3;\t\t\t\t\t\t\t\tbackground-color: rgba(255, 255, 255, 1.00);\t\t\t\tbox-shadow: 0;\t\t\t\ttransition: all 0.3s ease 0s;-webkit-transition: all 0.3s ease 0s;      }      <\/style>      <span class=\"bwg_nav_cont_0\">              <div class=\"tablenav-pages_0\">                  <\/div>                <input type=\"hidden\" id=\"page_number_0\" name=\"page_number_0\" value=\"1\" \/>      <script type=\"text\/javascript\">        if( jQuery('.bwg_nav_cont_0').length > 1 ) {          jQuery('.bwg_nav_cont_0').first().remove()        }        function spider_page_0(cur, x, y, load_more) {          if (typeof load_more == \"undefined\") {            var load_more = false;          }          if (jQuery(cur).hasClass('disabled')) {            return false;          }          var items_county_0 = 1;          switch (y) {            case 1:              if (x >= items_county_0) {                document.getElementById('page_number_0').value = items_county_0;              }              else {                document.getElementById('page_number_0').value = x + 1;              }              break;            case 2:              document.getElementById('page_number_0').value = items_county_0;              break;            case -1:              if (x == 1) {                document.getElementById('page_number_0').value = 1;              }              else {                document.getElementById('page_number_0').value = x - 1;              }              break;            case -2:              document.getElementById('page_number_0').value = 1;              break;\t\t\t\t\t\tcase 0:              document.getElementById('page_number_0').value = x;              break;            default:              document.getElementById('page_number_0').value = 1;          }          bwg_ajax('gal_front_form_0', '0', 'bwg_thumbnails_0', '0', '', 'gallery', 0, '', '', load_more, '', 1);        }                    jQuery('.first-page-0').on('click', function () {              spider_page_0(this, 1, -2, 'numeric');              return false;            });            jQuery('.prev-page-0').on('click', function () {              spider_page_0(this, 1, -1, 'numeric');              return false;            });            jQuery('.next-page-0').on('click', function () {              spider_page_0(this, 1, 1, 'numeric');              return false;            });            jQuery('.last-page-0').on('click', function () {              spider_page_0(this, 1, 2, 'numeric');              return false;            });        \t\t\t\t\/* Change page on input enter. *\/        function bwg_change_page_0( e, that ) {          if (  e.key == 'Enter' ) {            var to_page = parseInt(jQuery(that).val());            var pages_count = jQuery(that).parents(\".pagination-links\").data(\"pages-count\");            var current_url_param = jQuery(that).attr('data-url-info');            if (to_page > pages_count) {              to_page = 1;            }\t \t\t\t\t\t\t\t\t\t\t\t\tspider_page_0(this, to_page, 0, 'numeric');\t\t\t\t\t\t\treturn false;\t\t\t\t\t\t          }          return true;        }        jQuery('.bwg_load_btn_0').on('click', function () {            spider_page_0(this, 1, 1, true);            return false;        });      <\/script>      <\/span>                <\/div>        <\/form>        <style>          #bwg_container1_0 #bwg_container2_0 #spider_popup_overlay_0 {          background-color: #EEEEEE;          opacity: 0.60;          }          <\/style>        <div id=\"bwg_spider_popup_loading_0\" class=\"bwg_spider_popup_loading\"><\/div>        <div id=\"spider_popup_overlay_0\" class=\"spider_popup_overlay\" onclick=\"spider_destroypopup(1000)\"><\/div>        <input type=\"hidden\" id=\"bwg_random_seed_0\" value=\"1949850450\">                <\/div>    <\/div>    <script>      if (document.readyState === 'complete') {        if( typeof bwg_main_ready == 'function' ) {          if ( jQuery(\"#bwg_container1_0\").height() ) {            bwg_main_ready(jQuery(\"#bwg_container1_0\"));          }        }      } else {        document.addEventListener('DOMContentLoaded', function() {          if( typeof bwg_main_ready == 'function' ) {            if ( jQuery(\"#bwg_container1_0\").height() ) {             bwg_main_ready(jQuery(\"#bwg_container1_0\"));            }          }        });      }    <\/script>    \n<\/div>\n<\/div>\n","protected":false},"excerpt":{"rendered":"<p>\u201eKoronacja Boles\u0142awa Chrobrego\u201d \u2013 szkolne widowisko historyczne 2. pa\u017adziernika w naszej szkole odby\u0142o si\u0119 niezwyk\u0142e widowisko historyczne, przygotowane przez uczni\u00f3w kl. V i VI, pod opiek\u0105 nauczyciela historii, Pani Celinki Regiec. Spektakl przeni\u00f3s\u0142 widz\u00f3w w czasy pocz\u0105tk\u00f3w pa\u0144stwa polskiego \u2013 <a href=\"https:\/\/splapszanka.lapszenizne.pl\/index.php\/2025\/10\/16\/1000-lat-korony-polskiej\/\" class=\"read-more\">Czytaj Dalej<\/a><\/p>\n","protected":false},"author":3,"featured_media":3345,"comment_status":"closed","ping_status":"open","sticky":false,"template":"","format":"standard","meta":{"footnotes":""},"categories":[1],"tags":[],"class_list":["post-3344","post","type-post","status-publish","format-standard","has-post-thumbnail","hentry","category-aktualnosci"],"yoast_head":"<!-- This site is optimized with the Yoast SEO plugin v27.0 - https:\/\/yoast.com\/product\/yoast-seo-wordpress\/ -->\n<title>1000 lat Korony Polskiej - Szko\u0142a Podstawowa w \u0141apszance<\/title>\n<meta name=\"robots\" content=\"index, follow, max-snippet:-1, max-image-preview:large, max-video-preview:-1\" \/>\n<link rel=\"canonical\" href=\"https:\/\/splapszanka.lapszenizne.pl\/index.php\/2025\/10\/16\/1000-lat-korony-polskiej\/\" \/>\n<meta property=\"og:locale\" content=\"pl_PL\" \/>\n<meta property=\"og:type\" content=\"article\" \/>\n<meta property=\"og:title\" content=\"1000 lat Korony Polskiej - Szko\u0142a Podstawowa w \u0141apszance\" \/>\n<meta property=\"og:description\" content=\"\u201eKoronacja Boles\u0142awa Chrobrego\u201d \u2013 szkolne widowisko historyczne 2. pa\u017adziernika w naszej szkole odby\u0142o si\u0119 niezwyk\u0142e widowisko historyczne, przygotowane przez uczni\u00f3w kl. V i VI, pod opiek\u0105 nauczyciela historii, Pani Celinki Regiec. Spektakl przeni\u00f3s\u0142 widz\u00f3w w czasy pocz\u0105tk\u00f3w pa\u0144stwa polskiego \u2013 Czytaj Dalej\" \/>\n<meta property=\"og:url\" content=\"https:\/\/splapszanka.lapszenizne.pl\/index.php\/2025\/10\/16\/1000-lat-korony-polskiej\/\" \/>\n<meta property=\"og:site_name\" content=\"Szko\u0142a Podstawowa w \u0141apszance\" \/>\n<meta property=\"article:published_time\" content=\"2025-10-16T18:14:13+00:00\" \/>\n<meta property=\"og:image\" content=\"https:\/\/splapszanka.lapszenizne.pl\/wp-content\/uploads\/2025\/10\/559414877_1241571517967774_8992038084458137619_n.jpg\" \/>\n\t<meta property=\"og:image:width\" content=\"2048\" \/>\n\t<meta property=\"og:image:height\" content=\"1536\" \/>\n\t<meta property=\"og:image:type\" content=\"image\/jpeg\" \/>\n<meta name=\"author\" content=\"Katarzyna Kuruc\" \/>\n<meta name=\"twitter:card\" content=\"summary_large_image\" \/>\n<meta name=\"twitter:label1\" content=\"Napisane przez\" \/>\n\t<meta name=\"twitter:data1\" content=\"Katarzyna Kuruc\" \/>\n\t<meta name=\"twitter:label2\" content=\"Szacowany czas czytania\" \/>\n\t<meta name=\"twitter:data2\" content=\"2 minuty\" \/>\n<script type=\"application\/ld+json\" class=\"yoast-schema-graph\">{\"@context\":\"https:\/\/schema.org\",\"@graph\":[{\"@type\":\"Article\",\"@id\":\"https:\/\/splapszanka.lapszenizne.pl\/index.php\/2025\/10\/16\/1000-lat-korony-polskiej\/#article\",\"isPartOf\":{\"@id\":\"https:\/\/splapszanka.lapszenizne.pl\/index.php\/2025\/10\/16\/1000-lat-korony-polskiej\/\"},\"author\":{\"name\":\"Katarzyna Kuruc\",\"@id\":\"https:\/\/splapszanka.lapszenizne.pl\/#\/schema\/person\/6404b0ec0d52038e5f96070aa759635d\"},\"headline\":\"1000 lat Korony Polskiej\",\"datePublished\":\"2025-10-16T18:14:13+00:00\",\"mainEntityOfPage\":{\"@id\":\"https:\/\/splapszanka.lapszenizne.pl\/index.php\/2025\/10\/16\/1000-lat-korony-polskiej\/\"},\"wordCount\":347,\"publisher\":{\"@id\":\"https:\/\/splapszanka.lapszenizne.pl\/#organization\"},\"image\":{\"@id\":\"https:\/\/splapszanka.lapszenizne.pl\/index.php\/2025\/10\/16\/1000-lat-korony-polskiej\/#primaryimage\"},\"thumbnailUrl\":\"https:\/\/splapszanka.lapszenizne.pl\/wp-content\/uploads\/2025\/10\/559414877_1241571517967774_8992038084458137619_n.jpg\",\"articleSection\":[\"Aktualno\u015bci\"],\"inLanguage\":\"pl-PL\"},{\"@type\":\"WebPage\",\"@id\":\"https:\/\/splapszanka.lapszenizne.pl\/index.php\/2025\/10\/16\/1000-lat-korony-polskiej\/\",\"url\":\"https:\/\/splapszanka.lapszenizne.pl\/index.php\/2025\/10\/16\/1000-lat-korony-polskiej\/\",\"name\":\"1000 lat Korony Polskiej - Szko\u0142a Podstawowa w \u0141apszance\",\"isPartOf\":{\"@id\":\"https:\/\/splapszanka.lapszenizne.pl\/#website\"},\"primaryImageOfPage\":{\"@id\":\"https:\/\/splapszanka.lapszenizne.pl\/index.php\/2025\/10\/16\/1000-lat-korony-polskiej\/#primaryimage\"},\"image\":{\"@id\":\"https:\/\/splapszanka.lapszenizne.pl\/index.php\/2025\/10\/16\/1000-lat-korony-polskiej\/#primaryimage\"},\"thumbnailUrl\":\"https:\/\/splapszanka.lapszenizne.pl\/wp-content\/uploads\/2025\/10\/559414877_1241571517967774_8992038084458137619_n.jpg\",\"datePublished\":\"2025-10-16T18:14:13+00:00\",\"breadcrumb\":{\"@id\":\"https:\/\/splapszanka.lapszenizne.pl\/index.php\/2025\/10\/16\/1000-lat-korony-polskiej\/#breadcrumb\"},\"inLanguage\":\"pl-PL\",\"potentialAction\":[{\"@type\":\"ReadAction\",\"target\":[\"https:\/\/splapszanka.lapszenizne.pl\/index.php\/2025\/10\/16\/1000-lat-korony-polskiej\/\"]}]},{\"@type\":\"ImageObject\",\"inLanguage\":\"pl-PL\",\"@id\":\"https:\/\/splapszanka.lapszenizne.pl\/index.php\/2025\/10\/16\/1000-lat-korony-polskiej\/#primaryimage\",\"url\":\"https:\/\/splapszanka.lapszenizne.pl\/wp-content\/uploads\/2025\/10\/559414877_1241571517967774_8992038084458137619_n.jpg\",\"contentUrl\":\"https:\/\/splapszanka.lapszenizne.pl\/wp-content\/uploads\/2025\/10\/559414877_1241571517967774_8992038084458137619_n.jpg\",\"width\":2048,\"height\":1536},{\"@type\":\"BreadcrumbList\",\"@id\":\"https:\/\/splapszanka.lapszenizne.pl\/index.php\/2025\/10\/16\/1000-lat-korony-polskiej\/#breadcrumb\",\"itemListElement\":[{\"@type\":\"ListItem\",\"position\":1,\"name\":\"Strona g\u0142\u00f3wna\",\"item\":\"https:\/\/splapszanka.lapszenizne.pl\/\"},{\"@type\":\"ListItem\",\"position\":2,\"name\":\"1000 lat Korony Polskiej\"}]},{\"@type\":\"WebSite\",\"@id\":\"https:\/\/splapszanka.lapszenizne.pl\/#website\",\"url\":\"https:\/\/splapszanka.lapszenizne.pl\/\",\"name\":\"Szko\u0142a Podstawowa w \u0141apszance\",\"description\":\"\u0141apszanka ul. D\u0142uga 35,  34-442 \u0141apsze Ni\u017cne,  woj. ma\u0142opolskie\",\"publisher\":{\"@id\":\"https:\/\/splapszanka.lapszenizne.pl\/#organization\"},\"potentialAction\":[{\"@type\":\"SearchAction\",\"target\":{\"@type\":\"EntryPoint\",\"urlTemplate\":\"https:\/\/splapszanka.lapszenizne.pl\/?s={search_term_string}\"},\"query-input\":{\"@type\":\"PropertyValueSpecification\",\"valueRequired\":true,\"valueName\":\"search_term_string\"}}],\"inLanguage\":\"pl-PL\"},{\"@type\":\"Organization\",\"@id\":\"https:\/\/splapszanka.lapszenizne.pl\/#organization\",\"name\":\"Szko\u0142a Podstawowa w \u0141apszance\",\"url\":\"https:\/\/splapszanka.lapszenizne.pl\/\",\"logo\":{\"@type\":\"ImageObject\",\"inLanguage\":\"pl-PL\",\"@id\":\"https:\/\/splapszanka.lapszenizne.pl\/#\/schema\/logo\/image\/\",\"url\":\"https:\/\/splapszanka.lapszenizne.pl\/wp-content\/uploads\/2020\/03\/cropped-75328783_1588584124617847_5132413514161324032_o.jpg\",\"contentUrl\":\"https:\/\/splapszanka.lapszenizne.pl\/wp-content\/uploads\/2020\/03\/cropped-75328783_1588584124617847_5132413514161324032_o.jpg\",\"width\":1830,\"height\":1202,\"caption\":\"Szko\u0142a Podstawowa w \u0141apszance\"},\"image\":{\"@id\":\"https:\/\/splapszanka.lapszenizne.pl\/#\/schema\/logo\/image\/\"}},{\"@type\":\"Person\",\"@id\":\"https:\/\/splapszanka.lapszenizne.pl\/#\/schema\/person\/6404b0ec0d52038e5f96070aa759635d\",\"name\":\"Katarzyna Kuruc\",\"image\":{\"@type\":\"ImageObject\",\"inLanguage\":\"pl-PL\",\"@id\":\"https:\/\/splapszanka.lapszenizne.pl\/#\/schema\/person\/image\/\",\"url\":\"https:\/\/secure.gravatar.com\/avatar\/afa35e0fa7edad46d4a035bc61001fc64814cea0edb6dbf2d6b73ab958c7e122?s=96&d=mm&r=g\",\"contentUrl\":\"https:\/\/secure.gravatar.com\/avatar\/afa35e0fa7edad46d4a035bc61001fc64814cea0edb6dbf2d6b73ab958c7e122?s=96&d=mm&r=g\",\"caption\":\"Katarzyna Kuruc\"},\"sameAs\":[\"http:\/\/oldlapszanka.lapszenizne.pl\"],\"url\":\"https:\/\/splapszanka.lapszenizne.pl\/index.php\/author\/katarzyna-kuruc\/\"}]}<\/script>\n<!-- \/ Yoast SEO plugin. -->","yoast_head_json":{"title":"1000 lat Korony Polskiej - Szko\u0142a Podstawowa w \u0141apszance","robots":{"index":"index","follow":"follow","max-snippet":"max-snippet:-1","max-image-preview":"max-image-preview:large","max-video-preview":"max-video-preview:-1"},"canonical":"https:\/\/splapszanka.lapszenizne.pl\/index.php\/2025\/10\/16\/1000-lat-korony-polskiej\/","og_locale":"pl_PL","og_type":"article","og_title":"1000 lat Korony Polskiej - Szko\u0142a Podstawowa w \u0141apszance","og_description":"\u201eKoronacja Boles\u0142awa Chrobrego\u201d \u2013 szkolne widowisko historyczne 2. pa\u017adziernika w naszej szkole odby\u0142o si\u0119 niezwyk\u0142e widowisko historyczne, przygotowane przez uczni\u00f3w kl. V i VI, pod opiek\u0105 nauczyciela historii, Pani Celinki Regiec. Spektakl przeni\u00f3s\u0142 widz\u00f3w w czasy pocz\u0105tk\u00f3w pa\u0144stwa polskiego \u2013 Czytaj Dalej","og_url":"https:\/\/splapszanka.lapszenizne.pl\/index.php\/2025\/10\/16\/1000-lat-korony-polskiej\/","og_site_name":"Szko\u0142a Podstawowa w \u0141apszance","article_published_time":"2025-10-16T18:14:13+00:00","og_image":[{"width":2048,"height":1536,"url":"https:\/\/splapszanka.lapszenizne.pl\/wp-content\/uploads\/2025\/10\/559414877_1241571517967774_8992038084458137619_n.jpg","type":"image\/jpeg"}],"author":"Katarzyna Kuruc","twitter_card":"summary_large_image","twitter_misc":{"Napisane przez":"Katarzyna Kuruc","Szacowany czas czytania":"2 minuty"},"schema":{"@context":"https:\/\/schema.org","@graph":[{"@type":"Article","@id":"https:\/\/splapszanka.lapszenizne.pl\/index.php\/2025\/10\/16\/1000-lat-korony-polskiej\/#article","isPartOf":{"@id":"https:\/\/splapszanka.lapszenizne.pl\/index.php\/2025\/10\/16\/1000-lat-korony-polskiej\/"},"author":{"name":"Katarzyna Kuruc","@id":"https:\/\/splapszanka.lapszenizne.pl\/#\/schema\/person\/6404b0ec0d52038e5f96070aa759635d"},"headline":"1000 lat Korony Polskiej","datePublished":"2025-10-16T18:14:13+00:00","mainEntityOfPage":{"@id":"https:\/\/splapszanka.lapszenizne.pl\/index.php\/2025\/10\/16\/1000-lat-korony-polskiej\/"},"wordCount":347,"publisher":{"@id":"https:\/\/splapszanka.lapszenizne.pl\/#organization"},"image":{"@id":"https:\/\/splapszanka.lapszenizne.pl\/index.php\/2025\/10\/16\/1000-lat-korony-polskiej\/#primaryimage"},"thumbnailUrl":"https:\/\/splapszanka.lapszenizne.pl\/wp-content\/uploads\/2025\/10\/559414877_1241571517967774_8992038084458137619_n.jpg","articleSection":["Aktualno\u015bci"],"inLanguage":"pl-PL"},{"@type":"WebPage","@id":"https:\/\/splapszanka.lapszenizne.pl\/index.php\/2025\/10\/16\/1000-lat-korony-polskiej\/","url":"https:\/\/splapszanka.lapszenizne.pl\/index.php\/2025\/10\/16\/1000-lat-korony-polskiej\/","name":"1000 lat Korony Polskiej - Szko\u0142a Podstawowa w \u0141apszance","isPartOf":{"@id":"https:\/\/splapszanka.lapszenizne.pl\/#website"},"primaryImageOfPage":{"@id":"https:\/\/splapszanka.lapszenizne.pl\/index.php\/2025\/10\/16\/1000-lat-korony-polskiej\/#primaryimage"},"image":{"@id":"https:\/\/splapszanka.lapszenizne.pl\/index.php\/2025\/10\/16\/1000-lat-korony-polskiej\/#primaryimage"},"thumbnailUrl":"https:\/\/splapszanka.lapszenizne.pl\/wp-content\/uploads\/2025\/10\/559414877_1241571517967774_8992038084458137619_n.jpg","datePublished":"2025-10-16T18:14:13+00:00","breadcrumb":{"@id":"https:\/\/splapszanka.lapszenizne.pl\/index.php\/2025\/10\/16\/1000-lat-korony-polskiej\/#breadcrumb"},"inLanguage":"pl-PL","potentialAction":[{"@type":"ReadAction","target":["https:\/\/splapszanka.lapszenizne.pl\/index.php\/2025\/10\/16\/1000-lat-korony-polskiej\/"]}]},{"@type":"ImageObject","inLanguage":"pl-PL","@id":"https:\/\/splapszanka.lapszenizne.pl\/index.php\/2025\/10\/16\/1000-lat-korony-polskiej\/#primaryimage","url":"https:\/\/splapszanka.lapszenizne.pl\/wp-content\/uploads\/2025\/10\/559414877_1241571517967774_8992038084458137619_n.jpg","contentUrl":"https:\/\/splapszanka.lapszenizne.pl\/wp-content\/uploads\/2025\/10\/559414877_1241571517967774_8992038084458137619_n.jpg","width":2048,"height":1536},{"@type":"BreadcrumbList","@id":"https:\/\/splapszanka.lapszenizne.pl\/index.php\/2025\/10\/16\/1000-lat-korony-polskiej\/#breadcrumb","itemListElement":[{"@type":"ListItem","position":1,"name":"Strona g\u0142\u00f3wna","item":"https:\/\/splapszanka.lapszenizne.pl\/"},{"@type":"ListItem","position":2,"name":"1000 lat Korony Polskiej"}]},{"@type":"WebSite","@id":"https:\/\/splapszanka.lapszenizne.pl\/#website","url":"https:\/\/splapszanka.lapszenizne.pl\/","name":"Szko\u0142a Podstawowa w \u0141apszance","description":"\u0141apszanka ul. D\u0142uga 35,  34-442 \u0141apsze Ni\u017cne,  woj. ma\u0142opolskie","publisher":{"@id":"https:\/\/splapszanka.lapszenizne.pl\/#organization"},"potentialAction":[{"@type":"SearchAction","target":{"@type":"EntryPoint","urlTemplate":"https:\/\/splapszanka.lapszenizne.pl\/?s={search_term_string}"},"query-input":{"@type":"PropertyValueSpecification","valueRequired":true,"valueName":"search_term_string"}}],"inLanguage":"pl-PL"},{"@type":"Organization","@id":"https:\/\/splapszanka.lapszenizne.pl\/#organization","name":"Szko\u0142a Podstawowa w \u0141apszance","url":"https:\/\/splapszanka.lapszenizne.pl\/","logo":{"@type":"ImageObject","inLanguage":"pl-PL","@id":"https:\/\/splapszanka.lapszenizne.pl\/#\/schema\/logo\/image\/","url":"https:\/\/splapszanka.lapszenizne.pl\/wp-content\/uploads\/2020\/03\/cropped-75328783_1588584124617847_5132413514161324032_o.jpg","contentUrl":"https:\/\/splapszanka.lapszenizne.pl\/wp-content\/uploads\/2020\/03\/cropped-75328783_1588584124617847_5132413514161324032_o.jpg","width":1830,"height":1202,"caption":"Szko\u0142a Podstawowa w \u0141apszance"},"image":{"@id":"https:\/\/splapszanka.lapszenizne.pl\/#\/schema\/logo\/image\/"}},{"@type":"Person","@id":"https:\/\/splapszanka.lapszenizne.pl\/#\/schema\/person\/6404b0ec0d52038e5f96070aa759635d","name":"Katarzyna Kuruc","image":{"@type":"ImageObject","inLanguage":"pl-PL","@id":"https:\/\/splapszanka.lapszenizne.pl\/#\/schema\/person\/image\/","url":"https:\/\/secure.gravatar.com\/avatar\/afa35e0fa7edad46d4a035bc61001fc64814cea0edb6dbf2d6b73ab958c7e122?s=96&d=mm&r=g","contentUrl":"https:\/\/secure.gravatar.com\/avatar\/afa35e0fa7edad46d4a035bc61001fc64814cea0edb6dbf2d6b73ab958c7e122?s=96&d=mm&r=g","caption":"Katarzyna Kuruc"},"sameAs":["http:\/\/oldlapszanka.lapszenizne.pl"],"url":"https:\/\/splapszanka.lapszenizne.pl\/index.php\/author\/katarzyna-kuruc\/"}]}},"_links":{"self":[{"href":"https:\/\/splapszanka.lapszenizne.pl\/index.php\/wp-json\/wp\/v2\/posts\/3344","targetHints":{"allow":["GET"]}}],"collection":[{"href":"https:\/\/splapszanka.lapszenizne.pl\/index.php\/wp-json\/wp\/v2\/posts"}],"about":[{"href":"https:\/\/splapszanka.lapszenizne.pl\/index.php\/wp-json\/wp\/v2\/types\/post"}],"author":[{"embeddable":true,"href":"https:\/\/splapszanka.lapszenizne.pl\/index.php\/wp-json\/wp\/v2\/users\/3"}],"replies":[{"embeddable":true,"href":"https:\/\/splapszanka.lapszenizne.pl\/index.php\/wp-json\/wp\/v2\/comments?post=3344"}],"version-history":[{"count":1,"href":"https:\/\/splapszanka.lapszenizne.pl\/index.php\/wp-json\/wp\/v2\/posts\/3344\/revisions"}],"predecessor-version":[{"id":3346,"href":"https:\/\/splapszanka.lapszenizne.pl\/index.php\/wp-json\/wp\/v2\/posts\/3344\/revisions\/3346"}],"wp:featuredmedia":[{"embeddable":true,"href":"https:\/\/splapszanka.lapszenizne.pl\/index.php\/wp-json\/wp\/v2\/media\/3345"}],"wp:attachment":[{"href":"https:\/\/splapszanka.lapszenizne.pl\/index.php\/wp-json\/wp\/v2\/media?parent=3344"}],"wp:term":[{"taxonomy":"category","embeddable":true,"href":"https:\/\/splapszanka.lapszenizne.pl\/index.php\/wp-json\/wp\/v2\/categories?post=3344"},{"taxonomy":"post_tag","embeddable":true,"href":"https:\/\/splapszanka.lapszenizne.pl\/index.php\/wp-json\/wp\/v2\/tags?post=3344"}],"curies":[{"name":"wp","href":"https:\/\/api.w.org\/{rel}","templated":true}]}}