{"id":2746,"date":"2024-05-07T22:39:38","date_gmt":"2024-05-07T20:39:38","guid":{"rendered":"https:\/\/splapszanka.lapszenizne.pl\/?p=2746"},"modified":"2024-05-07T22:39:38","modified_gmt":"2024-05-07T20:39:38","slug":"orzel-czy-nielot","status":"publish","type":"post","link":"https:\/\/splapszanka.lapszenizne.pl\/index.php\/2024\/05\/07\/orzel-czy-nielot\/","title":{"rendered":"Orze\u0142 czy nielot?"},"content":{"rendered":"<p><strong><em>Rodzice przysz\u0142o\u015bci&#8230;<\/em><\/strong><\/p>\n<p>KA\u017bDE TWOJE S\u0141OWO ZMIENIA \u017bYCIE<\/p>\n<p>Do sz\u00f3stego roku \u017cycia dzieci bezkrytycznie przyjmuj\u0105 \u015bwiat przedstawiany przez rodzic\u00f3w i wychowawc\u00f3w. Spos\u00f3b, w jaki porozumiewamy si\u0119 z dzieckiem oraz przekazujemy mu informacje i polecenia oraz to, jak opisujemy mu \u015bwiat, ma ogromne znaczenie.<\/p>\n<p>Niestety bardzo wiele dzieci styka si\u0119 z przemoc\u0105 emocjonaln\u0105. Jest to zjawisko, kt\u00f3re wi\u0119kszo\u015b\u0107 rodzic\u00f3w stosuje wobec swoich dzieci nie\u015bwiadomie, a czasem zwyczajnie bezmy\u015blnie, nie zdaj\u0105c sobie sprawy z konsekwencji. Przemoc emocjonalna najcz\u0119\u015bciej jest odreagowaniem doros\u0142ych na ciekawo\u015b\u0107, \u017cywio\u0142owo\u015b\u0107, spontaniczno\u015b\u0107 lub niecierpliwo\u015b\u0107 ma\u0142ego dziecka. Cz\u0119sto doro\u015bli przelewaj\u0105 w\u0142asne emocjonalne niedobory z dzieci\u0144stwa na swoje dzieci i innych doros\u0142ych. Skutki przemocy emocjonalnej potrafi\u0105 zbiera\u0107 \u017cniwo dopiero po wielu latach, dotyka\u0107 doros\u0142ego cz\u0142owieka, kt\u00f3rego pewno\u015b\u0107 siebie, stabilno\u015b\u0107 emocjonalna i poczucie w\u0142asnej warto\u015bci zosta\u0142y ograniczone lub odebrane w bardzo m\u0142odym wieku.<\/p>\n<p>&nbsp;<\/p>\n<p>SAMOOCENA DZIECKA<\/p>\n<p>Samoocena dziecka kszta\u0142tuje si\u0119 w pierwszych latach \u017cycia g\u0142\u00f3wnie pod wp\u0142ywem opinii doros\u0142ych \u2013 rodzic\u00f3w, krewnych, nauczycieli i wychowawc\u00f3w. Dziecko, naznaczone przez doros\u0142ego negatywn\u0105 etykiet\u0105:<\/p>\n<ul>\n<li>czuje si\u0119 winne i ma\u0142o warto\u015bciowe. Traci zaufanie do siebie i staje si\u0119 niepewne, wstydliwe. W przysz\u0142o\u015bci b\u0119dzie nadmiernie poczuwa\u0142o si\u0119 do winy i przypisywa\u0142o sobie przyczyny niepowodzenia. Wykszta\u0142ci si\u0119 \u201ewyuczona bezradno\u015b\u0107\u201d.<\/li>\n<li>czuje si\u0119 upokorzone \u2013 traci poczucie godno\u015bci i jako doros\u0142y cz\u0142owiek nie potrafi postawi\u0107 granic, walcz\u0105c o szacunek dla swojej osoby (jest ma\u0142o asertywne).<\/li>\n<li>traci zaufanie do opiekuna\/rodzica a bezpieczna, pozytywna wi\u0119\u017a emocjonalna zamienia si\u0119 w niepewno\u015b\u0107. Pr\u00f3by ponownego zbli\u017cenia si\u0119 do mamy czy taty s\u0105 blokowane przez uczucia niech\u0119ci, wstydu i strachu.<\/li>\n<li>b\u0119dzie w przysz\u0142o\u015bci kierowa\u0107 si\u0119 negatywnymi sugestiami rodzica (samospe\u0142niaj\u0105ca si\u0119 przepowiednia), pope\u0142nia\u0107 b\u0142\u0119dy w dzia\u0142aniu i utwierdza\u0107 si\u0119 w negatywnym mniemaniu o sobie (b\u0119dzie dzia\u0142a\u0142o sprz\u0119\u017cenie zwrotne, wzmacniaj\u0105ce niskie poczucie warto\u015bci).<\/li>\n<li>w przysz\u0142o\u015bci, jako cz\u0142owiek doros\u0142y, b\u0119dzie tak samo lub podobnie traktowa\u0142o swoje dziecko.<\/li>\n<\/ul>\n<p>SPRAWD\u0179, CZY JESTE\u015a \u015aWIADOMYM RODZICEM<\/p>\n<p>Fundacja Rodzice Przysz\u0142o\u015bci, kt\u00f3rej celem jest dostarczanie rodzicom wsparcia, naukowej wiedzy i praktycznej pomocy w wychowywaniu zdrowych emocjonalnie dzieci, rozpocz\u0119\u0142a szeroko zakrojon\u0105 kampani\u0119 spo\u0142eczn\u0105, kt\u00f3rej celem jest zwr\u00f3cenie uwagi na zjawisko przemocy emocjonalnej. Zosta\u0142 przygotowany, we wsp\u00f3\u0142pracy z ekspertami, bezp\u0142atny, internetowy Test \u015awiadomego Rodzica. Jego celem NIE jest ocena rozwi\u0105zuj\u0105cych go os\u00f3b, a jedynie zach\u0119ta do poszerzenia wiedzy o tym, jak wychowa\u0107 wolne od przemocy emocjonalnej, dobre, m\u0105dre, zdrowe i szcz\u0119\u015bliwe dzieci, kt\u00f3re b\u0119d\u0105 mog\u0142y rozwin\u0105\u0107 skrzyd\u0142a w doros\u0142ym \u017cyciu. W ramach kampanii przygotowano r\u00f3wnie\u017c cykl film\u00f3w edukacyjnych stanowi\u0105cych Vademecum Rodzica dost\u0119pne na stronie www.rodziceprzyszlosci.pl.<\/p>\n<p>B\u0105d\u017a \u015awiadomym Rodzicem \u2013 wype\u0142nij bezp\u0142atny test na stronie:<\/p>\n<p><a href=\"http:\/\/testy.rodziceprzyszlosci.pl\/przemoc-emocjonalna\/\">http:\/\/testy.rodziceprzyszlosci.pl\/przemoc-emocjonalna\/<\/a><\/p>\n<p>Autor: Fundacja Rodzice Przysz\u0142o\u015bci<\/p>\n<p>Projekt pod Honorowym Patronatem Przewodnicz\u0105cego Komisji Rodziny i Polityki Spo\u0142ecznej Senatu RP i Rzecznika Praw Dziecka RP<\/p>\n<p><a href=\"http:\/\/www.rodziceprzyszlosci.pl\">www.rodziceprzyszlosci.pl<\/a><\/p>\n<p>&nbsp;<\/p>\n<p>&nbsp;<\/p>\n<p style=\"text-align: right;\"><em>Renata B\u0142azoszek-So\u0142tys<\/em><\/p>\n<p style=\"text-align: right;\"><em>pedagog szkolny<\/em><\/p>\n<p><iframe loading=\"lazy\" title=\"YouTube video player\" src=\"https:\/\/www.youtube.com\/embed\/0Gj9SC75edk?si=gW-BdFwDc8ZKq9wM\" width=\"560\" height=\"315\" frameborder=\"0\" allowfullscreen=\"allowfullscreen\"><\/iframe><\/p>\n","protected":false},"excerpt":{"rendered":"<p>Rodzice przysz\u0142o\u015bci&#8230; KA\u017bDE TWOJE S\u0141OWO ZMIENIA \u017bYCIE Do sz\u00f3stego roku \u017cycia dzieci bezkrytycznie przyjmuj\u0105 \u015bwiat przedstawiany przez rodzic\u00f3w i wychowawc\u00f3w. Spos\u00f3b, w jaki porozumiewamy si\u0119 z dzieckiem oraz przekazujemy mu informacje i polecenia oraz to, jak opisujemy mu \u015bwiat, ma <a href=\"https:\/\/splapszanka.lapszenizne.pl\/index.php\/2024\/05\/07\/orzel-czy-nielot\/\" class=\"read-more\">Czytaj Dalej<\/a><\/p>\n","protected":false},"author":2,"featured_media":2747,"comment_status":"closed","ping_status":"open","sticky":false,"template":"","format":"standard","meta":{"footnotes":""},"categories":[17],"tags":[],"class_list":["post-2746","post","type-post","status-publish","format-standard","has-post-thumbnail","hentry","category-pedagog"],"yoast_head":"<!-- This site is optimized with the Yoast SEO plugin v27.0 - https:\/\/yoast.com\/product\/yoast-seo-wordpress\/ -->\n<title>Orze\u0142 czy nielot? - Szko\u0142a Podstawowa w \u0141apszance<\/title>\n<meta name=\"robots\" content=\"index, follow, max-snippet:-1, max-image-preview:large, max-video-preview:-1\" \/>\n<link rel=\"canonical\" href=\"https:\/\/splapszanka.lapszenizne.pl\/index.php\/2024\/05\/07\/orzel-czy-nielot\/\" \/>\n<meta property=\"og:locale\" content=\"pl_PL\" \/>\n<meta property=\"og:type\" content=\"article\" \/>\n<meta property=\"og:title\" content=\"Orze\u0142 czy nielot? - Szko\u0142a Podstawowa w \u0141apszance\" \/>\n<meta property=\"og:description\" content=\"Rodzice przysz\u0142o\u015bci&#8230; KA\u017bDE TWOJE S\u0141OWO ZMIENIA \u017bYCIE Do sz\u00f3stego roku \u017cycia dzieci bezkrytycznie przyjmuj\u0105 \u015bwiat przedstawiany przez rodzic\u00f3w i wychowawc\u00f3w. Spos\u00f3b, w jaki porozumiewamy si\u0119 z dzieckiem oraz przekazujemy mu informacje i polecenia oraz to, jak opisujemy mu \u015bwiat, ma Czytaj Dalej\" \/>\n<meta property=\"og:url\" content=\"https:\/\/splapszanka.lapszenizne.pl\/index.php\/2024\/05\/07\/orzel-czy-nielot\/\" \/>\n<meta property=\"og:site_name\" content=\"Szko\u0142a Podstawowa w \u0141apszance\" \/>\n<meta property=\"article:published_time\" content=\"2024-05-07T20:39:38+00:00\" \/>\n<meta property=\"og:image\" content=\"https:\/\/splapszanka.lapszenizne.pl\/wp-content\/uploads\/2024\/05\/Nielot-czy-Orzel-plakat-filmiku.jpg\" \/>\n\t<meta property=\"og:image:width\" content=\"600\" \/>\n\t<meta property=\"og:image:height\" content=\"629\" \/>\n\t<meta property=\"og:image:type\" content=\"image\/jpeg\" \/>\n<meta name=\"author\" content=\"Ma\u0142gorzata Kami\u0144ska\" \/>\n<meta name=\"twitter:card\" content=\"summary_large_image\" \/>\n<meta name=\"twitter:label1\" content=\"Napisane przez\" \/>\n\t<meta name=\"twitter:data1\" content=\"Ma\u0142gorzata Kami\u0144ska\" \/>\n\t<meta name=\"twitter:label2\" content=\"Szacowany czas czytania\" \/>\n\t<meta name=\"twitter:data2\" content=\"3 minuty\" \/>\n<script type=\"application\/ld+json\" class=\"yoast-schema-graph\">{\"@context\":\"https:\/\/schema.org\",\"@graph\":[{\"@type\":\"Article\",\"@id\":\"https:\/\/splapszanka.lapszenizne.pl\/index.php\/2024\/05\/07\/orzel-czy-nielot\/#article\",\"isPartOf\":{\"@id\":\"https:\/\/splapszanka.lapszenizne.pl\/index.php\/2024\/05\/07\/orzel-czy-nielot\/\"},\"author\":{\"name\":\"Ma\u0142gorzata Kami\u0144ska\",\"@id\":\"https:\/\/splapszanka.lapszenizne.pl\/#\/schema\/person\/7966120f2db6326caa37187324bc225e\"},\"headline\":\"Orze\u0142 czy nielot?\",\"datePublished\":\"2024-05-07T20:39:38+00:00\",\"mainEntityOfPage\":{\"@id\":\"https:\/\/splapszanka.lapszenizne.pl\/index.php\/2024\/05\/07\/orzel-czy-nielot\/\"},\"wordCount\":540,\"publisher\":{\"@id\":\"https:\/\/splapszanka.lapszenizne.pl\/#organization\"},\"image\":{\"@id\":\"https:\/\/splapszanka.lapszenizne.pl\/index.php\/2024\/05\/07\/orzel-czy-nielot\/#primaryimage\"},\"thumbnailUrl\":\"https:\/\/splapszanka.lapszenizne.pl\/wp-content\/uploads\/2024\/05\/Nielot-czy-Orzel-plakat-filmiku.jpg\",\"articleSection\":[\"Pedagog\"],\"inLanguage\":\"pl-PL\"},{\"@type\":\"WebPage\",\"@id\":\"https:\/\/splapszanka.lapszenizne.pl\/index.php\/2024\/05\/07\/orzel-czy-nielot\/\",\"url\":\"https:\/\/splapszanka.lapszenizne.pl\/index.php\/2024\/05\/07\/orzel-czy-nielot\/\",\"name\":\"Orze\u0142 czy nielot? - Szko\u0142a Podstawowa w \u0141apszance\",\"isPartOf\":{\"@id\":\"https:\/\/splapszanka.lapszenizne.pl\/#website\"},\"primaryImageOfPage\":{\"@id\":\"https:\/\/splapszanka.lapszenizne.pl\/index.php\/2024\/05\/07\/orzel-czy-nielot\/#primaryimage\"},\"image\":{\"@id\":\"https:\/\/splapszanka.lapszenizne.pl\/index.php\/2024\/05\/07\/orzel-czy-nielot\/#primaryimage\"},\"thumbnailUrl\":\"https:\/\/splapszanka.lapszenizne.pl\/wp-content\/uploads\/2024\/05\/Nielot-czy-Orzel-plakat-filmiku.jpg\",\"datePublished\":\"2024-05-07T20:39:38+00:00\",\"breadcrumb\":{\"@id\":\"https:\/\/splapszanka.lapszenizne.pl\/index.php\/2024\/05\/07\/orzel-czy-nielot\/#breadcrumb\"},\"inLanguage\":\"pl-PL\",\"potentialAction\":[{\"@type\":\"ReadAction\",\"target\":[\"https:\/\/splapszanka.lapszenizne.pl\/index.php\/2024\/05\/07\/orzel-czy-nielot\/\"]}]},{\"@type\":\"ImageObject\",\"inLanguage\":\"pl-PL\",\"@id\":\"https:\/\/splapszanka.lapszenizne.pl\/index.php\/2024\/05\/07\/orzel-czy-nielot\/#primaryimage\",\"url\":\"https:\/\/splapszanka.lapszenizne.pl\/wp-content\/uploads\/2024\/05\/Nielot-czy-Orzel-plakat-filmiku.jpg\",\"contentUrl\":\"https:\/\/splapszanka.lapszenizne.pl\/wp-content\/uploads\/2024\/05\/Nielot-czy-Orzel-plakat-filmiku.jpg\",\"width\":600,\"height\":629},{\"@type\":\"BreadcrumbList\",\"@id\":\"https:\/\/splapszanka.lapszenizne.pl\/index.php\/2024\/05\/07\/orzel-czy-nielot\/#breadcrumb\",\"itemListElement\":[{\"@type\":\"ListItem\",\"position\":1,\"name\":\"Strona g\u0142\u00f3wna\",\"item\":\"https:\/\/splapszanka.lapszenizne.pl\/\"},{\"@type\":\"ListItem\",\"position\":2,\"name\":\"Orze\u0142 czy nielot?\"}]},{\"@type\":\"WebSite\",\"@id\":\"https:\/\/splapszanka.lapszenizne.pl\/#website\",\"url\":\"https:\/\/splapszanka.lapszenizne.pl\/\",\"name\":\"Szko\u0142a Podstawowa w \u0141apszance\",\"description\":\"\u0141apszanka ul. D\u0142uga 35,  34-442 \u0141apsze Ni\u017cne,  woj. ma\u0142opolskie\",\"publisher\":{\"@id\":\"https:\/\/splapszanka.lapszenizne.pl\/#organization\"},\"potentialAction\":[{\"@type\":\"SearchAction\",\"target\":{\"@type\":\"EntryPoint\",\"urlTemplate\":\"https:\/\/splapszanka.lapszenizne.pl\/?s={search_term_string}\"},\"query-input\":{\"@type\":\"PropertyValueSpecification\",\"valueRequired\":true,\"valueName\":\"search_term_string\"}}],\"inLanguage\":\"pl-PL\"},{\"@type\":\"Organization\",\"@id\":\"https:\/\/splapszanka.lapszenizne.pl\/#organization\",\"name\":\"Szko\u0142a Podstawowa w \u0141apszance\",\"url\":\"https:\/\/splapszanka.lapszenizne.pl\/\",\"logo\":{\"@type\":\"ImageObject\",\"inLanguage\":\"pl-PL\",\"@id\":\"https:\/\/splapszanka.lapszenizne.pl\/#\/schema\/logo\/image\/\",\"url\":\"https:\/\/splapszanka.lapszenizne.pl\/wp-content\/uploads\/2020\/03\/cropped-75328783_1588584124617847_5132413514161324032_o.jpg\",\"contentUrl\":\"https:\/\/splapszanka.lapszenizne.pl\/wp-content\/uploads\/2020\/03\/cropped-75328783_1588584124617847_5132413514161324032_o.jpg\",\"width\":1830,\"height\":1202,\"caption\":\"Szko\u0142a Podstawowa w \u0141apszance\"},\"image\":{\"@id\":\"https:\/\/splapszanka.lapszenizne.pl\/#\/schema\/logo\/image\/\"}},{\"@type\":\"Person\",\"@id\":\"https:\/\/splapszanka.lapszenizne.pl\/#\/schema\/person\/7966120f2db6326caa37187324bc225e\",\"name\":\"Ma\u0142gorzata Kami\u0144ska\",\"image\":{\"@type\":\"ImageObject\",\"inLanguage\":\"pl-PL\",\"@id\":\"https:\/\/splapszanka.lapszenizne.pl\/#\/schema\/person\/image\/\",\"url\":\"https:\/\/secure.gravatar.com\/avatar\/7b25bd82d8287490c4c46d998eb38a88d0aa38fdf79ec1329f845d553d730d06?s=96&d=mm&r=g\",\"contentUrl\":\"https:\/\/secure.gravatar.com\/avatar\/7b25bd82d8287490c4c46d998eb38a88d0aa38fdf79ec1329f845d553d730d06?s=96&d=mm&r=g\",\"caption\":\"Ma\u0142gorzata Kami\u0144ska\"},\"url\":\"https:\/\/splapszanka.lapszenizne.pl\/index.php\/author\/gosia\/\"}]}<\/script>\n<!-- \/ Yoast SEO plugin. -->","yoast_head_json":{"title":"Orze\u0142 czy nielot? - Szko\u0142a Podstawowa w \u0141apszance","robots":{"index":"index","follow":"follow","max-snippet":"max-snippet:-1","max-image-preview":"max-image-preview:large","max-video-preview":"max-video-preview:-1"},"canonical":"https:\/\/splapszanka.lapszenizne.pl\/index.php\/2024\/05\/07\/orzel-czy-nielot\/","og_locale":"pl_PL","og_type":"article","og_title":"Orze\u0142 czy nielot? - Szko\u0142a Podstawowa w \u0141apszance","og_description":"Rodzice przysz\u0142o\u015bci&#8230; KA\u017bDE TWOJE S\u0141OWO ZMIENIA \u017bYCIE Do sz\u00f3stego roku \u017cycia dzieci bezkrytycznie przyjmuj\u0105 \u015bwiat przedstawiany przez rodzic\u00f3w i wychowawc\u00f3w. Spos\u00f3b, w jaki porozumiewamy si\u0119 z dzieckiem oraz przekazujemy mu informacje i polecenia oraz to, jak opisujemy mu \u015bwiat, ma Czytaj Dalej","og_url":"https:\/\/splapszanka.lapszenizne.pl\/index.php\/2024\/05\/07\/orzel-czy-nielot\/","og_site_name":"Szko\u0142a Podstawowa w \u0141apszance","article_published_time":"2024-05-07T20:39:38+00:00","og_image":[{"width":600,"height":629,"url":"https:\/\/splapszanka.lapszenizne.pl\/wp-content\/uploads\/2024\/05\/Nielot-czy-Orzel-plakat-filmiku.jpg","type":"image\/jpeg"}],"author":"Ma\u0142gorzata Kami\u0144ska","twitter_card":"summary_large_image","twitter_misc":{"Napisane przez":"Ma\u0142gorzata Kami\u0144ska","Szacowany czas czytania":"3 minuty"},"schema":{"@context":"https:\/\/schema.org","@graph":[{"@type":"Article","@id":"https:\/\/splapszanka.lapszenizne.pl\/index.php\/2024\/05\/07\/orzel-czy-nielot\/#article","isPartOf":{"@id":"https:\/\/splapszanka.lapszenizne.pl\/index.php\/2024\/05\/07\/orzel-czy-nielot\/"},"author":{"name":"Ma\u0142gorzata Kami\u0144ska","@id":"https:\/\/splapszanka.lapszenizne.pl\/#\/schema\/person\/7966120f2db6326caa37187324bc225e"},"headline":"Orze\u0142 czy nielot?","datePublished":"2024-05-07T20:39:38+00:00","mainEntityOfPage":{"@id":"https:\/\/splapszanka.lapszenizne.pl\/index.php\/2024\/05\/07\/orzel-czy-nielot\/"},"wordCount":540,"publisher":{"@id":"https:\/\/splapszanka.lapszenizne.pl\/#organization"},"image":{"@id":"https:\/\/splapszanka.lapszenizne.pl\/index.php\/2024\/05\/07\/orzel-czy-nielot\/#primaryimage"},"thumbnailUrl":"https:\/\/splapszanka.lapszenizne.pl\/wp-content\/uploads\/2024\/05\/Nielot-czy-Orzel-plakat-filmiku.jpg","articleSection":["Pedagog"],"inLanguage":"pl-PL"},{"@type":"WebPage","@id":"https:\/\/splapszanka.lapszenizne.pl\/index.php\/2024\/05\/07\/orzel-czy-nielot\/","url":"https:\/\/splapszanka.lapszenizne.pl\/index.php\/2024\/05\/07\/orzel-czy-nielot\/","name":"Orze\u0142 czy nielot? - Szko\u0142a Podstawowa w \u0141apszance","isPartOf":{"@id":"https:\/\/splapszanka.lapszenizne.pl\/#website"},"primaryImageOfPage":{"@id":"https:\/\/splapszanka.lapszenizne.pl\/index.php\/2024\/05\/07\/orzel-czy-nielot\/#primaryimage"},"image":{"@id":"https:\/\/splapszanka.lapszenizne.pl\/index.php\/2024\/05\/07\/orzel-czy-nielot\/#primaryimage"},"thumbnailUrl":"https:\/\/splapszanka.lapszenizne.pl\/wp-content\/uploads\/2024\/05\/Nielot-czy-Orzel-plakat-filmiku.jpg","datePublished":"2024-05-07T20:39:38+00:00","breadcrumb":{"@id":"https:\/\/splapszanka.lapszenizne.pl\/index.php\/2024\/05\/07\/orzel-czy-nielot\/#breadcrumb"},"inLanguage":"pl-PL","potentialAction":[{"@type":"ReadAction","target":["https:\/\/splapszanka.lapszenizne.pl\/index.php\/2024\/05\/07\/orzel-czy-nielot\/"]}]},{"@type":"ImageObject","inLanguage":"pl-PL","@id":"https:\/\/splapszanka.lapszenizne.pl\/index.php\/2024\/05\/07\/orzel-czy-nielot\/#primaryimage","url":"https:\/\/splapszanka.lapszenizne.pl\/wp-content\/uploads\/2024\/05\/Nielot-czy-Orzel-plakat-filmiku.jpg","contentUrl":"https:\/\/splapszanka.lapszenizne.pl\/wp-content\/uploads\/2024\/05\/Nielot-czy-Orzel-plakat-filmiku.jpg","width":600,"height":629},{"@type":"BreadcrumbList","@id":"https:\/\/splapszanka.lapszenizne.pl\/index.php\/2024\/05\/07\/orzel-czy-nielot\/#breadcrumb","itemListElement":[{"@type":"ListItem","position":1,"name":"Strona g\u0142\u00f3wna","item":"https:\/\/splapszanka.lapszenizne.pl\/"},{"@type":"ListItem","position":2,"name":"Orze\u0142 czy nielot?"}]},{"@type":"WebSite","@id":"https:\/\/splapszanka.lapszenizne.pl\/#website","url":"https:\/\/splapszanka.lapszenizne.pl\/","name":"Szko\u0142a Podstawowa w \u0141apszance","description":"\u0141apszanka ul. D\u0142uga 35,  34-442 \u0141apsze Ni\u017cne,  woj. ma\u0142opolskie","publisher":{"@id":"https:\/\/splapszanka.lapszenizne.pl\/#organization"},"potentialAction":[{"@type":"SearchAction","target":{"@type":"EntryPoint","urlTemplate":"https:\/\/splapszanka.lapszenizne.pl\/?s={search_term_string}"},"query-input":{"@type":"PropertyValueSpecification","valueRequired":true,"valueName":"search_term_string"}}],"inLanguage":"pl-PL"},{"@type":"Organization","@id":"https:\/\/splapszanka.lapszenizne.pl\/#organization","name":"Szko\u0142a Podstawowa w \u0141apszance","url":"https:\/\/splapszanka.lapszenizne.pl\/","logo":{"@type":"ImageObject","inLanguage":"pl-PL","@id":"https:\/\/splapszanka.lapszenizne.pl\/#\/schema\/logo\/image\/","url":"https:\/\/splapszanka.lapszenizne.pl\/wp-content\/uploads\/2020\/03\/cropped-75328783_1588584124617847_5132413514161324032_o.jpg","contentUrl":"https:\/\/splapszanka.lapszenizne.pl\/wp-content\/uploads\/2020\/03\/cropped-75328783_1588584124617847_5132413514161324032_o.jpg","width":1830,"height":1202,"caption":"Szko\u0142a Podstawowa w \u0141apszance"},"image":{"@id":"https:\/\/splapszanka.lapszenizne.pl\/#\/schema\/logo\/image\/"}},{"@type":"Person","@id":"https:\/\/splapszanka.lapszenizne.pl\/#\/schema\/person\/7966120f2db6326caa37187324bc225e","name":"Ma\u0142gorzata Kami\u0144ska","image":{"@type":"ImageObject","inLanguage":"pl-PL","@id":"https:\/\/splapszanka.lapszenizne.pl\/#\/schema\/person\/image\/","url":"https:\/\/secure.gravatar.com\/avatar\/7b25bd82d8287490c4c46d998eb38a88d0aa38fdf79ec1329f845d553d730d06?s=96&d=mm&r=g","contentUrl":"https:\/\/secure.gravatar.com\/avatar\/7b25bd82d8287490c4c46d998eb38a88d0aa38fdf79ec1329f845d553d730d06?s=96&d=mm&r=g","caption":"Ma\u0142gorzata Kami\u0144ska"},"url":"https:\/\/splapszanka.lapszenizne.pl\/index.php\/author\/gosia\/"}]}},"_links":{"self":[{"href":"https:\/\/splapszanka.lapszenizne.pl\/index.php\/wp-json\/wp\/v2\/posts\/2746","targetHints":{"allow":["GET"]}}],"collection":[{"href":"https:\/\/splapszanka.lapszenizne.pl\/index.php\/wp-json\/wp\/v2\/posts"}],"about":[{"href":"https:\/\/splapszanka.lapszenizne.pl\/index.php\/wp-json\/wp\/v2\/types\/post"}],"author":[{"embeddable":true,"href":"https:\/\/splapszanka.lapszenizne.pl\/index.php\/wp-json\/wp\/v2\/users\/2"}],"replies":[{"embeddable":true,"href":"https:\/\/splapszanka.lapszenizne.pl\/index.php\/wp-json\/wp\/v2\/comments?post=2746"}],"version-history":[{"count":1,"href":"https:\/\/splapszanka.lapszenizne.pl\/index.php\/wp-json\/wp\/v2\/posts\/2746\/revisions"}],"predecessor-version":[{"id":2748,"href":"https:\/\/splapszanka.lapszenizne.pl\/index.php\/wp-json\/wp\/v2\/posts\/2746\/revisions\/2748"}],"wp:featuredmedia":[{"embeddable":true,"href":"https:\/\/splapszanka.lapszenizne.pl\/index.php\/wp-json\/wp\/v2\/media\/2747"}],"wp:attachment":[{"href":"https:\/\/splapszanka.lapszenizne.pl\/index.php\/wp-json\/wp\/v2\/media?parent=2746"}],"wp:term":[{"taxonomy":"category","embeddable":true,"href":"https:\/\/splapszanka.lapszenizne.pl\/index.php\/wp-json\/wp\/v2\/categories?post=2746"},{"taxonomy":"post_tag","embeddable":true,"href":"https:\/\/splapszanka.lapszenizne.pl\/index.php\/wp-json\/wp\/v2\/tags?post=2746"}],"curies":[{"name":"wp","href":"https:\/\/api.w.org\/{rel}","templated":true}]}}