{"id":1938,"date":"2023-01-22T23:48:25","date_gmt":"2023-01-22T22:48:25","guid":{"rendered":"https:\/\/splapszanka.lapszenizne.pl\/?p=1938"},"modified":"2023-02-21T08:30:59","modified_gmt":"2023-02-21T07:30:59","slug":"babuniu-dziadziuniu-w-dniu-waszego-swieta-zyczenia-skladaja-wam-wszystkie-wnuczeta","status":"publish","type":"post","link":"https:\/\/splapszanka.lapszenizne.pl\/index.php\/2023\/01\/22\/babuniu-dziadziuniu-w-dniu-waszego-swieta-zyczenia-skladaja-wam-wszystkie-wnuczeta\/","title":{"rendered":"Babuniu, Dziadziuniu, w dniu Waszego \u015bwi\u0119ta, \u017cyczenia sk\u0142adaj\u0105 Wam wszystkie wnucz\u0119ta&#8230;"},"content":{"rendered":"<div dir=\"auto\">Mimo, \u017ce stycze\u0144 jest zimowym miesi\u0105cem, to 21 i 22 ka\u017cdemu robi si\u0119 cieplej na sercu, bo przecie\u017c jest to \u015bwi\u0119to wszystkich Bab\u0107 i Dziadk\u00f3w. To dzie\u0144 pe\u0142en u\u015bmiech\u00f3w, wzrusze\u0144 i rado\u015bci.<\/div>\n<div dir=\"auto\">19 stycznia odby\u0142a si\u0119 w naszej szkole wspania\u0142a uroczysto\u015b\u0107. Na wst\u0119pie Pani Dyrektor przywita\u0142a wszystkich go\u015bci a p\u00f3\u017aniej zapanowa\u0142a cisza i nasi dziadkowie przenie\u015bli si\u0119 w krain\u0119 ba\u015bni i bajek. Przypominaj\u0105c sobie czasy dzieci\u0144stwa obejrzeli przedstawienie teatralne pt. &#8222;Kr\u00f3lewna \u015anie\u017cka i siedmiu krasnoludk\u00f3w&#8221; w wykonaniu uczni\u00f3w kl. 0,1 i maluszk\u00f3w z przedszkola. Nast\u0119pnie uczniowie klasy 2 i 3 w pi\u0119knej inscenizacji o Babci I Dziadku przedstawili wzruszaj\u0105ce wiersze i piosenki. W trakcie uroczysto\u015bci babcie i dziadkowie mogli podziwia\u0107 swoje pociechy, nagradzaj\u0105c najm\u0142odszych gromkimi brawami. Mali arty\u015bci z przej\u0119ciem odtwarzali swoje role, a czcigodni go\u015bcie ze wzruszeniem odbierali czu\u0142e s\u0142owa. Z ust dzieci wybrzmia\u0142o gromkie ,,Sto lat&#8221;, a nast\u0119pnie obdarowano dziadk\u00f3w upominkami. Rodzice przygotowali s\u0142odki pocz\u0119stunek .<\/div>\n<div dir=\"auto\">Spotkanie up\u0142yn\u0119\u0142o w mi\u0142ej i serdecznej atmosferze. Dzieci, poprzez wiersz, piosenk\u0119 i taniec, mog\u0142y wyrazi\u0107 kochanym babciom i dziadkom swoje uczucia oraz podzi\u0119kowa\u0107 za trud w\u0142o\u017cony w ich wychowanie.<\/div>\n<div dir=\"auto\">Nauczyciele sk\u0142adaj\u0105 serdeczne podzi\u0119kowania rodzicom za pomoc w zorganizowaniu uroczysto\u015bci.<\/div>\n<div dir=\"auto\">A Dziadkom \u017cyczymy du\u017co zdrowia, rado\u015bci z czasu sp\u0119dzonego z wnukami i aby trudom \u017cycia codziennego towarzyszy\u0142 u\u015bmiech i my\u015bl , \u017ce jeste\u015bcie przez Wasze wnuki kochani<span class=\"x3nfvp2 x1j61x8r x1fcty0u xdj266r xhhsvwb xat24cr xgzva0m xxymvpz xlup9mm x1kky2od\"><img loading=\"lazy\" decoding=\"async\" src=\"https:\/\/static.xx.fbcdn.net\/images\/emoji.php\/v9\/tf3\/1.5\/16\/2764.png\" alt=\"\u2764\" width=\"16\" height=\"16\" \/><\/span><span class=\"x3nfvp2 x1j61x8r x1fcty0u xdj266r xhhsvwb xat24cr xgzva0m xxymvpz xlup9mm x1kky2od\"><img loading=\"lazy\" decoding=\"async\" src=\"https:\/\/static.xx.fbcdn.net\/images\/emoji.php\/v9\/tf3\/1.5\/16\/2764.png\" alt=\"\u2764\" width=\"16\" height=\"16\" \/><\/span><span class=\"x3nfvp2 x1j61x8r x1fcty0u xdj266r xhhsvwb xat24cr xgzva0m xxymvpz xlup9mm x1kky2od\"><img loading=\"lazy\" decoding=\"async\" src=\"https:\/\/static.xx.fbcdn.net\/images\/emoji.php\/v9\/tf3\/1.5\/16\/2764.png\" alt=\"\u2764\" width=\"16\" height=\"16\" \/><\/span><\/div>\n<div dir=\"auto\"><\/div>\n<div dir=\"auto\">Przy wykonaniu dekoracji i stroj\u00f3w wykorzystano sprz\u0119t otrzymany z programu Laboratoria Przysz\u0142o\u015bci.<\/div>\n<div dir=\"auto\">\n<style id=\"bwg-style-0\">    #bwg_container1_0 #bwg_container2_0 .bwg-container-0.bwg-standard-thumbnails {      width: 1254px;              justify-content: center;        margin:0 auto !important;              background-color: rgba(255, 255, 255, 0.00);            padding-left: 4px;      padding-top: 4px;      max-width: 100%;            }        #bwg_container1_0 #bwg_container2_0 .bwg-container-0.bwg-standard-thumbnails .bwg-item {    justify-content: flex-start;      max-width: 250px;          }    #bwg_container1_0 #bwg_container2_0 .bwg-container-0.bwg-standard-thumbnails .bwg-item a {       margin-right: 4px;       margin-bottom: 4px;    }    #bwg_container1_0 #bwg_container2_0 .bwg-container-0.bwg-standard-thumbnails .bwg-item0 {      padding: 0px;            background-color:rgba(0,0,0, 0.30);      border: 0px none #CCCCCC;      opacity: 1.00;      border-radius: 0;      box-shadow: ;    }    #bwg_container1_0 #bwg_container2_0 .bwg-container-0.bwg-standard-thumbnails .bwg-item1 img {      max-height: none;      max-width: none;      padding: 0 !important;    }         @media only screen and (min-width: 480px) {\t\t#bwg_container1_0 #bwg_container2_0 .bwg-container-0.bwg-standard-thumbnails .bwg-item1 img {\t\t\t-webkit-transition: all .3s; transition: all .3s;\t\t}\t\t#bwg_container1_0 #bwg_container2_0 .bwg-container-0.bwg-standard-thumbnails .bwg-item1 img:hover {\t\t\t-ms-transform: scale(1.08);\t\t\t-webkit-transform: scale(1.08);\t\t\ttransform: scale(1.08);\t\t}\t\t      }\t    #bwg_container1_0 #bwg_container2_0 .bwg-container-0.bwg-standard-thumbnails .bwg-item1 {      padding-top: 56%;    }        #bwg_container1_0 #bwg_container2_0 .bwg-container-0.bwg-standard-thumbnails .bwg-title2,    #bwg_container1_0 #bwg_container2_0 .bwg-container-0.bwg-standard-thumbnails .bwg-ecommerce2 {      color: #323A45;      font-family: Ubuntu;      font-size: 16px;      font-weight: bold;      padding: 2px;      text-shadow: ;      max-height: 100%;    }    #bwg_container1_0 #bwg_container2_0 .bwg-container-0.bwg-standard-thumbnails .bwg-thumb-description span {    color: #323A45;    font-family: Ubuntu;    font-size: 12px;    max-height: 100%;    word-wrap: break-word;    }    #bwg_container1_0 #bwg_container2_0 .bwg-container-0.bwg-standard-thumbnails .bwg-play-icon2 {      font-size: 32px;    }    #bwg_container1_0 #bwg_container2_0 .bwg-container-0.bwg-standard-thumbnails .bwg-ecommerce2 {      font-size: 19.2px;      color: #323A45;    }    <\/style>    <div id=\"bwg_container1_0\"         class=\"bwg_container bwg_thumbnail bwg_thumbnails \"         data-right-click-protection=\"0\"         data-bwg=\"0\"         data-scroll=\"0\"         data-gallery-type=\"thumbnails\"         data-gallery-view-type=\"thumbnails\"         data-current-url=\"\/index.php\/wp-json\/wp\/v2\/posts\/1938\"         data-lightbox-url=\"https:\/\/splapszanka.lapszenizne.pl\/wp-admin\/admin-ajax.php?action=GalleryBox&#038;current_view=0&#038;gallery_id=145&#038;tag=0&#038;theme_id=1&#038;shortcode_id=310&#038;sort_by=order&#038;order_by=asc&#038;current_url=%2Findex.php%2Fwp-json%2Fwp%2Fv2%2Fposts%2F1938\"         data-gallery-id=\"145\"         data-popup-width=\"800\"         data-popup-height=\"500\"         data-is-album=\"gallery\"         data-buttons-position=\"bottom\">      <div id=\"bwg_container2_0\">             <div id=\"ajax_loading_0\" class=\"bwg_loading_div_1\">      <div class=\"bwg_loading_div_2\">        <div class=\"bwg_loading_div_3\">          <div id=\"loading_div_0\" class=\"bwg_spider_ajax_loading\">          <\/div>        <\/div>      <\/div>    <\/div>            <form id=\"gal_front_form_0\"              class=\"bwg-hidden\"              method=\"post\"              action=\"#\"              data-current=\"0\"              data-shortcode-id=\"310\"              data-gallery-type=\"thumbnails\"              data-gallery-id=\"145\"              data-tag=\"0\"              data-album-id=\"0\"              data-theme-id=\"1\"              data-ajax-url=\"https:\/\/splapszanka.lapszenizne.pl\/wp-admin\/admin-ajax.php?action=bwg_frontend_data\">          <div id=\"bwg_container3_0\" class=\"bwg-background bwg-background-0\">                <div data-max-count=\"5\"         data-thumbnail-width=\"250\"         data-bwg=\"0\"         data-gallery-id=\"145\"         data-lightbox-url=\"https:\/\/splapszanka.lapszenizne.pl\/wp-admin\/admin-ajax.php?action=GalleryBox&amp;current_view=0&amp;gallery_id=145&amp;tag=0&amp;theme_id=1&amp;shortcode_id=310&amp;sort_by=order&amp;order_by=asc&amp;current_url=%2Findex.php%2Fwp-json%2Fwp%2Fv2%2Fposts%2F1938\"         id=\"bwg_thumbnails_0\"         class=\"bwg-container-0 bwg-thumbnails bwg-standard-thumbnails bwg-container bwg-border-box\">            <div class=\"bwg-item\">        <a class=\"bwg-a  bwg_lightbox\"  data-image-id=\"1370\" data-elementor-open-lightbox=\"no\">                <div class=\"bwg-item0 \">          <div class=\"bwg-item1 \">            <div class=\"bwg-item2\">              <img decoding=\"async\" class=\"skip-lazy bwg_standart_thumb_img_0 \"                   data-id=\"1370\"                   data-width=\"500\"                   data-height=\"375\"                   data-src=\"https:\/\/splapszanka.lapszenizne.pl\/wp-content\/uploads\/photo-gallery\/dzien_babci23\/thumb\/326400919_5702310226564017_8656575395331664924_n.jpg?bwg=1674427561\"                   src=\"https:\/\/splapszanka.lapszenizne.pl\/wp-content\/uploads\/photo-gallery\/dzien_babci23\/thumb\/326400919_5702310226564017_8656575395331664924_n.jpg?bwg=1674427561\"                   alt=\"Uczniowie szko\u0142y podczas wyst\u0119pu z okazji Dnia Babci i Dziadka\"                   title=\"Uczniowie szko\u0142y podczas wyst\u0119pu z okazji Dnia Babci i Dziadka\" \/>            <\/div>            <div class=\"\">                                                      <\/div>          <\/div>        <\/div>                        <\/a>              <\/div>            <div class=\"bwg-item\">        <a class=\"bwg-a  bwg_lightbox\"  data-image-id=\"1371\" data-elementor-open-lightbox=\"no\">                <div class=\"bwg-item0 \">          <div class=\"bwg-item1 \">            <div class=\"bwg-item2\">              <img decoding=\"async\" class=\"skip-lazy bwg_standart_thumb_img_0 \"                   data-id=\"1371\"                   data-width=\"375\"                   data-height=\"500\"                   data-src=\"https:\/\/splapszanka.lapszenizne.pl\/wp-content\/uploads\/photo-gallery\/dzien_babci23\/thumb\/326594791_1806369086385718_6109683455464845889_n.jpg?bwg=1674427561\"                   src=\"https:\/\/splapszanka.lapszenizne.pl\/wp-content\/uploads\/photo-gallery\/dzien_babci23\/thumb\/326594791_1806369086385718_6109683455464845889_n.jpg?bwg=1674427561\"                   alt=\"Uczniowie szko\u0142y podczas wyst\u0119pu z okazji Dnia Babci i Dziadka\"                   title=\"Uczniowie szko\u0142y podczas wyst\u0119pu z okazji Dnia Babci i Dziadka\" \/>            <\/div>            <div class=\"\">                                                      <\/div>          <\/div>        <\/div>                        <\/a>              <\/div>            <div class=\"bwg-item\">        <a class=\"bwg-a  bwg_lightbox\"  data-image-id=\"1372\" data-elementor-open-lightbox=\"no\">                <div class=\"bwg-item0 \">          <div class=\"bwg-item1 \">            <div class=\"bwg-item2\">              <img decoding=\"async\" class=\"skip-lazy bwg_standart_thumb_img_0 \"                   data-id=\"1372\"                   data-width=\"375\"                   data-height=\"500\"                   data-src=\"https:\/\/splapszanka.lapszenizne.pl\/wp-content\/uploads\/photo-gallery\/dzien_babci23\/thumb\/326397734_563565315745891_5756193237234936578_n.jpg?bwg=1674427561\"                   src=\"https:\/\/splapszanka.lapszenizne.pl\/wp-content\/uploads\/photo-gallery\/dzien_babci23\/thumb\/326397734_563565315745891_5756193237234936578_n.jpg?bwg=1674427561\"                   alt=\"Uczniowie szko\u0142y podczas wyst\u0119pu z okazji Dnia Babci i Dziadka\"                   title=\"Uczniowie szko\u0142y podczas wyst\u0119pu z okazji Dnia Babci i Dziadka\" \/>            <\/div>            <div class=\"\">                                                      <\/div>          <\/div>        <\/div>                        <\/a>              <\/div>            <div class=\"bwg-item\">        <a class=\"bwg-a  bwg_lightbox\"  data-image-id=\"1373\" data-elementor-open-lightbox=\"no\">                <div class=\"bwg-item0 \">          <div class=\"bwg-item1 \">            <div class=\"bwg-item2\">              <img decoding=\"async\" class=\"skip-lazy bwg_standart_thumb_img_0 \"                   data-id=\"1373\"                   data-width=\"375\"                   data-height=\"500\"                   data-src=\"https:\/\/splapszanka.lapszenizne.pl\/wp-content\/uploads\/photo-gallery\/dzien_babci23\/thumb\/326594300_3330894930572465_1338789368873116558_n.jpg?bwg=1674427561\"                   src=\"https:\/\/splapszanka.lapszenizne.pl\/wp-content\/uploads\/photo-gallery\/dzien_babci23\/thumb\/326594300_3330894930572465_1338789368873116558_n.jpg?bwg=1674427561\"                   alt=\"Dziadkowie zaproszeni na uroczysto\u015b\u0107 do szko\u0142y\"                   title=\"Dziadkowie zaproszeni na uroczysto\u015b\u0107 do szko\u0142y\" \/>            <\/div>            <div class=\"\">                                                      <\/div>          <\/div>        <\/div>                        <\/a>              <\/div>            <div class=\"bwg-item\">        <a class=\"bwg-a  bwg_lightbox\"  data-image-id=\"1374\" data-elementor-open-lightbox=\"no\">                <div class=\"bwg-item0 \">          <div class=\"bwg-item1 \">            <div class=\"bwg-item2\">              <img decoding=\"async\" class=\"skip-lazy bwg_standart_thumb_img_0 \"                   data-id=\"1374\"                   data-width=\"500\"                   data-height=\"375\"                   data-src=\"https:\/\/splapszanka.lapszenizne.pl\/wp-content\/uploads\/photo-gallery\/dzien_babci23\/thumb\/326134829_3157790407844178_7948057982466623616_n.jpg?bwg=1674427561\"                   src=\"https:\/\/splapszanka.lapszenizne.pl\/wp-content\/uploads\/photo-gallery\/dzien_babci23\/thumb\/326134829_3157790407844178_7948057982466623616_n.jpg?bwg=1674427561\"                   alt=\"Uczniowie szko\u0142y podczas wyst\u0119pu z okazji Dnia Babci i Dziadka\"                   title=\"Uczniowie szko\u0142y podczas wyst\u0119pu z okazji Dnia Babci i Dziadka\" \/>            <\/div>            <div class=\"\">                                                      <\/div>          <\/div>        <\/div>                        <\/a>              <\/div>            <div class=\"bwg-item\">        <a class=\"bwg-a  bwg_lightbox\"  data-image-id=\"1375\" data-elementor-open-lightbox=\"no\">                <div class=\"bwg-item0 \">          <div class=\"bwg-item1 \">            <div class=\"bwg-item2\">              <img decoding=\"async\" class=\"skip-lazy bwg_standart_thumb_img_0 \"                   data-id=\"1375\"                   data-width=\"328\"                   data-height=\"500\"                   data-src=\"https:\/\/splapszanka.lapszenizne.pl\/wp-content\/uploads\/photo-gallery\/dzien_babci23\/thumb\/326631975_895731631773972_4405526443929649416_n.jpg?bwg=1674427561\"                   src=\"https:\/\/splapszanka.lapszenizne.pl\/wp-content\/uploads\/photo-gallery\/dzien_babci23\/thumb\/326631975_895731631773972_4405526443929649416_n.jpg?bwg=1674427561\"                   alt=\"Uczniowie szko\u0142y podczas wyst\u0119pu z okazji Dnia Babci i Dziadka\"                   title=\"Uczniowie szko\u0142y podczas wyst\u0119pu z okazji Dnia Babci i Dziadka\" \/>            <\/div>            <div class=\"\">                                                      <\/div>          <\/div>        <\/div>                        <\/a>              <\/div>            <div class=\"bwg-item\">        <a class=\"bwg-a  bwg_lightbox\"  data-image-id=\"1376\" data-elementor-open-lightbox=\"no\">                <div class=\"bwg-item0 \">          <div class=\"bwg-item1 \">            <div class=\"bwg-item2\">              <img decoding=\"async\" class=\"skip-lazy bwg_standart_thumb_img_0 \"                   data-id=\"1376\"                   data-width=\"375\"                   data-height=\"500\"                   data-src=\"https:\/\/splapszanka.lapszenizne.pl\/wp-content\/uploads\/photo-gallery\/dzien_babci23\/thumb\/326679606_575695780736783_1673372065443773323_n.jpg?bwg=1674427561\"                   src=\"https:\/\/splapszanka.lapszenizne.pl\/wp-content\/uploads\/photo-gallery\/dzien_babci23\/thumb\/326679606_575695780736783_1673372065443773323_n.jpg?bwg=1674427561\"                   alt=\"Uczniowie szko\u0142y podczas wyst\u0119pu z okazji Dnia Babci i Dziadka\"                   title=\"Uczniowie szko\u0142y podczas wyst\u0119pu z okazji Dnia Babci i Dziadka\" \/>            <\/div>            <div class=\"\">                                                      <\/div>          <\/div>        <\/div>                        <\/a>              <\/div>            <div class=\"bwg-item\">        <a class=\"bwg-a  bwg_lightbox\"  data-image-id=\"1377\" data-elementor-open-lightbox=\"no\">                <div class=\"bwg-item0 \">          <div class=\"bwg-item1 \">            <div class=\"bwg-item2\">              <img decoding=\"async\" class=\"skip-lazy bwg_standart_thumb_img_0 \"                   data-id=\"1377\"                   data-width=\"500\"                   data-height=\"375\"                   data-src=\"https:\/\/splapszanka.lapszenizne.pl\/wp-content\/uploads\/photo-gallery\/dzien_babci23\/thumb\/326705902_415673220751870_7746476775948548183_n.jpg?bwg=1674427561\"                   src=\"https:\/\/splapszanka.lapszenizne.pl\/wp-content\/uploads\/photo-gallery\/dzien_babci23\/thumb\/326705902_415673220751870_7746476775948548183_n.jpg?bwg=1674427561\"                   alt=\"Uczniowie szko\u0142y podczas wyst\u0119pu z okazji Dnia Babci i Dziadka\"                   title=\"Uczniowie szko\u0142y podczas wyst\u0119pu z okazji Dnia Babci i Dziadka\" \/>            <\/div>            <div class=\"\">                                                      <\/div>          <\/div>        <\/div>                        <\/a>              <\/div>            <div class=\"bwg-item\">        <a class=\"bwg-a  bwg_lightbox\"  data-image-id=\"1378\" data-elementor-open-lightbox=\"no\">                <div class=\"bwg-item0 \">          <div class=\"bwg-item1 \">            <div class=\"bwg-item2\">              <img decoding=\"async\" class=\"skip-lazy bwg_standart_thumb_img_0 \"                   data-id=\"1378\"                   data-width=\"500\"                   data-height=\"375\"                   data-src=\"https:\/\/splapszanka.lapszenizne.pl\/wp-content\/uploads\/photo-gallery\/dzien_babci23\/thumb\/326725439_862991618266645_3133379892509626021_n.jpg?bwg=1674427561\"                   src=\"https:\/\/splapszanka.lapszenizne.pl\/wp-content\/uploads\/photo-gallery\/dzien_babci23\/thumb\/326725439_862991618266645_3133379892509626021_n.jpg?bwg=1674427561\"                   alt=\"Dziadkowie zaproszeni na uroczysto\u015b\u0107 do szko\u0142y\"                   title=\"Dziadkowie zaproszeni na uroczysto\u015b\u0107 do szko\u0142y\" \/>            <\/div>            <div class=\"\">                                                      <\/div>          <\/div>        <\/div>                        <\/a>              <\/div>            <div class=\"bwg-item\">        <a class=\"bwg-a  bwg_lightbox\"  data-image-id=\"1379\" data-elementor-open-lightbox=\"no\">                <div class=\"bwg-item0 \">          <div class=\"bwg-item1 \">            <div class=\"bwg-item2\">              <img decoding=\"async\" class=\"skip-lazy bwg_standart_thumb_img_0 \"                   data-id=\"1379\"                   data-width=\"375\"                   data-height=\"500\"                   data-src=\"https:\/\/splapszanka.lapszenizne.pl\/wp-content\/uploads\/photo-gallery\/dzien_babci23\/thumb\/326748740_1253461205578068_8001816059553827933_n.jpg?bwg=1674427561\"                   src=\"https:\/\/splapszanka.lapszenizne.pl\/wp-content\/uploads\/photo-gallery\/dzien_babci23\/thumb\/326748740_1253461205578068_8001816059553827933_n.jpg?bwg=1674427561\"                   alt=\"Uczniowie szko\u0142y podczas wyst\u0119pu z okazji Dnia Babci i Dziadka\"                   title=\"Uczniowie szko\u0142y podczas wyst\u0119pu z okazji Dnia Babci i Dziadka\" \/>            <\/div>            <div class=\"\">                                                      <\/div>          <\/div>        <\/div>                        <\/a>              <\/div>            <div class=\"bwg-item\">        <a class=\"bwg-a  bwg_lightbox\"  data-image-id=\"1380\" data-elementor-open-lightbox=\"no\">                <div class=\"bwg-item0 \">          <div class=\"bwg-item1 \">            <div class=\"bwg-item2\">              <img decoding=\"async\" class=\"skip-lazy bwg_standart_thumb_img_0 \"                   data-id=\"1380\"                   data-width=\"500\"                   data-height=\"375\"                   data-src=\"https:\/\/splapszanka.lapszenizne.pl\/wp-content\/uploads\/photo-gallery\/dzien_babci23\/thumb\/326894343_733997511708002_8410221231826151382_n.jpg?bwg=1674427561\"                   src=\"https:\/\/splapszanka.lapszenizne.pl\/wp-content\/uploads\/photo-gallery\/dzien_babci23\/thumb\/326894343_733997511708002_8410221231826151382_n.jpg?bwg=1674427561\"                   alt=\"Uczniowie szko\u0142y podczas wyst\u0119pu z okazji Dnia Babci i Dziadka\"                   title=\"Uczniowie szko\u0142y podczas wyst\u0119pu z okazji Dnia Babci i Dziadka\" \/>            <\/div>            <div class=\"\">                                                      <\/div>          <\/div>        <\/div>                        <\/a>              <\/div>            <div class=\"bwg-item\">        <a class=\"bwg-a  bwg_lightbox\"  data-image-id=\"1381\" data-elementor-open-lightbox=\"no\">                <div class=\"bwg-item0 \">          <div class=\"bwg-item1 \">            <div class=\"bwg-item2\">              <img decoding=\"async\" class=\"skip-lazy bwg_standart_thumb_img_0 \"                   data-id=\"1381\"                   data-width=\"375\"                   data-height=\"500\"                   data-src=\"https:\/\/splapszanka.lapszenizne.pl\/wp-content\/uploads\/photo-gallery\/dzien_babci23\/thumb\/326998438_1124415671587201_507639879238983542_n.jpg?bwg=1674427561\"                   src=\"https:\/\/splapszanka.lapszenizne.pl\/wp-content\/uploads\/photo-gallery\/dzien_babci23\/thumb\/326998438_1124415671587201_507639879238983542_n.jpg?bwg=1674427561\"                   alt=\"Uczniowie szko\u0142y podczas wyst\u0119pu z okazji Dnia Babci i Dziadka\"                   title=\"Uczniowie szko\u0142y podczas wyst\u0119pu z okazji Dnia Babci i Dziadka\" \/>            <\/div>            <div class=\"\">                                                      <\/div>          <\/div>        <\/div>                        <\/a>              <\/div>            <div class=\"bwg-item\">        <a class=\"bwg-a  bwg_lightbox\"  data-image-id=\"1382\" data-elementor-open-lightbox=\"no\">                <div class=\"bwg-item0 \">          <div class=\"bwg-item1 \">            <div class=\"bwg-item2\">              <img decoding=\"async\" class=\"skip-lazy bwg_standart_thumb_img_0 \"                   data-id=\"1382\"                   data-width=\"500\"                   data-height=\"428\"                   data-src=\"https:\/\/splapszanka.lapszenizne.pl\/wp-content\/uploads\/photo-gallery\/dzien_babci23\/thumb\/326822101_1804998433191929_2852910343164616597_n.jpg?bwg=1674427561\"                   src=\"https:\/\/splapszanka.lapszenizne.pl\/wp-content\/uploads\/photo-gallery\/dzien_babci23\/thumb\/326822101_1804998433191929_2852910343164616597_n.jpg?bwg=1674427561\"                   alt=\"Uczniowie szko\u0142y podczas wyst\u0119pu z okazji Dnia Babci i Dziadka\"                   title=\"Uczniowie szko\u0142y podczas wyst\u0119pu z okazji Dnia Babci i Dziadka\" \/>            <\/div>            <div class=\"\">                                                      <\/div>          <\/div>        <\/div>                        <\/a>              <\/div>            <div class=\"bwg-item\">        <a class=\"bwg-a  bwg_lightbox\"  data-image-id=\"1383\" data-elementor-open-lightbox=\"no\">                <div class=\"bwg-item0 \">          <div class=\"bwg-item1 \">            <div class=\"bwg-item2\">              <img decoding=\"async\" class=\"skip-lazy bwg_standart_thumb_img_0 \"                   data-id=\"1383\"                   data-width=\"375\"                   data-height=\"500\"                   data-src=\"https:\/\/splapszanka.lapszenizne.pl\/wp-content\/uploads\/photo-gallery\/dzien_babci23\/thumb\/327013890_1231046807493063_2477827347569985187_n.jpg?bwg=1674427561\"                   src=\"https:\/\/splapszanka.lapszenizne.pl\/wp-content\/uploads\/photo-gallery\/dzien_babci23\/thumb\/327013890_1231046807493063_2477827347569985187_n.jpg?bwg=1674427561\"                   alt=\"Uczniowie szko\u0142y podczas wyst\u0119pu z okazji Dnia Babci i Dziadka\"                   title=\"Uczniowie szko\u0142y podczas wyst\u0119pu z okazji Dnia Babci i Dziadka\" \/>            <\/div>            <div class=\"\">                                                      <\/div>          <\/div>        <\/div>                        <\/a>              <\/div>          <\/div>    <style>      \/*pagination styles*\/      #bwg_container1_0 #bwg_container2_0 .tablenav-pages_0 {\t\t\t\ttext-align: center;\t\t\t\tfont-size: 12px;\t\t\t\tfont-family: Ubuntu;\t\t\t\tfont-weight: bold;\t\t\t\tcolor: #666666;\t\t\t\tmargin: 6px 0 4px;\t\t\t\tdisplay: block;      }      @media only screen and (max-width : 320px) {      #bwg_container1_0 #bwg_container2_0 .displaying-num_0 {     \t display: none;      }      }      #bwg_container1_0 #bwg_container2_0 .displaying-num_0 {\t\t\t\tfont-size: 12px;\t\t\t\tfont-family: Ubuntu;\t\t\t\tfont-weight: bold;\t\t\t\tcolor: #666666;\t\t\t\tmargin-right: 10px;\t\t\t\tvertical-align: middle;      }      #bwg_container1_0 #bwg_container2_0 .paging-input_0 {\t\t\t\tfont-size: 12px;\t\t\t\tfont-family: Ubuntu;\t\t\t\tfont-weight: bold;\t\t\t\tcolor: #666666;\t\t\t\tvertical-align: middle;      }      #bwg_container1_0 #bwg_container2_0 .tablenav-pages_0 a.disabled,      #bwg_container1_0 #bwg_container2_0 .tablenav-pages_0 a.disabled:hover,      #bwg_container1_0 #bwg_container2_0 .tablenav-pages_0 a.disabled:focus,\t\t\t#bwg_container1_0 #bwg_container2_0 .tablenav-pages_0 input.bwg_current_page {\t\t\t\tcursor: default;\t\t\t\tcolor: rgba(102, 102, 102, 0.5);      }      #bwg_container1_0 #bwg_container2_0 .tablenav-pages_0 a,      #bwg_container1_0 #bwg_container2_0 .tablenav-pages_0 input.bwg_current_page {\t\t\t\tcursor: pointer;\t\t\t\ttext-align: center;\t\t\t\tfont-size: 12px;\t\t\t\tfont-family: Ubuntu;\t\t\t\tfont-weight: bold;\t\t\t\tcolor: #666666;\t\t\t\ttext-decoration: none;\t\t\t\tpadding: 3px 6px;\t\t\t\tmargin: 0;\t\t\t\tborder-radius: 0;\t\t\t\tborder-style: solid;\t\t\t\tborder-width: 1px;\t\t\t\tborder-color: #E3E3E3;\t\t\t\t\t\t\t\tbackground-color: rgba(255, 255, 255, 1.00);\t\t\t\tbox-shadow: 0;\t\t\t\ttransition: all 0.3s ease 0s;-webkit-transition: all 0.3s ease 0s;      }      <\/style>      <span class=\"bwg_nav_cont_0\">              <div class=\"tablenav-pages_0\">                  <\/div>                <input type=\"hidden\" id=\"page_number_0\" name=\"page_number_0\" value=\"1\" \/>      <script type=\"text\/javascript\">        if( jQuery('.bwg_nav_cont_0').length > 1 ) {          jQuery('.bwg_nav_cont_0').first().remove()        }        function spider_page_0(cur, x, y, load_more) {          if (typeof load_more == \"undefined\") {            var load_more = false;          }          if (jQuery(cur).hasClass('disabled')) {            return false;          }          var items_county_0 = 1;          switch (y) {            case 1:              if (x >= items_county_0) {                document.getElementById('page_number_0').value = items_county_0;              }              else {                document.getElementById('page_number_0').value = x + 1;              }              break;            case 2:              document.getElementById('page_number_0').value = items_county_0;              break;            case -1:              if (x == 1) {                document.getElementById('page_number_0').value = 1;              }              else {                document.getElementById('page_number_0').value = x - 1;              }              break;            case -2:              document.getElementById('page_number_0').value = 1;              break;\t\t\t\t\t\tcase 0:              document.getElementById('page_number_0').value = x;              break;            default:              document.getElementById('page_number_0').value = 1;          }          bwg_ajax('gal_front_form_0', '0', 'bwg_thumbnails_0', '0', '', 'gallery', 0, '', '', load_more, '', 1);        }                    jQuery('.first-page-0').on('click', function () {              spider_page_0(this, 1, -2, 'numeric');              return false;            });            jQuery('.prev-page-0').on('click', function () {              spider_page_0(this, 1, -1, 'numeric');              return false;            });            jQuery('.next-page-0').on('click', function () {              spider_page_0(this, 1, 1, 'numeric');              return false;            });            jQuery('.last-page-0').on('click', function () {              spider_page_0(this, 1, 2, 'numeric');              return false;            });        \t\t\t\t\/* Change page on input enter. *\/        function bwg_change_page_0( e, that ) {          if (  e.key == 'Enter' ) {            var to_page = parseInt(jQuery(that).val());            var pages_count = jQuery(that).parents(\".pagination-links\").data(\"pages-count\");            var current_url_param = jQuery(that).attr('data-url-info');            if (to_page > pages_count) {              to_page = 1;            }\t \t\t\t\t\t\t\t\t\t\t\t\tspider_page_0(this, to_page, 0, 'numeric');\t\t\t\t\t\t\treturn false;\t\t\t\t\t\t          }          return true;        }        jQuery('.bwg_load_btn_0').on('click', function () {            spider_page_0(this, 1, 1, true);            return false;        });      <\/script>      <\/span>                <\/div>        <\/form>        <style>          #bwg_container1_0 #bwg_container2_0 #spider_popup_overlay_0 {          background-color: #EEEEEE;          opacity: 0.60;          }          <\/style>        <div id=\"bwg_spider_popup_loading_0\" class=\"bwg_spider_popup_loading\"><\/div>        <div id=\"spider_popup_overlay_0\" class=\"spider_popup_overlay\" onclick=\"spider_destroypopup(1000)\"><\/div>        <input type=\"hidden\" id=\"bwg_random_seed_0\" value=\"1929320580\">                <\/div>    <\/div>    <script>      if (document.readyState === 'complete') {        if( typeof bwg_main_ready == 'function' ) {          if ( jQuery(\"#bwg_container1_0\").height() ) {            bwg_main_ready(jQuery(\"#bwg_container1_0\"));          }        }      } else {        document.addEventListener('DOMContentLoaded', function() {          if( typeof bwg_main_ready == 'function' ) {            if ( jQuery(\"#bwg_container1_0\").height() ) {             bwg_main_ready(jQuery(\"#bwg_container1_0\"));            }          }        });      }    <\/script>    \n<\/div>\n","protected":false},"excerpt":{"rendered":"<p>Mimo, \u017ce stycze\u0144 jest zimowym miesi\u0105cem, to 21 i 22 ka\u017cdemu robi si\u0119 cieplej na sercu, bo przecie\u017c jest to \u015bwi\u0119to wszystkich Bab\u0107 i Dziadk\u00f3w. To dzie\u0144 pe\u0142en u\u015bmiech\u00f3w, wzrusze\u0144 i rado\u015bci. 19 stycznia odby\u0142a si\u0119 w naszej szkole wspania\u0142a <a href=\"https:\/\/splapszanka.lapszenizne.pl\/index.php\/2023\/01\/22\/babuniu-dziadziuniu-w-dniu-waszego-swieta-zyczenia-skladaja-wam-wszystkie-wnuczeta\/\" class=\"read-more\">Czytaj Dalej<\/a><\/p>\n","protected":false},"author":2,"featured_media":1939,"comment_status":"closed","ping_status":"open","sticky":false,"template":"","format":"standard","meta":{"footnotes":""},"categories":[1,19],"tags":[21],"class_list":["post-1938","post","type-post","status-publish","format-standard","has-post-thumbnail","hentry","category-aktualnosci","category-laboratoria-przyszlosci","tag-laboratoriaprzyszlosci"],"yoast_head":"<!-- This site is optimized with the Yoast SEO plugin v27.0 - https:\/\/yoast.com\/product\/yoast-seo-wordpress\/ -->\n<title>Babuniu, Dziadziuniu, w dniu Waszego \u015bwi\u0119ta, \u017cyczenia sk\u0142adaj\u0105 Wam wszystkie wnucz\u0119ta... - Szko\u0142a Podstawowa w \u0141apszance<\/title>\n<meta name=\"robots\" content=\"index, follow, max-snippet:-1, max-image-preview:large, max-video-preview:-1\" \/>\n<link rel=\"canonical\" href=\"https:\/\/splapszanka.lapszenizne.pl\/index.php\/2023\/01\/22\/babuniu-dziadziuniu-w-dniu-waszego-swieta-zyczenia-skladaja-wam-wszystkie-wnuczeta\/\" \/>\n<meta property=\"og:locale\" content=\"pl_PL\" \/>\n<meta property=\"og:type\" content=\"article\" \/>\n<meta property=\"og:title\" content=\"Babuniu, Dziadziuniu, w dniu Waszego \u015bwi\u0119ta, \u017cyczenia sk\u0142adaj\u0105 Wam wszystkie wnucz\u0119ta... - Szko\u0142a Podstawowa w \u0141apszance\" \/>\n<meta property=\"og:description\" content=\"Mimo, \u017ce stycze\u0144 jest zimowym miesi\u0105cem, to 21 i 22 ka\u017cdemu robi si\u0119 cieplej na sercu, bo przecie\u017c jest to \u015bwi\u0119to wszystkich Bab\u0107 i Dziadk\u00f3w. To dzie\u0144 pe\u0142en u\u015bmiech\u00f3w, wzrusze\u0144 i rado\u015bci. 19 stycznia odby\u0142a si\u0119 w naszej szkole wspania\u0142a Czytaj Dalej\" \/>\n<meta property=\"og:url\" content=\"https:\/\/splapszanka.lapszenizne.pl\/index.php\/2023\/01\/22\/babuniu-dziadziuniu-w-dniu-waszego-swieta-zyczenia-skladaja-wam-wszystkie-wnuczeta\/\" \/>\n<meta property=\"og:site_name\" content=\"Szko\u0142a Podstawowa w \u0141apszance\" \/>\n<meta property=\"article:published_time\" content=\"2023-01-22T22:48:25+00:00\" \/>\n<meta property=\"article:modified_time\" content=\"2023-02-21T07:30:59+00:00\" \/>\n<meta property=\"og:image\" content=\"https:\/\/splapszanka.lapszenizne.pl\/wp-content\/uploads\/2023\/01\/326400919_5702310226564017_8656575395331664924_n.jpg\" \/>\n\t<meta property=\"og:image:width\" content=\"2048\" \/>\n\t<meta property=\"og:image:height\" content=\"1536\" \/>\n\t<meta property=\"og:image:type\" content=\"image\/jpeg\" \/>\n<meta name=\"author\" content=\"Ma\u0142gorzata Kami\u0144ska\" \/>\n<meta name=\"twitter:card\" content=\"summary_large_image\" \/>\n<meta name=\"twitter:label1\" content=\"Napisane przez\" \/>\n\t<meta name=\"twitter:data1\" content=\"Ma\u0142gorzata Kami\u0144ska\" \/>\n\t<meta name=\"twitter:label2\" content=\"Szacowany czas czytania\" \/>\n\t<meta name=\"twitter:data2\" content=\"1 minuta\" \/>\n<script type=\"application\/ld+json\" class=\"yoast-schema-graph\">{\"@context\":\"https:\/\/schema.org\",\"@graph\":[{\"@type\":\"Article\",\"@id\":\"https:\/\/splapszanka.lapszenizne.pl\/index.php\/2023\/01\/22\/babuniu-dziadziuniu-w-dniu-waszego-swieta-zyczenia-skladaja-wam-wszystkie-wnuczeta\/#article\",\"isPartOf\":{\"@id\":\"https:\/\/splapszanka.lapszenizne.pl\/index.php\/2023\/01\/22\/babuniu-dziadziuniu-w-dniu-waszego-swieta-zyczenia-skladaja-wam-wszystkie-wnuczeta\/\"},\"author\":{\"name\":\"Ma\u0142gorzata Kami\u0144ska\",\"@id\":\"https:\/\/splapszanka.lapszenizne.pl\/#\/schema\/person\/7966120f2db6326caa37187324bc225e\"},\"headline\":\"Babuniu, Dziadziuniu, w dniu Waszego \u015bwi\u0119ta, \u017cyczenia sk\u0142adaj\u0105 Wam wszystkie wnucz\u0119ta&#8230;\",\"datePublished\":\"2023-01-22T22:48:25+00:00\",\"dateModified\":\"2023-02-21T07:30:59+00:00\",\"mainEntityOfPage\":{\"@id\":\"https:\/\/splapszanka.lapszenizne.pl\/index.php\/2023\/01\/22\/babuniu-dziadziuniu-w-dniu-waszego-swieta-zyczenia-skladaja-wam-wszystkie-wnuczeta\/\"},\"wordCount\":300,\"publisher\":{\"@id\":\"https:\/\/splapszanka.lapszenizne.pl\/#organization\"},\"image\":{\"@id\":\"https:\/\/splapszanka.lapszenizne.pl\/index.php\/2023\/01\/22\/babuniu-dziadziuniu-w-dniu-waszego-swieta-zyczenia-skladaja-wam-wszystkie-wnuczeta\/#primaryimage\"},\"thumbnailUrl\":\"https:\/\/splapszanka.lapszenizne.pl\/wp-content\/uploads\/2023\/01\/326400919_5702310226564017_8656575395331664924_n.jpg\",\"keywords\":[\"#Laboratoriaprzyszlosci\"],\"articleSection\":[\"Aktualno\u015bci\",\"Laboratoria Przysz\u0142o\u015bci\"],\"inLanguage\":\"pl-PL\"},{\"@type\":\"WebPage\",\"@id\":\"https:\/\/splapszanka.lapszenizne.pl\/index.php\/2023\/01\/22\/babuniu-dziadziuniu-w-dniu-waszego-swieta-zyczenia-skladaja-wam-wszystkie-wnuczeta\/\",\"url\":\"https:\/\/splapszanka.lapszenizne.pl\/index.php\/2023\/01\/22\/babuniu-dziadziuniu-w-dniu-waszego-swieta-zyczenia-skladaja-wam-wszystkie-wnuczeta\/\",\"name\":\"Babuniu, Dziadziuniu, w dniu Waszego \u015bwi\u0119ta, \u017cyczenia sk\u0142adaj\u0105 Wam wszystkie wnucz\u0119ta... - Szko\u0142a Podstawowa w \u0141apszance\",\"isPartOf\":{\"@id\":\"https:\/\/splapszanka.lapszenizne.pl\/#website\"},\"primaryImageOfPage\":{\"@id\":\"https:\/\/splapszanka.lapszenizne.pl\/index.php\/2023\/01\/22\/babuniu-dziadziuniu-w-dniu-waszego-swieta-zyczenia-skladaja-wam-wszystkie-wnuczeta\/#primaryimage\"},\"image\":{\"@id\":\"https:\/\/splapszanka.lapszenizne.pl\/index.php\/2023\/01\/22\/babuniu-dziadziuniu-w-dniu-waszego-swieta-zyczenia-skladaja-wam-wszystkie-wnuczeta\/#primaryimage\"},\"thumbnailUrl\":\"https:\/\/splapszanka.lapszenizne.pl\/wp-content\/uploads\/2023\/01\/326400919_5702310226564017_8656575395331664924_n.jpg\",\"datePublished\":\"2023-01-22T22:48:25+00:00\",\"dateModified\":\"2023-02-21T07:30:59+00:00\",\"breadcrumb\":{\"@id\":\"https:\/\/splapszanka.lapszenizne.pl\/index.php\/2023\/01\/22\/babuniu-dziadziuniu-w-dniu-waszego-swieta-zyczenia-skladaja-wam-wszystkie-wnuczeta\/#breadcrumb\"},\"inLanguage\":\"pl-PL\",\"potentialAction\":[{\"@type\":\"ReadAction\",\"target\":[\"https:\/\/splapszanka.lapszenizne.pl\/index.php\/2023\/01\/22\/babuniu-dziadziuniu-w-dniu-waszego-swieta-zyczenia-skladaja-wam-wszystkie-wnuczeta\/\"]}]},{\"@type\":\"ImageObject\",\"inLanguage\":\"pl-PL\",\"@id\":\"https:\/\/splapszanka.lapszenizne.pl\/index.php\/2023\/01\/22\/babuniu-dziadziuniu-w-dniu-waszego-swieta-zyczenia-skladaja-wam-wszystkie-wnuczeta\/#primaryimage\",\"url\":\"https:\/\/splapszanka.lapszenizne.pl\/wp-content\/uploads\/2023\/01\/326400919_5702310226564017_8656575395331664924_n.jpg\",\"contentUrl\":\"https:\/\/splapszanka.lapszenizne.pl\/wp-content\/uploads\/2023\/01\/326400919_5702310226564017_8656575395331664924_n.jpg\",\"width\":2048,\"height\":1536},{\"@type\":\"BreadcrumbList\",\"@id\":\"https:\/\/splapszanka.lapszenizne.pl\/index.php\/2023\/01\/22\/babuniu-dziadziuniu-w-dniu-waszego-swieta-zyczenia-skladaja-wam-wszystkie-wnuczeta\/#breadcrumb\",\"itemListElement\":[{\"@type\":\"ListItem\",\"position\":1,\"name\":\"Strona g\u0142\u00f3wna\",\"item\":\"https:\/\/splapszanka.lapszenizne.pl\/\"},{\"@type\":\"ListItem\",\"position\":2,\"name\":\"Babuniu, Dziadziuniu, w dniu Waszego \u015bwi\u0119ta, \u017cyczenia sk\u0142adaj\u0105 Wam wszystkie wnucz\u0119ta&#8230;\"}]},{\"@type\":\"WebSite\",\"@id\":\"https:\/\/splapszanka.lapszenizne.pl\/#website\",\"url\":\"https:\/\/splapszanka.lapszenizne.pl\/\",\"name\":\"Szko\u0142a Podstawowa w \u0141apszance\",\"description\":\"\u0141apszanka ul. D\u0142uga 35,  34-442 \u0141apsze Ni\u017cne,  woj. ma\u0142opolskie\",\"publisher\":{\"@id\":\"https:\/\/splapszanka.lapszenizne.pl\/#organization\"},\"potentialAction\":[{\"@type\":\"SearchAction\",\"target\":{\"@type\":\"EntryPoint\",\"urlTemplate\":\"https:\/\/splapszanka.lapszenizne.pl\/?s={search_term_string}\"},\"query-input\":{\"@type\":\"PropertyValueSpecification\",\"valueRequired\":true,\"valueName\":\"search_term_string\"}}],\"inLanguage\":\"pl-PL\"},{\"@type\":\"Organization\",\"@id\":\"https:\/\/splapszanka.lapszenizne.pl\/#organization\",\"name\":\"Szko\u0142a Podstawowa w \u0141apszance\",\"url\":\"https:\/\/splapszanka.lapszenizne.pl\/\",\"logo\":{\"@type\":\"ImageObject\",\"inLanguage\":\"pl-PL\",\"@id\":\"https:\/\/splapszanka.lapszenizne.pl\/#\/schema\/logo\/image\/\",\"url\":\"https:\/\/splapszanka.lapszenizne.pl\/wp-content\/uploads\/2020\/03\/cropped-75328783_1588584124617847_5132413514161324032_o.jpg\",\"contentUrl\":\"https:\/\/splapszanka.lapszenizne.pl\/wp-content\/uploads\/2020\/03\/cropped-75328783_1588584124617847_5132413514161324032_o.jpg\",\"width\":1830,\"height\":1202,\"caption\":\"Szko\u0142a Podstawowa w \u0141apszance\"},\"image\":{\"@id\":\"https:\/\/splapszanka.lapszenizne.pl\/#\/schema\/logo\/image\/\"}},{\"@type\":\"Person\",\"@id\":\"https:\/\/splapszanka.lapszenizne.pl\/#\/schema\/person\/7966120f2db6326caa37187324bc225e\",\"name\":\"Ma\u0142gorzata Kami\u0144ska\",\"image\":{\"@type\":\"ImageObject\",\"inLanguage\":\"pl-PL\",\"@id\":\"https:\/\/splapszanka.lapszenizne.pl\/#\/schema\/person\/image\/\",\"url\":\"https:\/\/secure.gravatar.com\/avatar\/7b25bd82d8287490c4c46d998eb38a88d0aa38fdf79ec1329f845d553d730d06?s=96&d=mm&r=g\",\"contentUrl\":\"https:\/\/secure.gravatar.com\/avatar\/7b25bd82d8287490c4c46d998eb38a88d0aa38fdf79ec1329f845d553d730d06?s=96&d=mm&r=g\",\"caption\":\"Ma\u0142gorzata Kami\u0144ska\"},\"url\":\"https:\/\/splapszanka.lapszenizne.pl\/index.php\/author\/gosia\/\"}]}<\/script>\n<!-- \/ Yoast SEO plugin. -->","yoast_head_json":{"title":"Babuniu, Dziadziuniu, w dniu Waszego \u015bwi\u0119ta, \u017cyczenia sk\u0142adaj\u0105 Wam wszystkie wnucz\u0119ta... - Szko\u0142a Podstawowa w \u0141apszance","robots":{"index":"index","follow":"follow","max-snippet":"max-snippet:-1","max-image-preview":"max-image-preview:large","max-video-preview":"max-video-preview:-1"},"canonical":"https:\/\/splapszanka.lapszenizne.pl\/index.php\/2023\/01\/22\/babuniu-dziadziuniu-w-dniu-waszego-swieta-zyczenia-skladaja-wam-wszystkie-wnuczeta\/","og_locale":"pl_PL","og_type":"article","og_title":"Babuniu, Dziadziuniu, w dniu Waszego \u015bwi\u0119ta, \u017cyczenia sk\u0142adaj\u0105 Wam wszystkie wnucz\u0119ta... - Szko\u0142a Podstawowa w \u0141apszance","og_description":"Mimo, \u017ce stycze\u0144 jest zimowym miesi\u0105cem, to 21 i 22 ka\u017cdemu robi si\u0119 cieplej na sercu, bo przecie\u017c jest to \u015bwi\u0119to wszystkich Bab\u0107 i Dziadk\u00f3w. To dzie\u0144 pe\u0142en u\u015bmiech\u00f3w, wzrusze\u0144 i rado\u015bci. 19 stycznia odby\u0142a si\u0119 w naszej szkole wspania\u0142a Czytaj Dalej","og_url":"https:\/\/splapszanka.lapszenizne.pl\/index.php\/2023\/01\/22\/babuniu-dziadziuniu-w-dniu-waszego-swieta-zyczenia-skladaja-wam-wszystkie-wnuczeta\/","og_site_name":"Szko\u0142a Podstawowa w \u0141apszance","article_published_time":"2023-01-22T22:48:25+00:00","article_modified_time":"2023-02-21T07:30:59+00:00","og_image":[{"width":2048,"height":1536,"url":"https:\/\/splapszanka.lapszenizne.pl\/wp-content\/uploads\/2023\/01\/326400919_5702310226564017_8656575395331664924_n.jpg","type":"image\/jpeg"}],"author":"Ma\u0142gorzata Kami\u0144ska","twitter_card":"summary_large_image","twitter_misc":{"Napisane przez":"Ma\u0142gorzata Kami\u0144ska","Szacowany czas czytania":"1 minuta"},"schema":{"@context":"https:\/\/schema.org","@graph":[{"@type":"Article","@id":"https:\/\/splapszanka.lapszenizne.pl\/index.php\/2023\/01\/22\/babuniu-dziadziuniu-w-dniu-waszego-swieta-zyczenia-skladaja-wam-wszystkie-wnuczeta\/#article","isPartOf":{"@id":"https:\/\/splapszanka.lapszenizne.pl\/index.php\/2023\/01\/22\/babuniu-dziadziuniu-w-dniu-waszego-swieta-zyczenia-skladaja-wam-wszystkie-wnuczeta\/"},"author":{"name":"Ma\u0142gorzata Kami\u0144ska","@id":"https:\/\/splapszanka.lapszenizne.pl\/#\/schema\/person\/7966120f2db6326caa37187324bc225e"},"headline":"Babuniu, Dziadziuniu, w dniu Waszego \u015bwi\u0119ta, \u017cyczenia sk\u0142adaj\u0105 Wam wszystkie wnucz\u0119ta&#8230;","datePublished":"2023-01-22T22:48:25+00:00","dateModified":"2023-02-21T07:30:59+00:00","mainEntityOfPage":{"@id":"https:\/\/splapszanka.lapszenizne.pl\/index.php\/2023\/01\/22\/babuniu-dziadziuniu-w-dniu-waszego-swieta-zyczenia-skladaja-wam-wszystkie-wnuczeta\/"},"wordCount":300,"publisher":{"@id":"https:\/\/splapszanka.lapszenizne.pl\/#organization"},"image":{"@id":"https:\/\/splapszanka.lapszenizne.pl\/index.php\/2023\/01\/22\/babuniu-dziadziuniu-w-dniu-waszego-swieta-zyczenia-skladaja-wam-wszystkie-wnuczeta\/#primaryimage"},"thumbnailUrl":"https:\/\/splapszanka.lapszenizne.pl\/wp-content\/uploads\/2023\/01\/326400919_5702310226564017_8656575395331664924_n.jpg","keywords":["#Laboratoriaprzyszlosci"],"articleSection":["Aktualno\u015bci","Laboratoria Przysz\u0142o\u015bci"],"inLanguage":"pl-PL"},{"@type":"WebPage","@id":"https:\/\/splapszanka.lapszenizne.pl\/index.php\/2023\/01\/22\/babuniu-dziadziuniu-w-dniu-waszego-swieta-zyczenia-skladaja-wam-wszystkie-wnuczeta\/","url":"https:\/\/splapszanka.lapszenizne.pl\/index.php\/2023\/01\/22\/babuniu-dziadziuniu-w-dniu-waszego-swieta-zyczenia-skladaja-wam-wszystkie-wnuczeta\/","name":"Babuniu, Dziadziuniu, w dniu Waszego \u015bwi\u0119ta, \u017cyczenia sk\u0142adaj\u0105 Wam wszystkie wnucz\u0119ta... - Szko\u0142a Podstawowa w \u0141apszance","isPartOf":{"@id":"https:\/\/splapszanka.lapszenizne.pl\/#website"},"primaryImageOfPage":{"@id":"https:\/\/splapszanka.lapszenizne.pl\/index.php\/2023\/01\/22\/babuniu-dziadziuniu-w-dniu-waszego-swieta-zyczenia-skladaja-wam-wszystkie-wnuczeta\/#primaryimage"},"image":{"@id":"https:\/\/splapszanka.lapszenizne.pl\/index.php\/2023\/01\/22\/babuniu-dziadziuniu-w-dniu-waszego-swieta-zyczenia-skladaja-wam-wszystkie-wnuczeta\/#primaryimage"},"thumbnailUrl":"https:\/\/splapszanka.lapszenizne.pl\/wp-content\/uploads\/2023\/01\/326400919_5702310226564017_8656575395331664924_n.jpg","datePublished":"2023-01-22T22:48:25+00:00","dateModified":"2023-02-21T07:30:59+00:00","breadcrumb":{"@id":"https:\/\/splapszanka.lapszenizne.pl\/index.php\/2023\/01\/22\/babuniu-dziadziuniu-w-dniu-waszego-swieta-zyczenia-skladaja-wam-wszystkie-wnuczeta\/#breadcrumb"},"inLanguage":"pl-PL","potentialAction":[{"@type":"ReadAction","target":["https:\/\/splapszanka.lapszenizne.pl\/index.php\/2023\/01\/22\/babuniu-dziadziuniu-w-dniu-waszego-swieta-zyczenia-skladaja-wam-wszystkie-wnuczeta\/"]}]},{"@type":"ImageObject","inLanguage":"pl-PL","@id":"https:\/\/splapszanka.lapszenizne.pl\/index.php\/2023\/01\/22\/babuniu-dziadziuniu-w-dniu-waszego-swieta-zyczenia-skladaja-wam-wszystkie-wnuczeta\/#primaryimage","url":"https:\/\/splapszanka.lapszenizne.pl\/wp-content\/uploads\/2023\/01\/326400919_5702310226564017_8656575395331664924_n.jpg","contentUrl":"https:\/\/splapszanka.lapszenizne.pl\/wp-content\/uploads\/2023\/01\/326400919_5702310226564017_8656575395331664924_n.jpg","width":2048,"height":1536},{"@type":"BreadcrumbList","@id":"https:\/\/splapszanka.lapszenizne.pl\/index.php\/2023\/01\/22\/babuniu-dziadziuniu-w-dniu-waszego-swieta-zyczenia-skladaja-wam-wszystkie-wnuczeta\/#breadcrumb","itemListElement":[{"@type":"ListItem","position":1,"name":"Strona g\u0142\u00f3wna","item":"https:\/\/splapszanka.lapszenizne.pl\/"},{"@type":"ListItem","position":2,"name":"Babuniu, Dziadziuniu, w dniu Waszego \u015bwi\u0119ta, \u017cyczenia sk\u0142adaj\u0105 Wam wszystkie wnucz\u0119ta&#8230;"}]},{"@type":"WebSite","@id":"https:\/\/splapszanka.lapszenizne.pl\/#website","url":"https:\/\/splapszanka.lapszenizne.pl\/","name":"Szko\u0142a Podstawowa w \u0141apszance","description":"\u0141apszanka ul. D\u0142uga 35,  34-442 \u0141apsze Ni\u017cne,  woj. ma\u0142opolskie","publisher":{"@id":"https:\/\/splapszanka.lapszenizne.pl\/#organization"},"potentialAction":[{"@type":"SearchAction","target":{"@type":"EntryPoint","urlTemplate":"https:\/\/splapszanka.lapszenizne.pl\/?s={search_term_string}"},"query-input":{"@type":"PropertyValueSpecification","valueRequired":true,"valueName":"search_term_string"}}],"inLanguage":"pl-PL"},{"@type":"Organization","@id":"https:\/\/splapszanka.lapszenizne.pl\/#organization","name":"Szko\u0142a Podstawowa w \u0141apszance","url":"https:\/\/splapszanka.lapszenizne.pl\/","logo":{"@type":"ImageObject","inLanguage":"pl-PL","@id":"https:\/\/splapszanka.lapszenizne.pl\/#\/schema\/logo\/image\/","url":"https:\/\/splapszanka.lapszenizne.pl\/wp-content\/uploads\/2020\/03\/cropped-75328783_1588584124617847_5132413514161324032_o.jpg","contentUrl":"https:\/\/splapszanka.lapszenizne.pl\/wp-content\/uploads\/2020\/03\/cropped-75328783_1588584124617847_5132413514161324032_o.jpg","width":1830,"height":1202,"caption":"Szko\u0142a Podstawowa w \u0141apszance"},"image":{"@id":"https:\/\/splapszanka.lapszenizne.pl\/#\/schema\/logo\/image\/"}},{"@type":"Person","@id":"https:\/\/splapszanka.lapszenizne.pl\/#\/schema\/person\/7966120f2db6326caa37187324bc225e","name":"Ma\u0142gorzata Kami\u0144ska","image":{"@type":"ImageObject","inLanguage":"pl-PL","@id":"https:\/\/splapszanka.lapszenizne.pl\/#\/schema\/person\/image\/","url":"https:\/\/secure.gravatar.com\/avatar\/7b25bd82d8287490c4c46d998eb38a88d0aa38fdf79ec1329f845d553d730d06?s=96&d=mm&r=g","contentUrl":"https:\/\/secure.gravatar.com\/avatar\/7b25bd82d8287490c4c46d998eb38a88d0aa38fdf79ec1329f845d553d730d06?s=96&d=mm&r=g","caption":"Ma\u0142gorzata Kami\u0144ska"},"url":"https:\/\/splapszanka.lapszenizne.pl\/index.php\/author\/gosia\/"}]}},"_links":{"self":[{"href":"https:\/\/splapszanka.lapszenizne.pl\/index.php\/wp-json\/wp\/v2\/posts\/1938","targetHints":{"allow":["GET"]}}],"collection":[{"href":"https:\/\/splapszanka.lapszenizne.pl\/index.php\/wp-json\/wp\/v2\/posts"}],"about":[{"href":"https:\/\/splapszanka.lapszenizne.pl\/index.php\/wp-json\/wp\/v2\/types\/post"}],"author":[{"embeddable":true,"href":"https:\/\/splapszanka.lapszenizne.pl\/index.php\/wp-json\/wp\/v2\/users\/2"}],"replies":[{"embeddable":true,"href":"https:\/\/splapszanka.lapszenizne.pl\/index.php\/wp-json\/wp\/v2\/comments?post=1938"}],"version-history":[{"count":3,"href":"https:\/\/splapszanka.lapszenizne.pl\/index.php\/wp-json\/wp\/v2\/posts\/1938\/revisions"}],"predecessor-version":[{"id":1992,"href":"https:\/\/splapszanka.lapszenizne.pl\/index.php\/wp-json\/wp\/v2\/posts\/1938\/revisions\/1992"}],"wp:featuredmedia":[{"embeddable":true,"href":"https:\/\/splapszanka.lapszenizne.pl\/index.php\/wp-json\/wp\/v2\/media\/1939"}],"wp:attachment":[{"href":"https:\/\/splapszanka.lapszenizne.pl\/index.php\/wp-json\/wp\/v2\/media?parent=1938"}],"wp:term":[{"taxonomy":"category","embeddable":true,"href":"https:\/\/splapszanka.lapszenizne.pl\/index.php\/wp-json\/wp\/v2\/categories?post=1938"},{"taxonomy":"post_tag","embeddable":true,"href":"https:\/\/splapszanka.lapszenizne.pl\/index.php\/wp-json\/wp\/v2\/tags?post=1938"}],"curies":[{"name":"wp","href":"https:\/\/api.w.org\/{rel}","templated":true}]}}