{"id":1845,"date":"2022-11-21T07:31:36","date_gmt":"2022-11-21T06:31:36","guid":{"rendered":"https:\/\/splapszanka.lapszenizne.pl\/?p=1845"},"modified":"2022-11-21T07:31:36","modified_gmt":"2022-11-21T06:31:36","slug":"szkola-do-hymnu-2","status":"publish","type":"post","link":"https:\/\/splapszanka.lapszenizne.pl\/index.php\/2022\/11\/21\/szkola-do-hymnu-2\/","title":{"rendered":"Szko\u0142a do hymnu!"},"content":{"rendered":"<p style=\"text-align: justify;\">W imieniu Ministra Edukacji i Nauki Przemys\u0142awa Czarnka serdecznie dzi\u0119kujemy za udzia\u0142 w akcji \u201eSzko\u0142a do hymnu\u201d. W tegorocznej inicjatywie wzi\u0119\u0142o udzia\u0142 blisko 20,5 tys. przedszkoli, szk\u00f3\u0142 i plac\u00f3wek o\u015bwiatowych z kraju oraz prawie 360 plac\u00f3wek polonijnych z ca\u0142ego \u015bwiata. Zach\u0119camy do zapoznania si\u0119 z komunikatem podsumowuj\u0105cym akcj\u0119. Znajd\u0105 go Pa\u0144stwo na naszej stronie internetowej <a href=\"https:\/\/www.gov.pl\/web\/edukacja-i-nauka\/szkola-do-hymnu-w-michalickim-zespole-szkol-ponadpodstawowych.\">https:\/\/www.gov.pl\/web\/edukacja-i-nauka\/szkola-do-hymnu-w-michalickim-zespole-szkol-ponadpodstawowych.<\/a><\/p>\n<p style=\"text-align: right;\">Z wyrazami szacunku<br \/>\nBiuro Ministra<br \/>\nMinisterstwo Edukacji i Nauki<\/p>\n","protected":false},"excerpt":{"rendered":"<p>W imieniu Ministra Edukacji i Nauki Przemys\u0142awa Czarnka serdecznie dzi\u0119kujemy za udzia\u0142 w akcji \u201eSzko\u0142a do hymnu\u201d. W tegorocznej inicjatywie wzi\u0119\u0142o udzia\u0142 blisko 20,5 tys. przedszkoli, szk\u00f3\u0142 i plac\u00f3wek o\u015bwiatowych z kraju oraz prawie 360 plac\u00f3wek polonijnych z ca\u0142ego \u015bwiata. <a href=\"https:\/\/splapszanka.lapszenizne.pl\/index.php\/2022\/11\/21\/szkola-do-hymnu-2\/\" class=\"read-more\">Czytaj Dalej<\/a><\/p>\n","protected":false},"author":2,"featured_media":1846,"comment_status":"closed","ping_status":"open","sticky":false,"template":"","format":"standard","meta":{"footnotes":""},"categories":[1],"tags":[],"class_list":["post-1845","post","type-post","status-publish","format-standard","has-post-thumbnail","hentry","category-aktualnosci"],"yoast_head":"<!-- This site is optimized with the Yoast SEO plugin v27.0 - https:\/\/yoast.com\/product\/yoast-seo-wordpress\/ -->\n<title>Szko\u0142a do hymnu! - Szko\u0142a Podstawowa w \u0141apszance<\/title>\n<meta name=\"robots\" content=\"index, follow, max-snippet:-1, max-image-preview:large, max-video-preview:-1\" \/>\n<link rel=\"canonical\" href=\"https:\/\/splapszanka.lapszenizne.pl\/index.php\/2022\/11\/21\/szkola-do-hymnu-2\/\" \/>\n<meta property=\"og:locale\" content=\"pl_PL\" \/>\n<meta property=\"og:type\" content=\"article\" \/>\n<meta property=\"og:title\" content=\"Szko\u0142a do hymnu! - Szko\u0142a Podstawowa w \u0141apszance\" \/>\n<meta property=\"og:description\" content=\"W imieniu Ministra Edukacji i Nauki Przemys\u0142awa Czarnka serdecznie dzi\u0119kujemy za udzia\u0142 w akcji \u201eSzko\u0142a do hymnu\u201d. W tegorocznej inicjatywie wzi\u0119\u0142o udzia\u0142 blisko 20,5 tys. przedszkoli, szk\u00f3\u0142 i plac\u00f3wek o\u015bwiatowych z kraju oraz prawie 360 plac\u00f3wek polonijnych z ca\u0142ego \u015bwiata. Czytaj Dalej\" \/>\n<meta property=\"og:url\" content=\"https:\/\/splapszanka.lapszenizne.pl\/index.php\/2022\/11\/21\/szkola-do-hymnu-2\/\" \/>\n<meta property=\"og:site_name\" content=\"Szko\u0142a Podstawowa w \u0141apszance\" \/>\n<meta property=\"article:published_time\" content=\"2022-11-21T06:31:36+00:00\" \/>\n<meta name=\"author\" content=\"Ma\u0142gorzata Kami\u0144ska\" \/>\n<meta name=\"twitter:card\" content=\"summary_large_image\" \/>\n<meta name=\"twitter:label1\" content=\"Napisane przez\" \/>\n\t<meta name=\"twitter:data1\" content=\"Ma\u0142gorzata Kami\u0144ska\" \/>\n<script type=\"application\/ld+json\" class=\"yoast-schema-graph\">{\"@context\":\"https:\/\/schema.org\",\"@graph\":[{\"@type\":\"Article\",\"@id\":\"https:\/\/splapszanka.lapszenizne.pl\/index.php\/2022\/11\/21\/szkola-do-hymnu-2\/#article\",\"isPartOf\":{\"@id\":\"https:\/\/splapszanka.lapszenizne.pl\/index.php\/2022\/11\/21\/szkola-do-hymnu-2\/\"},\"author\":{\"name\":\"Ma\u0142gorzata Kami\u0144ska\",\"@id\":\"https:\/\/splapszanka.lapszenizne.pl\/#\/schema\/person\/7966120f2db6326caa37187324bc225e\"},\"headline\":\"Szko\u0142a do hymnu!\",\"datePublished\":\"2022-11-21T06:31:36+00:00\",\"mainEntityOfPage\":{\"@id\":\"https:\/\/splapszanka.lapszenizne.pl\/index.php\/2022\/11\/21\/szkola-do-hymnu-2\/\"},\"wordCount\":84,\"publisher\":{\"@id\":\"https:\/\/splapszanka.lapszenizne.pl\/#organization\"},\"image\":{\"@id\":\"https:\/\/splapszanka.lapszenizne.pl\/index.php\/2022\/11\/21\/szkola-do-hymnu-2\/#primaryimage\"},\"thumbnailUrl\":\"https:\/\/splapszanka.lapszenizne.pl\/wp-content\/uploads\/2022\/11\/szkoladohymnudyplom2022-pdf.jpg\",\"articleSection\":[\"Aktualno\u015bci\"],\"inLanguage\":\"pl-PL\"},{\"@type\":\"WebPage\",\"@id\":\"https:\/\/splapszanka.lapszenizne.pl\/index.php\/2022\/11\/21\/szkola-do-hymnu-2\/\",\"url\":\"https:\/\/splapszanka.lapszenizne.pl\/index.php\/2022\/11\/21\/szkola-do-hymnu-2\/\",\"name\":\"Szko\u0142a do hymnu! - Szko\u0142a Podstawowa w \u0141apszance\",\"isPartOf\":{\"@id\":\"https:\/\/splapszanka.lapszenizne.pl\/#website\"},\"primaryImageOfPage\":{\"@id\":\"https:\/\/splapszanka.lapszenizne.pl\/index.php\/2022\/11\/21\/szkola-do-hymnu-2\/#primaryimage\"},\"image\":{\"@id\":\"https:\/\/splapszanka.lapszenizne.pl\/index.php\/2022\/11\/21\/szkola-do-hymnu-2\/#primaryimage\"},\"thumbnailUrl\":\"https:\/\/splapszanka.lapszenizne.pl\/wp-content\/uploads\/2022\/11\/szkoladohymnudyplom2022-pdf.jpg\",\"datePublished\":\"2022-11-21T06:31:36+00:00\",\"breadcrumb\":{\"@id\":\"https:\/\/splapszanka.lapszenizne.pl\/index.php\/2022\/11\/21\/szkola-do-hymnu-2\/#breadcrumb\"},\"inLanguage\":\"pl-PL\",\"potentialAction\":[{\"@type\":\"ReadAction\",\"target\":[\"https:\/\/splapszanka.lapszenizne.pl\/index.php\/2022\/11\/21\/szkola-do-hymnu-2\/\"]}]},{\"@type\":\"ImageObject\",\"inLanguage\":\"pl-PL\",\"@id\":\"https:\/\/splapszanka.lapszenizne.pl\/index.php\/2022\/11\/21\/szkola-do-hymnu-2\/#primaryimage\",\"url\":\"https:\/\/splapszanka.lapszenizne.pl\/wp-content\/uploads\/2022\/11\/szkoladohymnudyplom2022-pdf.jpg\",\"contentUrl\":\"https:\/\/splapszanka.lapszenizne.pl\/wp-content\/uploads\/2022\/11\/szkoladohymnudyplom2022-pdf.jpg\"},{\"@type\":\"BreadcrumbList\",\"@id\":\"https:\/\/splapszanka.lapszenizne.pl\/index.php\/2022\/11\/21\/szkola-do-hymnu-2\/#breadcrumb\",\"itemListElement\":[{\"@type\":\"ListItem\",\"position\":1,\"name\":\"Strona g\u0142\u00f3wna\",\"item\":\"https:\/\/splapszanka.lapszenizne.pl\/\"},{\"@type\":\"ListItem\",\"position\":2,\"name\":\"Szko\u0142a do hymnu!\"}]},{\"@type\":\"WebSite\",\"@id\":\"https:\/\/splapszanka.lapszenizne.pl\/#website\",\"url\":\"https:\/\/splapszanka.lapszenizne.pl\/\",\"name\":\"Szko\u0142a Podstawowa w \u0141apszance\",\"description\":\"\u0141apszanka ul. D\u0142uga 35,  34-442 \u0141apsze Ni\u017cne,  woj. ma\u0142opolskie\",\"publisher\":{\"@id\":\"https:\/\/splapszanka.lapszenizne.pl\/#organization\"},\"potentialAction\":[{\"@type\":\"SearchAction\",\"target\":{\"@type\":\"EntryPoint\",\"urlTemplate\":\"https:\/\/splapszanka.lapszenizne.pl\/?s={search_term_string}\"},\"query-input\":{\"@type\":\"PropertyValueSpecification\",\"valueRequired\":true,\"valueName\":\"search_term_string\"}}],\"inLanguage\":\"pl-PL\"},{\"@type\":\"Organization\",\"@id\":\"https:\/\/splapszanka.lapszenizne.pl\/#organization\",\"name\":\"Szko\u0142a Podstawowa w \u0141apszance\",\"url\":\"https:\/\/splapszanka.lapszenizne.pl\/\",\"logo\":{\"@type\":\"ImageObject\",\"inLanguage\":\"pl-PL\",\"@id\":\"https:\/\/splapszanka.lapszenizne.pl\/#\/schema\/logo\/image\/\",\"url\":\"https:\/\/splapszanka.lapszenizne.pl\/wp-content\/uploads\/2020\/03\/cropped-75328783_1588584124617847_5132413514161324032_o.jpg\",\"contentUrl\":\"https:\/\/splapszanka.lapszenizne.pl\/wp-content\/uploads\/2020\/03\/cropped-75328783_1588584124617847_5132413514161324032_o.jpg\",\"width\":1830,\"height\":1202,\"caption\":\"Szko\u0142a Podstawowa w \u0141apszance\"},\"image\":{\"@id\":\"https:\/\/splapszanka.lapszenizne.pl\/#\/schema\/logo\/image\/\"}},{\"@type\":\"Person\",\"@id\":\"https:\/\/splapszanka.lapszenizne.pl\/#\/schema\/person\/7966120f2db6326caa37187324bc225e\",\"name\":\"Ma\u0142gorzata Kami\u0144ska\",\"image\":{\"@type\":\"ImageObject\",\"inLanguage\":\"pl-PL\",\"@id\":\"https:\/\/splapszanka.lapszenizne.pl\/#\/schema\/person\/image\/\",\"url\":\"https:\/\/secure.gravatar.com\/avatar\/7b25bd82d8287490c4c46d998eb38a88d0aa38fdf79ec1329f845d553d730d06?s=96&d=mm&r=g\",\"contentUrl\":\"https:\/\/secure.gravatar.com\/avatar\/7b25bd82d8287490c4c46d998eb38a88d0aa38fdf79ec1329f845d553d730d06?s=96&d=mm&r=g\",\"caption\":\"Ma\u0142gorzata Kami\u0144ska\"},\"url\":\"https:\/\/splapszanka.lapszenizne.pl\/index.php\/author\/gosia\/\"}]}<\/script>\n<!-- \/ Yoast SEO plugin. -->","yoast_head_json":{"title":"Szko\u0142a do hymnu! - Szko\u0142a Podstawowa w \u0141apszance","robots":{"index":"index","follow":"follow","max-snippet":"max-snippet:-1","max-image-preview":"max-image-preview:large","max-video-preview":"max-video-preview:-1"},"canonical":"https:\/\/splapszanka.lapszenizne.pl\/index.php\/2022\/11\/21\/szkola-do-hymnu-2\/","og_locale":"pl_PL","og_type":"article","og_title":"Szko\u0142a do hymnu! - Szko\u0142a Podstawowa w \u0141apszance","og_description":"W imieniu Ministra Edukacji i Nauki Przemys\u0142awa Czarnka serdecznie dzi\u0119kujemy za udzia\u0142 w akcji \u201eSzko\u0142a do hymnu\u201d. W tegorocznej inicjatywie wzi\u0119\u0142o udzia\u0142 blisko 20,5 tys. przedszkoli, szk\u00f3\u0142 i plac\u00f3wek o\u015bwiatowych z kraju oraz prawie 360 plac\u00f3wek polonijnych z ca\u0142ego \u015bwiata. Czytaj Dalej","og_url":"https:\/\/splapszanka.lapszenizne.pl\/index.php\/2022\/11\/21\/szkola-do-hymnu-2\/","og_site_name":"Szko\u0142a Podstawowa w \u0141apszance","article_published_time":"2022-11-21T06:31:36+00:00","author":"Ma\u0142gorzata Kami\u0144ska","twitter_card":"summary_large_image","twitter_misc":{"Napisane przez":"Ma\u0142gorzata Kami\u0144ska"},"schema":{"@context":"https:\/\/schema.org","@graph":[{"@type":"Article","@id":"https:\/\/splapszanka.lapszenizne.pl\/index.php\/2022\/11\/21\/szkola-do-hymnu-2\/#article","isPartOf":{"@id":"https:\/\/splapszanka.lapszenizne.pl\/index.php\/2022\/11\/21\/szkola-do-hymnu-2\/"},"author":{"name":"Ma\u0142gorzata Kami\u0144ska","@id":"https:\/\/splapszanka.lapszenizne.pl\/#\/schema\/person\/7966120f2db6326caa37187324bc225e"},"headline":"Szko\u0142a do hymnu!","datePublished":"2022-11-21T06:31:36+00:00","mainEntityOfPage":{"@id":"https:\/\/splapszanka.lapszenizne.pl\/index.php\/2022\/11\/21\/szkola-do-hymnu-2\/"},"wordCount":84,"publisher":{"@id":"https:\/\/splapszanka.lapszenizne.pl\/#organization"},"image":{"@id":"https:\/\/splapszanka.lapszenizne.pl\/index.php\/2022\/11\/21\/szkola-do-hymnu-2\/#primaryimage"},"thumbnailUrl":"https:\/\/splapszanka.lapszenizne.pl\/wp-content\/uploads\/2022\/11\/szkoladohymnudyplom2022-pdf.jpg","articleSection":["Aktualno\u015bci"],"inLanguage":"pl-PL"},{"@type":"WebPage","@id":"https:\/\/splapszanka.lapszenizne.pl\/index.php\/2022\/11\/21\/szkola-do-hymnu-2\/","url":"https:\/\/splapszanka.lapszenizne.pl\/index.php\/2022\/11\/21\/szkola-do-hymnu-2\/","name":"Szko\u0142a do hymnu! - Szko\u0142a Podstawowa w \u0141apszance","isPartOf":{"@id":"https:\/\/splapszanka.lapszenizne.pl\/#website"},"primaryImageOfPage":{"@id":"https:\/\/splapszanka.lapszenizne.pl\/index.php\/2022\/11\/21\/szkola-do-hymnu-2\/#primaryimage"},"image":{"@id":"https:\/\/splapszanka.lapszenizne.pl\/index.php\/2022\/11\/21\/szkola-do-hymnu-2\/#primaryimage"},"thumbnailUrl":"https:\/\/splapszanka.lapszenizne.pl\/wp-content\/uploads\/2022\/11\/szkoladohymnudyplom2022-pdf.jpg","datePublished":"2022-11-21T06:31:36+00:00","breadcrumb":{"@id":"https:\/\/splapszanka.lapszenizne.pl\/index.php\/2022\/11\/21\/szkola-do-hymnu-2\/#breadcrumb"},"inLanguage":"pl-PL","potentialAction":[{"@type":"ReadAction","target":["https:\/\/splapszanka.lapszenizne.pl\/index.php\/2022\/11\/21\/szkola-do-hymnu-2\/"]}]},{"@type":"ImageObject","inLanguage":"pl-PL","@id":"https:\/\/splapszanka.lapszenizne.pl\/index.php\/2022\/11\/21\/szkola-do-hymnu-2\/#primaryimage","url":"https:\/\/splapszanka.lapszenizne.pl\/wp-content\/uploads\/2022\/11\/szkoladohymnudyplom2022-pdf.jpg","contentUrl":"https:\/\/splapszanka.lapszenizne.pl\/wp-content\/uploads\/2022\/11\/szkoladohymnudyplom2022-pdf.jpg"},{"@type":"BreadcrumbList","@id":"https:\/\/splapszanka.lapszenizne.pl\/index.php\/2022\/11\/21\/szkola-do-hymnu-2\/#breadcrumb","itemListElement":[{"@type":"ListItem","position":1,"name":"Strona g\u0142\u00f3wna","item":"https:\/\/splapszanka.lapszenizne.pl\/"},{"@type":"ListItem","position":2,"name":"Szko\u0142a do hymnu!"}]},{"@type":"WebSite","@id":"https:\/\/splapszanka.lapszenizne.pl\/#website","url":"https:\/\/splapszanka.lapszenizne.pl\/","name":"Szko\u0142a Podstawowa w \u0141apszance","description":"\u0141apszanka ul. D\u0142uga 35,  34-442 \u0141apsze Ni\u017cne,  woj. ma\u0142opolskie","publisher":{"@id":"https:\/\/splapszanka.lapszenizne.pl\/#organization"},"potentialAction":[{"@type":"SearchAction","target":{"@type":"EntryPoint","urlTemplate":"https:\/\/splapszanka.lapszenizne.pl\/?s={search_term_string}"},"query-input":{"@type":"PropertyValueSpecification","valueRequired":true,"valueName":"search_term_string"}}],"inLanguage":"pl-PL"},{"@type":"Organization","@id":"https:\/\/splapszanka.lapszenizne.pl\/#organization","name":"Szko\u0142a Podstawowa w \u0141apszance","url":"https:\/\/splapszanka.lapszenizne.pl\/","logo":{"@type":"ImageObject","inLanguage":"pl-PL","@id":"https:\/\/splapszanka.lapszenizne.pl\/#\/schema\/logo\/image\/","url":"https:\/\/splapszanka.lapszenizne.pl\/wp-content\/uploads\/2020\/03\/cropped-75328783_1588584124617847_5132413514161324032_o.jpg","contentUrl":"https:\/\/splapszanka.lapszenizne.pl\/wp-content\/uploads\/2020\/03\/cropped-75328783_1588584124617847_5132413514161324032_o.jpg","width":1830,"height":1202,"caption":"Szko\u0142a Podstawowa w \u0141apszance"},"image":{"@id":"https:\/\/splapszanka.lapszenizne.pl\/#\/schema\/logo\/image\/"}},{"@type":"Person","@id":"https:\/\/splapszanka.lapszenizne.pl\/#\/schema\/person\/7966120f2db6326caa37187324bc225e","name":"Ma\u0142gorzata Kami\u0144ska","image":{"@type":"ImageObject","inLanguage":"pl-PL","@id":"https:\/\/splapszanka.lapszenizne.pl\/#\/schema\/person\/image\/","url":"https:\/\/secure.gravatar.com\/avatar\/7b25bd82d8287490c4c46d998eb38a88d0aa38fdf79ec1329f845d553d730d06?s=96&d=mm&r=g","contentUrl":"https:\/\/secure.gravatar.com\/avatar\/7b25bd82d8287490c4c46d998eb38a88d0aa38fdf79ec1329f845d553d730d06?s=96&d=mm&r=g","caption":"Ma\u0142gorzata Kami\u0144ska"},"url":"https:\/\/splapszanka.lapszenizne.pl\/index.php\/author\/gosia\/"}]}},"_links":{"self":[{"href":"https:\/\/splapszanka.lapszenizne.pl\/index.php\/wp-json\/wp\/v2\/posts\/1845","targetHints":{"allow":["GET"]}}],"collection":[{"href":"https:\/\/splapszanka.lapszenizne.pl\/index.php\/wp-json\/wp\/v2\/posts"}],"about":[{"href":"https:\/\/splapszanka.lapszenizne.pl\/index.php\/wp-json\/wp\/v2\/types\/post"}],"author":[{"embeddable":true,"href":"https:\/\/splapszanka.lapszenizne.pl\/index.php\/wp-json\/wp\/v2\/users\/2"}],"replies":[{"embeddable":true,"href":"https:\/\/splapszanka.lapszenizne.pl\/index.php\/wp-json\/wp\/v2\/comments?post=1845"}],"version-history":[{"count":1,"href":"https:\/\/splapszanka.lapszenizne.pl\/index.php\/wp-json\/wp\/v2\/posts\/1845\/revisions"}],"predecessor-version":[{"id":1847,"href":"https:\/\/splapszanka.lapszenizne.pl\/index.php\/wp-json\/wp\/v2\/posts\/1845\/revisions\/1847"}],"wp:featuredmedia":[{"embeddable":true,"href":"https:\/\/splapszanka.lapszenizne.pl\/index.php\/wp-json\/wp\/v2\/media\/1846"}],"wp:attachment":[{"href":"https:\/\/splapszanka.lapszenizne.pl\/index.php\/wp-json\/wp\/v2\/media?parent=1845"}],"wp:term":[{"taxonomy":"category","embeddable":true,"href":"https:\/\/splapszanka.lapszenizne.pl\/index.php\/wp-json\/wp\/v2\/categories?post=1845"},{"taxonomy":"post_tag","embeddable":true,"href":"https:\/\/splapszanka.lapszenizne.pl\/index.php\/wp-json\/wp\/v2\/tags?post=1845"}],"curies":[{"name":"wp","href":"https:\/\/api.w.org\/{rel}","templated":true}]}}