{"id":1667,"date":"2022-09-11T15:28:03","date_gmt":"2022-09-11T13:28:03","guid":{"rendered":"https:\/\/splapszanka.lapszenizne.pl\/?p=1667"},"modified":"2022-09-11T15:28:03","modified_gmt":"2022-09-11T13:28:03","slug":"witajcie-w-szkole","status":"publish","type":"post","link":"https:\/\/splapszanka.lapszenizne.pl\/index.php\/2022\/09\/11\/witajcie-w-szkole\/","title":{"rendered":"Witajcie w szkole!"},"content":{"rendered":"<p style=\"text-align: center;\"><strong>\u201eTwoje dzieci stan\u0105 si\u0119 tym, kim ty jeste\u015b, <\/strong><\/p>\n<p style=\"text-align: center;\"><strong>a wi\u0119c b\u0105d\u017a tym, kim chcesz,<\/strong><strong> by one by\u0142y\u201d<\/strong><\/p>\n<p style=\"text-align: center;\">(Dawid Bly)<\/p>\n<p>&nbsp;<\/p>\n<p>Pedagog szkolny to osoba, kt\u00f3ra ma na celu uzupe\u0142nianie, pog\u0142\u0119bianie\u00a0i rozszerzanie dzia\u0142alno\u015bci dydaktyczno- wychowawczej prowadzonej w szkole.\u00a0Pedagog szkolny wsp\u00f3\u0142pracuje z nauczycielami, dyrekcj\u0105, rodzicami, instytucjami s\u0142u\u017c\u0105cymi pomoc\u0105 dziecku i rodzinie (Poradnie Psychologiczno \u2013 pedagogiczne, Policja, O\u015brodki Pomocy Spo\u0142ecznej, S\u0105dy Rodzinne, Plac\u00f3wki Opieku\u0144czo \u2013 Wychowawcze).<\/p>\n<p><em>G\u0142\u00f3wnym partnerem w pracy pedagoga jest UCZE\u0143!<\/em><\/p>\n<p><strong>Zadania pedagoga szkolnego to mi\u0119dzy innymi:<\/strong><\/p>\n<ol>\n<li>Diagnozowanie \u015brodowiska uczniowskiego i rozpoznawanie indywidualnych potrzeb uczni\u00f3w,<\/li>\n<li>Organizowanie i prowadzenie r\u00f3\u017cnych form pomocy psychologiczno \u2013 pedagogicznej dla uczni\u00f3w, rodzic\u00f3w i nauczycieli,<\/li>\n<li>Podejmowanie i wspieranie dzia\u0142a\u0144 wychowawczych i profilaktycznych,<\/li>\n<li>Wspieranie dzia\u0142a\u0144 wychowawczych i opieku\u0144czych nauczycieli,<\/li>\n<li>Dzia\u0142anie na rzecz zorganizowania opieki i pomocy materialnej uczniom znajduj\u0105cym si\u0119 w trudnej sytuacji.<\/li>\n<\/ol>\n<table width=\"0\">\n<tbody>\n<tr>\n<td><strong>UCZNIU, zwr\u00f3\u0107 si\u0119 do pedagoga, gdy:\u00a0<\/strong><\/p>\n<ul>\n<li>czujesz, \u017ce nikt Ci\u0119 nie rozumie, \u00a0jeste\u015b samotny<\/li>\n<li>nie potrafisz porozumie\u0107 si\u0119 z nauczycielem<\/li>\n<li>masz problemy rodzinne<\/li>\n<li>chcesz podzieli\u0107 si\u0119 swoj\u0105 rado\u015bci\u0105, sukcesem<\/li>\n<li>chcia\u0142by\u015b pom\u00f3c innym, ale nie wiesz w jaki spos\u00f3b<\/li>\n<li>masz ciekawe pomys\u0142y, kt\u00f3rymi chcesz si\u0119 podzieli\u0107<\/li>\n<li>przyjd\u017a tak\u017ce z ka\u017cd\u0105 sprawa, z kt\u00f3r\u0105 sam nie potrafisz sobie poradzi\u0107.<\/li>\n<\/ul>\n<p><strong>PRZYJD\u0179. POSTARAM SI\u0118 POM\u00d3C.<\/strong><\/td>\n<\/tr>\n<\/tbody>\n<\/table>\n<p>&nbsp;<\/p>\n<table width=\"0\">\n<tbody>\n<tr>\n<td width=\"583\"><strong>RODZICU zwr\u00f3\u0107 si\u0119 do pedagoga, gdy:\u00a0<\/strong><\/p>\n<ul>\n<li>niepokoi Ci\u0119 zachowanie dziecka<\/li>\n<li>zauwa\u017casz u dziecka problemy w uczeniu si\u0119<\/li>\n<li>chcesz porozmawia\u0107 o dziecku i twoich z nim relacjach<\/li>\n<li>poturbujesz wsparcia w procesie wychowania<\/li>\n<li>masz pytania i nie wiesz do kogo zwr\u00f3ci\u0107 si\u0119 po pomoc<\/li>\n<li>znajdujesz si\u0119 w trudnej sytuacji materialnej.<\/li>\n<\/ul>\n<p style=\"text-align: right;\">\u00a0<strong>ZAPRASZAM. POSTARAM SI\u0118 POM\u00d3C.<\/strong><\/p>\n<p style=\"text-align: right;\"><strong>\u00a0<\/strong><\/p>\n<p style=\"text-align: right;\"><strong>mgr Renata B\u0142azoszek-So\u0142tys<\/strong><\/p>\n<\/td>\n<\/tr>\n<\/tbody>\n<\/table>\n<p>&nbsp;<\/p>\n","protected":false},"excerpt":{"rendered":"<p>\u201eTwoje dzieci stan\u0105 si\u0119 tym, kim ty jeste\u015b, a wi\u0119c b\u0105d\u017a tym, kim chcesz, by one by\u0142y\u201d (Dawid Bly) &nbsp; Pedagog szkolny to osoba, kt\u00f3ra ma na celu uzupe\u0142nianie, pog\u0142\u0119bianie\u00a0i rozszerzanie dzia\u0142alno\u015bci dydaktyczno- wychowawczej prowadzonej w szkole.\u00a0Pedagog szkolny wsp\u00f3\u0142pracuje z <a href=\"https:\/\/splapszanka.lapszenizne.pl\/index.php\/2022\/09\/11\/witajcie-w-szkole\/\" class=\"read-more\">Czytaj Dalej<\/a><\/p>\n","protected":false},"author":2,"featured_media":1668,"comment_status":"closed","ping_status":"open","sticky":false,"template":"","format":"standard","meta":{"footnotes":""},"categories":[17],"tags":[],"class_list":["post-1667","post","type-post","status-publish","format-standard","has-post-thumbnail","hentry","category-pedagog"],"yoast_head":"<!-- This site is optimized with the Yoast SEO plugin v27.0 - https:\/\/yoast.com\/product\/yoast-seo-wordpress\/ -->\n<title>Witajcie w szkole! - Szko\u0142a Podstawowa w \u0141apszance<\/title>\n<meta name=\"robots\" content=\"index, follow, max-snippet:-1, max-image-preview:large, max-video-preview:-1\" \/>\n<link rel=\"canonical\" href=\"https:\/\/splapszanka.lapszenizne.pl\/index.php\/2022\/09\/11\/witajcie-w-szkole\/\" \/>\n<meta property=\"og:locale\" content=\"pl_PL\" \/>\n<meta property=\"og:type\" content=\"article\" \/>\n<meta property=\"og:title\" content=\"Witajcie w szkole! - Szko\u0142a Podstawowa w \u0141apszance\" \/>\n<meta property=\"og:description\" content=\"\u201eTwoje dzieci stan\u0105 si\u0119 tym, kim ty jeste\u015b, a wi\u0119c b\u0105d\u017a tym, kim chcesz, by one by\u0142y\u201d (Dawid Bly) &nbsp; Pedagog szkolny to osoba, kt\u00f3ra ma na celu uzupe\u0142nianie, pog\u0142\u0119bianie\u00a0i rozszerzanie dzia\u0142alno\u015bci dydaktyczno- wychowawczej prowadzonej w szkole.\u00a0Pedagog szkolny wsp\u00f3\u0142pracuje z Czytaj Dalej\" \/>\n<meta property=\"og:url\" content=\"https:\/\/splapszanka.lapszenizne.pl\/index.php\/2022\/09\/11\/witajcie-w-szkole\/\" \/>\n<meta property=\"og:site_name\" content=\"Szko\u0142a Podstawowa w \u0141apszance\" \/>\n<meta property=\"article:published_time\" content=\"2022-09-11T13:28:03+00:00\" \/>\n<meta property=\"og:image\" content=\"https:\/\/splapszanka.lapszenizne.pl\/wp-content\/uploads\/2022\/09\/OIP.jpg\" \/>\n\t<meta property=\"og:image:width\" content=\"474\" \/>\n\t<meta property=\"og:image:height\" content=\"381\" \/>\n\t<meta property=\"og:image:type\" content=\"image\/jpeg\" \/>\n<meta name=\"author\" content=\"Ma\u0142gorzata Kami\u0144ska\" \/>\n<meta name=\"twitter:card\" content=\"summary_large_image\" \/>\n<meta name=\"twitter:label1\" content=\"Napisane przez\" \/>\n\t<meta name=\"twitter:data1\" content=\"Ma\u0142gorzata Kami\u0144ska\" \/>\n\t<meta name=\"twitter:label2\" content=\"Szacowany czas czytania\" \/>\n\t<meta name=\"twitter:data2\" content=\"1 minuta\" \/>\n<script type=\"application\/ld+json\" class=\"yoast-schema-graph\">{\"@context\":\"https:\/\/schema.org\",\"@graph\":[{\"@type\":\"Article\",\"@id\":\"https:\/\/splapszanka.lapszenizne.pl\/index.php\/2022\/09\/11\/witajcie-w-szkole\/#article\",\"isPartOf\":{\"@id\":\"https:\/\/splapszanka.lapszenizne.pl\/index.php\/2022\/09\/11\/witajcie-w-szkole\/\"},\"author\":{\"name\":\"Ma\u0142gorzata Kami\u0144ska\",\"@id\":\"https:\/\/splapszanka.lapszenizne.pl\/#\/schema\/person\/7966120f2db6326caa37187324bc225e\"},\"headline\":\"Witajcie w szkole!\",\"datePublished\":\"2022-09-11T13:28:03+00:00\",\"mainEntityOfPage\":{\"@id\":\"https:\/\/splapszanka.lapszenizne.pl\/index.php\/2022\/09\/11\/witajcie-w-szkole\/\"},\"wordCount\":287,\"publisher\":{\"@id\":\"https:\/\/splapszanka.lapszenizne.pl\/#organization\"},\"image\":{\"@id\":\"https:\/\/splapszanka.lapszenizne.pl\/index.php\/2022\/09\/11\/witajcie-w-szkole\/#primaryimage\"},\"thumbnailUrl\":\"https:\/\/splapszanka.lapszenizne.pl\/wp-content\/uploads\/2022\/09\/OIP.jpg\",\"articleSection\":[\"Pedagog\"],\"inLanguage\":\"pl-PL\"},{\"@type\":\"WebPage\",\"@id\":\"https:\/\/splapszanka.lapszenizne.pl\/index.php\/2022\/09\/11\/witajcie-w-szkole\/\",\"url\":\"https:\/\/splapszanka.lapszenizne.pl\/index.php\/2022\/09\/11\/witajcie-w-szkole\/\",\"name\":\"Witajcie w szkole! - Szko\u0142a Podstawowa w \u0141apszance\",\"isPartOf\":{\"@id\":\"https:\/\/splapszanka.lapszenizne.pl\/#website\"},\"primaryImageOfPage\":{\"@id\":\"https:\/\/splapszanka.lapszenizne.pl\/index.php\/2022\/09\/11\/witajcie-w-szkole\/#primaryimage\"},\"image\":{\"@id\":\"https:\/\/splapszanka.lapszenizne.pl\/index.php\/2022\/09\/11\/witajcie-w-szkole\/#primaryimage\"},\"thumbnailUrl\":\"https:\/\/splapszanka.lapszenizne.pl\/wp-content\/uploads\/2022\/09\/OIP.jpg\",\"datePublished\":\"2022-09-11T13:28:03+00:00\",\"breadcrumb\":{\"@id\":\"https:\/\/splapszanka.lapszenizne.pl\/index.php\/2022\/09\/11\/witajcie-w-szkole\/#breadcrumb\"},\"inLanguage\":\"pl-PL\",\"potentialAction\":[{\"@type\":\"ReadAction\",\"target\":[\"https:\/\/splapszanka.lapszenizne.pl\/index.php\/2022\/09\/11\/witajcie-w-szkole\/\"]}]},{\"@type\":\"ImageObject\",\"inLanguage\":\"pl-PL\",\"@id\":\"https:\/\/splapszanka.lapszenizne.pl\/index.php\/2022\/09\/11\/witajcie-w-szkole\/#primaryimage\",\"url\":\"https:\/\/splapszanka.lapszenizne.pl\/wp-content\/uploads\/2022\/09\/OIP.jpg\",\"contentUrl\":\"https:\/\/splapszanka.lapszenizne.pl\/wp-content\/uploads\/2022\/09\/OIP.jpg\",\"width\":474,\"height\":381},{\"@type\":\"BreadcrumbList\",\"@id\":\"https:\/\/splapszanka.lapszenizne.pl\/index.php\/2022\/09\/11\/witajcie-w-szkole\/#breadcrumb\",\"itemListElement\":[{\"@type\":\"ListItem\",\"position\":1,\"name\":\"Strona g\u0142\u00f3wna\",\"item\":\"https:\/\/splapszanka.lapszenizne.pl\/\"},{\"@type\":\"ListItem\",\"position\":2,\"name\":\"Witajcie w szkole!\"}]},{\"@type\":\"WebSite\",\"@id\":\"https:\/\/splapszanka.lapszenizne.pl\/#website\",\"url\":\"https:\/\/splapszanka.lapszenizne.pl\/\",\"name\":\"Szko\u0142a Podstawowa w \u0141apszance\",\"description\":\"\u0141apszanka ul. D\u0142uga 35,  34-442 \u0141apsze Ni\u017cne,  woj. ma\u0142opolskie\",\"publisher\":{\"@id\":\"https:\/\/splapszanka.lapszenizne.pl\/#organization\"},\"potentialAction\":[{\"@type\":\"SearchAction\",\"target\":{\"@type\":\"EntryPoint\",\"urlTemplate\":\"https:\/\/splapszanka.lapszenizne.pl\/?s={search_term_string}\"},\"query-input\":{\"@type\":\"PropertyValueSpecification\",\"valueRequired\":true,\"valueName\":\"search_term_string\"}}],\"inLanguage\":\"pl-PL\"},{\"@type\":\"Organization\",\"@id\":\"https:\/\/splapszanka.lapszenizne.pl\/#organization\",\"name\":\"Szko\u0142a Podstawowa w \u0141apszance\",\"url\":\"https:\/\/splapszanka.lapszenizne.pl\/\",\"logo\":{\"@type\":\"ImageObject\",\"inLanguage\":\"pl-PL\",\"@id\":\"https:\/\/splapszanka.lapszenizne.pl\/#\/schema\/logo\/image\/\",\"url\":\"https:\/\/splapszanka.lapszenizne.pl\/wp-content\/uploads\/2020\/03\/cropped-75328783_1588584124617847_5132413514161324032_o.jpg\",\"contentUrl\":\"https:\/\/splapszanka.lapszenizne.pl\/wp-content\/uploads\/2020\/03\/cropped-75328783_1588584124617847_5132413514161324032_o.jpg\",\"width\":1830,\"height\":1202,\"caption\":\"Szko\u0142a Podstawowa w \u0141apszance\"},\"image\":{\"@id\":\"https:\/\/splapszanka.lapszenizne.pl\/#\/schema\/logo\/image\/\"}},{\"@type\":\"Person\",\"@id\":\"https:\/\/splapszanka.lapszenizne.pl\/#\/schema\/person\/7966120f2db6326caa37187324bc225e\",\"name\":\"Ma\u0142gorzata Kami\u0144ska\",\"image\":{\"@type\":\"ImageObject\",\"inLanguage\":\"pl-PL\",\"@id\":\"https:\/\/splapszanka.lapszenizne.pl\/#\/schema\/person\/image\/\",\"url\":\"https:\/\/secure.gravatar.com\/avatar\/7b25bd82d8287490c4c46d998eb38a88d0aa38fdf79ec1329f845d553d730d06?s=96&d=mm&r=g\",\"contentUrl\":\"https:\/\/secure.gravatar.com\/avatar\/7b25bd82d8287490c4c46d998eb38a88d0aa38fdf79ec1329f845d553d730d06?s=96&d=mm&r=g\",\"caption\":\"Ma\u0142gorzata Kami\u0144ska\"},\"url\":\"https:\/\/splapszanka.lapszenizne.pl\/index.php\/author\/gosia\/\"}]}<\/script>\n<!-- \/ Yoast SEO plugin. -->","yoast_head_json":{"title":"Witajcie w szkole! - Szko\u0142a Podstawowa w \u0141apszance","robots":{"index":"index","follow":"follow","max-snippet":"max-snippet:-1","max-image-preview":"max-image-preview:large","max-video-preview":"max-video-preview:-1"},"canonical":"https:\/\/splapszanka.lapszenizne.pl\/index.php\/2022\/09\/11\/witajcie-w-szkole\/","og_locale":"pl_PL","og_type":"article","og_title":"Witajcie w szkole! - Szko\u0142a Podstawowa w \u0141apszance","og_description":"\u201eTwoje dzieci stan\u0105 si\u0119 tym, kim ty jeste\u015b, a wi\u0119c b\u0105d\u017a tym, kim chcesz, by one by\u0142y\u201d (Dawid Bly) &nbsp; Pedagog szkolny to osoba, kt\u00f3ra ma na celu uzupe\u0142nianie, pog\u0142\u0119bianie\u00a0i rozszerzanie dzia\u0142alno\u015bci dydaktyczno- wychowawczej prowadzonej w szkole.\u00a0Pedagog szkolny wsp\u00f3\u0142pracuje z Czytaj Dalej","og_url":"https:\/\/splapszanka.lapszenizne.pl\/index.php\/2022\/09\/11\/witajcie-w-szkole\/","og_site_name":"Szko\u0142a Podstawowa w \u0141apszance","article_published_time":"2022-09-11T13:28:03+00:00","og_image":[{"width":474,"height":381,"url":"https:\/\/splapszanka.lapszenizne.pl\/wp-content\/uploads\/2022\/09\/OIP.jpg","type":"image\/jpeg"}],"author":"Ma\u0142gorzata Kami\u0144ska","twitter_card":"summary_large_image","twitter_misc":{"Napisane przez":"Ma\u0142gorzata Kami\u0144ska","Szacowany czas czytania":"1 minuta"},"schema":{"@context":"https:\/\/schema.org","@graph":[{"@type":"Article","@id":"https:\/\/splapszanka.lapszenizne.pl\/index.php\/2022\/09\/11\/witajcie-w-szkole\/#article","isPartOf":{"@id":"https:\/\/splapszanka.lapszenizne.pl\/index.php\/2022\/09\/11\/witajcie-w-szkole\/"},"author":{"name":"Ma\u0142gorzata Kami\u0144ska","@id":"https:\/\/splapszanka.lapszenizne.pl\/#\/schema\/person\/7966120f2db6326caa37187324bc225e"},"headline":"Witajcie w szkole!","datePublished":"2022-09-11T13:28:03+00:00","mainEntityOfPage":{"@id":"https:\/\/splapszanka.lapszenizne.pl\/index.php\/2022\/09\/11\/witajcie-w-szkole\/"},"wordCount":287,"publisher":{"@id":"https:\/\/splapszanka.lapszenizne.pl\/#organization"},"image":{"@id":"https:\/\/splapszanka.lapszenizne.pl\/index.php\/2022\/09\/11\/witajcie-w-szkole\/#primaryimage"},"thumbnailUrl":"https:\/\/splapszanka.lapszenizne.pl\/wp-content\/uploads\/2022\/09\/OIP.jpg","articleSection":["Pedagog"],"inLanguage":"pl-PL"},{"@type":"WebPage","@id":"https:\/\/splapszanka.lapszenizne.pl\/index.php\/2022\/09\/11\/witajcie-w-szkole\/","url":"https:\/\/splapszanka.lapszenizne.pl\/index.php\/2022\/09\/11\/witajcie-w-szkole\/","name":"Witajcie w szkole! - Szko\u0142a Podstawowa w \u0141apszance","isPartOf":{"@id":"https:\/\/splapszanka.lapszenizne.pl\/#website"},"primaryImageOfPage":{"@id":"https:\/\/splapszanka.lapszenizne.pl\/index.php\/2022\/09\/11\/witajcie-w-szkole\/#primaryimage"},"image":{"@id":"https:\/\/splapszanka.lapszenizne.pl\/index.php\/2022\/09\/11\/witajcie-w-szkole\/#primaryimage"},"thumbnailUrl":"https:\/\/splapszanka.lapszenizne.pl\/wp-content\/uploads\/2022\/09\/OIP.jpg","datePublished":"2022-09-11T13:28:03+00:00","breadcrumb":{"@id":"https:\/\/splapszanka.lapszenizne.pl\/index.php\/2022\/09\/11\/witajcie-w-szkole\/#breadcrumb"},"inLanguage":"pl-PL","potentialAction":[{"@type":"ReadAction","target":["https:\/\/splapszanka.lapszenizne.pl\/index.php\/2022\/09\/11\/witajcie-w-szkole\/"]}]},{"@type":"ImageObject","inLanguage":"pl-PL","@id":"https:\/\/splapszanka.lapszenizne.pl\/index.php\/2022\/09\/11\/witajcie-w-szkole\/#primaryimage","url":"https:\/\/splapszanka.lapszenizne.pl\/wp-content\/uploads\/2022\/09\/OIP.jpg","contentUrl":"https:\/\/splapszanka.lapszenizne.pl\/wp-content\/uploads\/2022\/09\/OIP.jpg","width":474,"height":381},{"@type":"BreadcrumbList","@id":"https:\/\/splapszanka.lapszenizne.pl\/index.php\/2022\/09\/11\/witajcie-w-szkole\/#breadcrumb","itemListElement":[{"@type":"ListItem","position":1,"name":"Strona g\u0142\u00f3wna","item":"https:\/\/splapszanka.lapszenizne.pl\/"},{"@type":"ListItem","position":2,"name":"Witajcie w szkole!"}]},{"@type":"WebSite","@id":"https:\/\/splapszanka.lapszenizne.pl\/#website","url":"https:\/\/splapszanka.lapszenizne.pl\/","name":"Szko\u0142a Podstawowa w \u0141apszance","description":"\u0141apszanka ul. D\u0142uga 35,  34-442 \u0141apsze Ni\u017cne,  woj. ma\u0142opolskie","publisher":{"@id":"https:\/\/splapszanka.lapszenizne.pl\/#organization"},"potentialAction":[{"@type":"SearchAction","target":{"@type":"EntryPoint","urlTemplate":"https:\/\/splapszanka.lapszenizne.pl\/?s={search_term_string}"},"query-input":{"@type":"PropertyValueSpecification","valueRequired":true,"valueName":"search_term_string"}}],"inLanguage":"pl-PL"},{"@type":"Organization","@id":"https:\/\/splapszanka.lapszenizne.pl\/#organization","name":"Szko\u0142a Podstawowa w \u0141apszance","url":"https:\/\/splapszanka.lapszenizne.pl\/","logo":{"@type":"ImageObject","inLanguage":"pl-PL","@id":"https:\/\/splapszanka.lapszenizne.pl\/#\/schema\/logo\/image\/","url":"https:\/\/splapszanka.lapszenizne.pl\/wp-content\/uploads\/2020\/03\/cropped-75328783_1588584124617847_5132413514161324032_o.jpg","contentUrl":"https:\/\/splapszanka.lapszenizne.pl\/wp-content\/uploads\/2020\/03\/cropped-75328783_1588584124617847_5132413514161324032_o.jpg","width":1830,"height":1202,"caption":"Szko\u0142a Podstawowa w \u0141apszance"},"image":{"@id":"https:\/\/splapszanka.lapszenizne.pl\/#\/schema\/logo\/image\/"}},{"@type":"Person","@id":"https:\/\/splapszanka.lapszenizne.pl\/#\/schema\/person\/7966120f2db6326caa37187324bc225e","name":"Ma\u0142gorzata Kami\u0144ska","image":{"@type":"ImageObject","inLanguage":"pl-PL","@id":"https:\/\/splapszanka.lapszenizne.pl\/#\/schema\/person\/image\/","url":"https:\/\/secure.gravatar.com\/avatar\/7b25bd82d8287490c4c46d998eb38a88d0aa38fdf79ec1329f845d553d730d06?s=96&d=mm&r=g","contentUrl":"https:\/\/secure.gravatar.com\/avatar\/7b25bd82d8287490c4c46d998eb38a88d0aa38fdf79ec1329f845d553d730d06?s=96&d=mm&r=g","caption":"Ma\u0142gorzata Kami\u0144ska"},"url":"https:\/\/splapszanka.lapszenizne.pl\/index.php\/author\/gosia\/"}]}},"_links":{"self":[{"href":"https:\/\/splapszanka.lapszenizne.pl\/index.php\/wp-json\/wp\/v2\/posts\/1667","targetHints":{"allow":["GET"]}}],"collection":[{"href":"https:\/\/splapszanka.lapszenizne.pl\/index.php\/wp-json\/wp\/v2\/posts"}],"about":[{"href":"https:\/\/splapszanka.lapszenizne.pl\/index.php\/wp-json\/wp\/v2\/types\/post"}],"author":[{"embeddable":true,"href":"https:\/\/splapszanka.lapszenizne.pl\/index.php\/wp-json\/wp\/v2\/users\/2"}],"replies":[{"embeddable":true,"href":"https:\/\/splapszanka.lapszenizne.pl\/index.php\/wp-json\/wp\/v2\/comments?post=1667"}],"version-history":[{"count":1,"href":"https:\/\/splapszanka.lapszenizne.pl\/index.php\/wp-json\/wp\/v2\/posts\/1667\/revisions"}],"predecessor-version":[{"id":1669,"href":"https:\/\/splapszanka.lapszenizne.pl\/index.php\/wp-json\/wp\/v2\/posts\/1667\/revisions\/1669"}],"wp:featuredmedia":[{"embeddable":true,"href":"https:\/\/splapszanka.lapszenizne.pl\/index.php\/wp-json\/wp\/v2\/media\/1668"}],"wp:attachment":[{"href":"https:\/\/splapszanka.lapszenizne.pl\/index.php\/wp-json\/wp\/v2\/media?parent=1667"}],"wp:term":[{"taxonomy":"category","embeddable":true,"href":"https:\/\/splapszanka.lapszenizne.pl\/index.php\/wp-json\/wp\/v2\/categories?post=1667"},{"taxonomy":"post_tag","embeddable":true,"href":"https:\/\/splapszanka.lapszenizne.pl\/index.php\/wp-json\/wp\/v2\/tags?post=1667"}],"curies":[{"name":"wp","href":"https:\/\/api.w.org\/{rel}","templated":true}]}}