{"id":1483,"date":"2022-04-05T09:46:46","date_gmt":"2022-04-05T07:46:46","guid":{"rendered":"https:\/\/splapszanka.lapszenizne.pl\/?p=1483"},"modified":"2022-04-05T09:46:46","modified_gmt":"2022-04-05T07:46:46","slug":"narodowy-dzien-pamieci-zolnierzy-wykletych","status":"publish","type":"post","link":"https:\/\/splapszanka.lapszenizne.pl\/index.php\/2022\/04\/05\/narodowy-dzien-pamieci-zolnierzy-wykletych\/","title":{"rendered":"Narodowy Dzie\u0144 Pami\u0119ci \u017bo\u0142nierzy Wykl\u0119tych"},"content":{"rendered":"<div class=\"kvgmc6g5 cxmmr5t8 oygrvhab hcukyx3x c1et5uql ii04i59q\">\n<div dir=\"auto\">W zwi\u0105zku z obchodzonym 1 marca, Narodowym Dniem Pami\u0119ci \u017bo\u0142nierzy Wykl\u0119tych, zorganizowany zosta\u0142 w naszej szkole konkurs pod has\u0142em: \u201e\u017bo\u0142nierze Wykl\u0119ci- w naszej pami\u0119ci&#8221;- quiz interaktywny. Spo\u015br\u00f3d dostarczonych prac jury wybra\u0142o:<\/div>\n<\/div>\n<div class=\"cxmmr5t8 oygrvhab hcukyx3x c1et5uql o9v6fnle ii04i59q\">\n<div dir=\"auto\">Miejsce I \u2013 Aneta Dudas z klasy VIII<\/div>\n<\/div>\n<div class=\"cxmmr5t8 oygrvhab hcukyx3x c1et5uql o9v6fnle ii04i59q\">\n<div dir=\"auto\">Wyr\u00f3\u017cnienie: Bartosz Trzop z klasy VI<\/div>\n<\/div>\n<div class=\"cxmmr5t8 oygrvhab hcukyx3x c1et5uql o9v6fnle ii04i59q\">\n<div dir=\"auto\">GRATULUJEMY!<\/div>\n<div dir=\"auto\"><img loading=\"lazy\" decoding=\"async\" class=\"size-medium wp-image-1484 alignleft\" src=\"https:\/\/splapszanka.lapszenizne.pl\/wp-content\/uploads\/2022\/04\/277741881_2352321771577408_1981596454716840667_n-225x300.jpg\" alt=\"Laureat szkolnego konkursu\" width=\"225\" height=\"300\" srcset=\"https:\/\/splapszanka.lapszenizne.pl\/wp-content\/uploads\/2022\/04\/277741881_2352321771577408_1981596454716840667_n-225x300.jpg 225w, https:\/\/splapszanka.lapszenizne.pl\/wp-content\/uploads\/2022\/04\/277741881_2352321771577408_1981596454716840667_n-768x1024.jpg 768w, https:\/\/splapszanka.lapszenizne.pl\/wp-content\/uploads\/2022\/04\/277741881_2352321771577408_1981596454716840667_n-1152x1536.jpg 1152w, https:\/\/splapszanka.lapszenizne.pl\/wp-content\/uploads\/2022\/04\/277741881_2352321771577408_1981596454716840667_n-203x270.jpg 203w, https:\/\/splapszanka.lapszenizne.pl\/wp-content\/uploads\/2022\/04\/277741881_2352321771577408_1981596454716840667_n.jpg 1536w\" sizes=\"auto, (max-width: 225px) 100vw, 225px\" \/> <img loading=\"lazy\" decoding=\"async\" class=\"alignnone size-medium wp-image-1485\" src=\"https:\/\/splapszanka.lapszenizne.pl\/wp-content\/uploads\/2022\/04\/277517875_2352321628244089_4984854798278640189_n-225x300.jpg\" alt=\"Laureat szkolnego konkursu\" width=\"225\" height=\"300\" srcset=\"https:\/\/splapszanka.lapszenizne.pl\/wp-content\/uploads\/2022\/04\/277517875_2352321628244089_4984854798278640189_n-225x300.jpg 225w, https:\/\/splapszanka.lapszenizne.pl\/wp-content\/uploads\/2022\/04\/277517875_2352321628244089_4984854798278640189_n-203x270.jpg 203w, https:\/\/splapszanka.lapszenizne.pl\/wp-content\/uploads\/2022\/04\/277517875_2352321628244089_4984854798278640189_n.jpg 450w\" sizes=\"auto, (max-width: 225px) 100vw, 225px\" \/><\/div>\n<\/div>\n","protected":false},"excerpt":{"rendered":"<p>W zwi\u0105zku z obchodzonym 1 marca, Narodowym Dniem Pami\u0119ci \u017bo\u0142nierzy Wykl\u0119tych, zorganizowany zosta\u0142 w naszej szkole konkurs pod has\u0142em: \u201e\u017bo\u0142nierze Wykl\u0119ci- w naszej pami\u0119ci&#8221;- quiz interaktywny. Spo\u015br\u00f3d dostarczonych prac jury wybra\u0142o: Miejsce I \u2013 Aneta Dudas z klasy VIII Wyr\u00f3\u017cnienie: <a href=\"https:\/\/splapszanka.lapszenizne.pl\/index.php\/2022\/04\/05\/narodowy-dzien-pamieci-zolnierzy-wykletych\/\" class=\"read-more\">Czytaj Dalej<\/a><\/p>\n","protected":false},"author":2,"featured_media":1487,"comment_status":"closed","ping_status":"open","sticky":false,"template":"","format":"standard","meta":{"footnotes":""},"categories":[1],"tags":[],"class_list":["post-1483","post","type-post","status-publish","format-standard","has-post-thumbnail","hentry","category-aktualnosci"],"yoast_head":"<!-- This site is optimized with the Yoast SEO plugin v27.0 - https:\/\/yoast.com\/product\/yoast-seo-wordpress\/ -->\n<title>Narodowy Dzie\u0144 Pami\u0119ci \u017bo\u0142nierzy Wykl\u0119tych - Szko\u0142a Podstawowa w \u0141apszance<\/title>\n<meta name=\"robots\" content=\"index, follow, max-snippet:-1, max-image-preview:large, max-video-preview:-1\" \/>\n<link rel=\"canonical\" href=\"https:\/\/splapszanka.lapszenizne.pl\/index.php\/2022\/04\/05\/narodowy-dzien-pamieci-zolnierzy-wykletych\/\" \/>\n<meta property=\"og:locale\" content=\"pl_PL\" \/>\n<meta property=\"og:type\" content=\"article\" \/>\n<meta property=\"og:title\" content=\"Narodowy Dzie\u0144 Pami\u0119ci \u017bo\u0142nierzy Wykl\u0119tych - Szko\u0142a Podstawowa w \u0141apszance\" \/>\n<meta property=\"og:description\" content=\"W zwi\u0105zku z obchodzonym 1 marca, Narodowym Dniem Pami\u0119ci \u017bo\u0142nierzy Wykl\u0119tych, zorganizowany zosta\u0142 w naszej szkole konkurs pod has\u0142em: \u201e\u017bo\u0142nierze Wykl\u0119ci- w naszej pami\u0119ci&#8221;- quiz interaktywny. Spo\u015br\u00f3d dostarczonych prac jury wybra\u0142o: Miejsce I \u2013 Aneta Dudas z klasy VIII Wyr\u00f3\u017cnienie: Czytaj Dalej\" \/>\n<meta property=\"og:url\" content=\"https:\/\/splapszanka.lapszenizne.pl\/index.php\/2022\/04\/05\/narodowy-dzien-pamieci-zolnierzy-wykletych\/\" \/>\n<meta property=\"og:site_name\" content=\"Szko\u0142a Podstawowa w \u0141apszance\" \/>\n<meta property=\"article:published_time\" content=\"2022-04-05T07:46:46+00:00\" \/>\n<meta property=\"og:image\" content=\"https:\/\/splapszanka.lapszenizne.pl\/wp-content\/uploads\/2022\/04\/Narodowy_Dzien_Zolnierzy_wykletych_.png\" \/>\n\t<meta property=\"og:image:width\" content=\"750\" \/>\n\t<meta property=\"og:image:height\" content=\"500\" \/>\n\t<meta property=\"og:image:type\" content=\"image\/png\" \/>\n<meta name=\"author\" content=\"Ma\u0142gorzata Kami\u0144ska\" \/>\n<meta name=\"twitter:card\" content=\"summary_large_image\" \/>\n<meta name=\"twitter:label1\" content=\"Napisane przez\" \/>\n\t<meta name=\"twitter:data1\" content=\"Ma\u0142gorzata Kami\u0144ska\" \/>\n<script type=\"application\/ld+json\" class=\"yoast-schema-graph\">{\"@context\":\"https:\/\/schema.org\",\"@graph\":[{\"@type\":\"Article\",\"@id\":\"https:\/\/splapszanka.lapszenizne.pl\/index.php\/2022\/04\/05\/narodowy-dzien-pamieci-zolnierzy-wykletych\/#article\",\"isPartOf\":{\"@id\":\"https:\/\/splapszanka.lapszenizne.pl\/index.php\/2022\/04\/05\/narodowy-dzien-pamieci-zolnierzy-wykletych\/\"},\"author\":{\"name\":\"Ma\u0142gorzata Kami\u0144ska\",\"@id\":\"https:\/\/splapszanka.lapszenizne.pl\/#\/schema\/person\/7966120f2db6326caa37187324bc225e\"},\"headline\":\"Narodowy Dzie\u0144 Pami\u0119ci \u017bo\u0142nierzy Wykl\u0119tych\",\"datePublished\":\"2022-04-05T07:46:46+00:00\",\"mainEntityOfPage\":{\"@id\":\"https:\/\/splapszanka.lapszenizne.pl\/index.php\/2022\/04\/05\/narodowy-dzien-pamieci-zolnierzy-wykletych\/\"},\"wordCount\":65,\"publisher\":{\"@id\":\"https:\/\/splapszanka.lapszenizne.pl\/#organization\"},\"image\":{\"@id\":\"https:\/\/splapszanka.lapszenizne.pl\/index.php\/2022\/04\/05\/narodowy-dzien-pamieci-zolnierzy-wykletych\/#primaryimage\"},\"thumbnailUrl\":\"https:\/\/splapszanka.lapszenizne.pl\/wp-content\/uploads\/2022\/04\/Narodowy_Dzien_Zolnierzy_wykletych_.png\",\"articleSection\":[\"Aktualno\u015bci\"],\"inLanguage\":\"pl-PL\"},{\"@type\":\"WebPage\",\"@id\":\"https:\/\/splapszanka.lapszenizne.pl\/index.php\/2022\/04\/05\/narodowy-dzien-pamieci-zolnierzy-wykletych\/\",\"url\":\"https:\/\/splapszanka.lapszenizne.pl\/index.php\/2022\/04\/05\/narodowy-dzien-pamieci-zolnierzy-wykletych\/\",\"name\":\"Narodowy Dzie\u0144 Pami\u0119ci \u017bo\u0142nierzy Wykl\u0119tych - Szko\u0142a Podstawowa w \u0141apszance\",\"isPartOf\":{\"@id\":\"https:\/\/splapszanka.lapszenizne.pl\/#website\"},\"primaryImageOfPage\":{\"@id\":\"https:\/\/splapszanka.lapszenizne.pl\/index.php\/2022\/04\/05\/narodowy-dzien-pamieci-zolnierzy-wykletych\/#primaryimage\"},\"image\":{\"@id\":\"https:\/\/splapszanka.lapszenizne.pl\/index.php\/2022\/04\/05\/narodowy-dzien-pamieci-zolnierzy-wykletych\/#primaryimage\"},\"thumbnailUrl\":\"https:\/\/splapszanka.lapszenizne.pl\/wp-content\/uploads\/2022\/04\/Narodowy_Dzien_Zolnierzy_wykletych_.png\",\"datePublished\":\"2022-04-05T07:46:46+00:00\",\"breadcrumb\":{\"@id\":\"https:\/\/splapszanka.lapszenizne.pl\/index.php\/2022\/04\/05\/narodowy-dzien-pamieci-zolnierzy-wykletych\/#breadcrumb\"},\"inLanguage\":\"pl-PL\",\"potentialAction\":[{\"@type\":\"ReadAction\",\"target\":[\"https:\/\/splapszanka.lapszenizne.pl\/index.php\/2022\/04\/05\/narodowy-dzien-pamieci-zolnierzy-wykletych\/\"]}]},{\"@type\":\"ImageObject\",\"inLanguage\":\"pl-PL\",\"@id\":\"https:\/\/splapszanka.lapszenizne.pl\/index.php\/2022\/04\/05\/narodowy-dzien-pamieci-zolnierzy-wykletych\/#primaryimage\",\"url\":\"https:\/\/splapszanka.lapszenizne.pl\/wp-content\/uploads\/2022\/04\/Narodowy_Dzien_Zolnierzy_wykletych_.png\",\"contentUrl\":\"https:\/\/splapszanka.lapszenizne.pl\/wp-content\/uploads\/2022\/04\/Narodowy_Dzien_Zolnierzy_wykletych_.png\",\"width\":750,\"height\":500},{\"@type\":\"BreadcrumbList\",\"@id\":\"https:\/\/splapszanka.lapszenizne.pl\/index.php\/2022\/04\/05\/narodowy-dzien-pamieci-zolnierzy-wykletych\/#breadcrumb\",\"itemListElement\":[{\"@type\":\"ListItem\",\"position\":1,\"name\":\"Strona g\u0142\u00f3wna\",\"item\":\"https:\/\/splapszanka.lapszenizne.pl\/\"},{\"@type\":\"ListItem\",\"position\":2,\"name\":\"Narodowy Dzie\u0144 Pami\u0119ci \u017bo\u0142nierzy Wykl\u0119tych\"}]},{\"@type\":\"WebSite\",\"@id\":\"https:\/\/splapszanka.lapszenizne.pl\/#website\",\"url\":\"https:\/\/splapszanka.lapszenizne.pl\/\",\"name\":\"Szko\u0142a Podstawowa w \u0141apszance\",\"description\":\"\u0141apszanka ul. D\u0142uga 35,  34-442 \u0141apsze Ni\u017cne,  woj. ma\u0142opolskie\",\"publisher\":{\"@id\":\"https:\/\/splapszanka.lapszenizne.pl\/#organization\"},\"potentialAction\":[{\"@type\":\"SearchAction\",\"target\":{\"@type\":\"EntryPoint\",\"urlTemplate\":\"https:\/\/splapszanka.lapszenizne.pl\/?s={search_term_string}\"},\"query-input\":{\"@type\":\"PropertyValueSpecification\",\"valueRequired\":true,\"valueName\":\"search_term_string\"}}],\"inLanguage\":\"pl-PL\"},{\"@type\":\"Organization\",\"@id\":\"https:\/\/splapszanka.lapszenizne.pl\/#organization\",\"name\":\"Szko\u0142a Podstawowa w \u0141apszance\",\"url\":\"https:\/\/splapszanka.lapszenizne.pl\/\",\"logo\":{\"@type\":\"ImageObject\",\"inLanguage\":\"pl-PL\",\"@id\":\"https:\/\/splapszanka.lapszenizne.pl\/#\/schema\/logo\/image\/\",\"url\":\"https:\/\/splapszanka.lapszenizne.pl\/wp-content\/uploads\/2020\/03\/cropped-75328783_1588584124617847_5132413514161324032_o.jpg\",\"contentUrl\":\"https:\/\/splapszanka.lapszenizne.pl\/wp-content\/uploads\/2020\/03\/cropped-75328783_1588584124617847_5132413514161324032_o.jpg\",\"width\":1830,\"height\":1202,\"caption\":\"Szko\u0142a Podstawowa w \u0141apszance\"},\"image\":{\"@id\":\"https:\/\/splapszanka.lapszenizne.pl\/#\/schema\/logo\/image\/\"}},{\"@type\":\"Person\",\"@id\":\"https:\/\/splapszanka.lapszenizne.pl\/#\/schema\/person\/7966120f2db6326caa37187324bc225e\",\"name\":\"Ma\u0142gorzata Kami\u0144ska\",\"image\":{\"@type\":\"ImageObject\",\"inLanguage\":\"pl-PL\",\"@id\":\"https:\/\/splapszanka.lapszenizne.pl\/#\/schema\/person\/image\/\",\"url\":\"https:\/\/secure.gravatar.com\/avatar\/7b25bd82d8287490c4c46d998eb38a88d0aa38fdf79ec1329f845d553d730d06?s=96&d=mm&r=g\",\"contentUrl\":\"https:\/\/secure.gravatar.com\/avatar\/7b25bd82d8287490c4c46d998eb38a88d0aa38fdf79ec1329f845d553d730d06?s=96&d=mm&r=g\",\"caption\":\"Ma\u0142gorzata Kami\u0144ska\"},\"url\":\"https:\/\/splapszanka.lapszenizne.pl\/index.php\/author\/gosia\/\"}]}<\/script>\n<!-- \/ Yoast SEO plugin. -->","yoast_head_json":{"title":"Narodowy Dzie\u0144 Pami\u0119ci \u017bo\u0142nierzy Wykl\u0119tych - Szko\u0142a Podstawowa w \u0141apszance","robots":{"index":"index","follow":"follow","max-snippet":"max-snippet:-1","max-image-preview":"max-image-preview:large","max-video-preview":"max-video-preview:-1"},"canonical":"https:\/\/splapszanka.lapszenizne.pl\/index.php\/2022\/04\/05\/narodowy-dzien-pamieci-zolnierzy-wykletych\/","og_locale":"pl_PL","og_type":"article","og_title":"Narodowy Dzie\u0144 Pami\u0119ci \u017bo\u0142nierzy Wykl\u0119tych - Szko\u0142a Podstawowa w \u0141apszance","og_description":"W zwi\u0105zku z obchodzonym 1 marca, Narodowym Dniem Pami\u0119ci \u017bo\u0142nierzy Wykl\u0119tych, zorganizowany zosta\u0142 w naszej szkole konkurs pod has\u0142em: \u201e\u017bo\u0142nierze Wykl\u0119ci- w naszej pami\u0119ci&#8221;- quiz interaktywny. Spo\u015br\u00f3d dostarczonych prac jury wybra\u0142o: Miejsce I \u2013 Aneta Dudas z klasy VIII Wyr\u00f3\u017cnienie: Czytaj Dalej","og_url":"https:\/\/splapszanka.lapszenizne.pl\/index.php\/2022\/04\/05\/narodowy-dzien-pamieci-zolnierzy-wykletych\/","og_site_name":"Szko\u0142a Podstawowa w \u0141apszance","article_published_time":"2022-04-05T07:46:46+00:00","og_image":[{"width":750,"height":500,"url":"https:\/\/splapszanka.lapszenizne.pl\/wp-content\/uploads\/2022\/04\/Narodowy_Dzien_Zolnierzy_wykletych_.png","type":"image\/png"}],"author":"Ma\u0142gorzata Kami\u0144ska","twitter_card":"summary_large_image","twitter_misc":{"Napisane przez":"Ma\u0142gorzata Kami\u0144ska"},"schema":{"@context":"https:\/\/schema.org","@graph":[{"@type":"Article","@id":"https:\/\/splapszanka.lapszenizne.pl\/index.php\/2022\/04\/05\/narodowy-dzien-pamieci-zolnierzy-wykletych\/#article","isPartOf":{"@id":"https:\/\/splapszanka.lapszenizne.pl\/index.php\/2022\/04\/05\/narodowy-dzien-pamieci-zolnierzy-wykletych\/"},"author":{"name":"Ma\u0142gorzata Kami\u0144ska","@id":"https:\/\/splapszanka.lapszenizne.pl\/#\/schema\/person\/7966120f2db6326caa37187324bc225e"},"headline":"Narodowy Dzie\u0144 Pami\u0119ci \u017bo\u0142nierzy Wykl\u0119tych","datePublished":"2022-04-05T07:46:46+00:00","mainEntityOfPage":{"@id":"https:\/\/splapszanka.lapszenizne.pl\/index.php\/2022\/04\/05\/narodowy-dzien-pamieci-zolnierzy-wykletych\/"},"wordCount":65,"publisher":{"@id":"https:\/\/splapszanka.lapszenizne.pl\/#organization"},"image":{"@id":"https:\/\/splapszanka.lapszenizne.pl\/index.php\/2022\/04\/05\/narodowy-dzien-pamieci-zolnierzy-wykletych\/#primaryimage"},"thumbnailUrl":"https:\/\/splapszanka.lapszenizne.pl\/wp-content\/uploads\/2022\/04\/Narodowy_Dzien_Zolnierzy_wykletych_.png","articleSection":["Aktualno\u015bci"],"inLanguage":"pl-PL"},{"@type":"WebPage","@id":"https:\/\/splapszanka.lapszenizne.pl\/index.php\/2022\/04\/05\/narodowy-dzien-pamieci-zolnierzy-wykletych\/","url":"https:\/\/splapszanka.lapszenizne.pl\/index.php\/2022\/04\/05\/narodowy-dzien-pamieci-zolnierzy-wykletych\/","name":"Narodowy Dzie\u0144 Pami\u0119ci \u017bo\u0142nierzy Wykl\u0119tych - Szko\u0142a Podstawowa w \u0141apszance","isPartOf":{"@id":"https:\/\/splapszanka.lapszenizne.pl\/#website"},"primaryImageOfPage":{"@id":"https:\/\/splapszanka.lapszenizne.pl\/index.php\/2022\/04\/05\/narodowy-dzien-pamieci-zolnierzy-wykletych\/#primaryimage"},"image":{"@id":"https:\/\/splapszanka.lapszenizne.pl\/index.php\/2022\/04\/05\/narodowy-dzien-pamieci-zolnierzy-wykletych\/#primaryimage"},"thumbnailUrl":"https:\/\/splapszanka.lapszenizne.pl\/wp-content\/uploads\/2022\/04\/Narodowy_Dzien_Zolnierzy_wykletych_.png","datePublished":"2022-04-05T07:46:46+00:00","breadcrumb":{"@id":"https:\/\/splapszanka.lapszenizne.pl\/index.php\/2022\/04\/05\/narodowy-dzien-pamieci-zolnierzy-wykletych\/#breadcrumb"},"inLanguage":"pl-PL","potentialAction":[{"@type":"ReadAction","target":["https:\/\/splapszanka.lapszenizne.pl\/index.php\/2022\/04\/05\/narodowy-dzien-pamieci-zolnierzy-wykletych\/"]}]},{"@type":"ImageObject","inLanguage":"pl-PL","@id":"https:\/\/splapszanka.lapszenizne.pl\/index.php\/2022\/04\/05\/narodowy-dzien-pamieci-zolnierzy-wykletych\/#primaryimage","url":"https:\/\/splapszanka.lapszenizne.pl\/wp-content\/uploads\/2022\/04\/Narodowy_Dzien_Zolnierzy_wykletych_.png","contentUrl":"https:\/\/splapszanka.lapszenizne.pl\/wp-content\/uploads\/2022\/04\/Narodowy_Dzien_Zolnierzy_wykletych_.png","width":750,"height":500},{"@type":"BreadcrumbList","@id":"https:\/\/splapszanka.lapszenizne.pl\/index.php\/2022\/04\/05\/narodowy-dzien-pamieci-zolnierzy-wykletych\/#breadcrumb","itemListElement":[{"@type":"ListItem","position":1,"name":"Strona g\u0142\u00f3wna","item":"https:\/\/splapszanka.lapszenizne.pl\/"},{"@type":"ListItem","position":2,"name":"Narodowy Dzie\u0144 Pami\u0119ci \u017bo\u0142nierzy Wykl\u0119tych"}]},{"@type":"WebSite","@id":"https:\/\/splapszanka.lapszenizne.pl\/#website","url":"https:\/\/splapszanka.lapszenizne.pl\/","name":"Szko\u0142a Podstawowa w \u0141apszance","description":"\u0141apszanka ul. D\u0142uga 35,  34-442 \u0141apsze Ni\u017cne,  woj. ma\u0142opolskie","publisher":{"@id":"https:\/\/splapszanka.lapszenizne.pl\/#organization"},"potentialAction":[{"@type":"SearchAction","target":{"@type":"EntryPoint","urlTemplate":"https:\/\/splapszanka.lapszenizne.pl\/?s={search_term_string}"},"query-input":{"@type":"PropertyValueSpecification","valueRequired":true,"valueName":"search_term_string"}}],"inLanguage":"pl-PL"},{"@type":"Organization","@id":"https:\/\/splapszanka.lapszenizne.pl\/#organization","name":"Szko\u0142a Podstawowa w \u0141apszance","url":"https:\/\/splapszanka.lapszenizne.pl\/","logo":{"@type":"ImageObject","inLanguage":"pl-PL","@id":"https:\/\/splapszanka.lapszenizne.pl\/#\/schema\/logo\/image\/","url":"https:\/\/splapszanka.lapszenizne.pl\/wp-content\/uploads\/2020\/03\/cropped-75328783_1588584124617847_5132413514161324032_o.jpg","contentUrl":"https:\/\/splapszanka.lapszenizne.pl\/wp-content\/uploads\/2020\/03\/cropped-75328783_1588584124617847_5132413514161324032_o.jpg","width":1830,"height":1202,"caption":"Szko\u0142a Podstawowa w \u0141apszance"},"image":{"@id":"https:\/\/splapszanka.lapszenizne.pl\/#\/schema\/logo\/image\/"}},{"@type":"Person","@id":"https:\/\/splapszanka.lapszenizne.pl\/#\/schema\/person\/7966120f2db6326caa37187324bc225e","name":"Ma\u0142gorzata Kami\u0144ska","image":{"@type":"ImageObject","inLanguage":"pl-PL","@id":"https:\/\/splapszanka.lapszenizne.pl\/#\/schema\/person\/image\/","url":"https:\/\/secure.gravatar.com\/avatar\/7b25bd82d8287490c4c46d998eb38a88d0aa38fdf79ec1329f845d553d730d06?s=96&d=mm&r=g","contentUrl":"https:\/\/secure.gravatar.com\/avatar\/7b25bd82d8287490c4c46d998eb38a88d0aa38fdf79ec1329f845d553d730d06?s=96&d=mm&r=g","caption":"Ma\u0142gorzata Kami\u0144ska"},"url":"https:\/\/splapszanka.lapszenizne.pl\/index.php\/author\/gosia\/"}]}},"_links":{"self":[{"href":"https:\/\/splapszanka.lapszenizne.pl\/index.php\/wp-json\/wp\/v2\/posts\/1483","targetHints":{"allow":["GET"]}}],"collection":[{"href":"https:\/\/splapszanka.lapszenizne.pl\/index.php\/wp-json\/wp\/v2\/posts"}],"about":[{"href":"https:\/\/splapszanka.lapszenizne.pl\/index.php\/wp-json\/wp\/v2\/types\/post"}],"author":[{"embeddable":true,"href":"https:\/\/splapszanka.lapszenizne.pl\/index.php\/wp-json\/wp\/v2\/users\/2"}],"replies":[{"embeddable":true,"href":"https:\/\/splapszanka.lapszenizne.pl\/index.php\/wp-json\/wp\/v2\/comments?post=1483"}],"version-history":[{"count":1,"href":"https:\/\/splapszanka.lapszenizne.pl\/index.php\/wp-json\/wp\/v2\/posts\/1483\/revisions"}],"predecessor-version":[{"id":1486,"href":"https:\/\/splapszanka.lapszenizne.pl\/index.php\/wp-json\/wp\/v2\/posts\/1483\/revisions\/1486"}],"wp:featuredmedia":[{"embeddable":true,"href":"https:\/\/splapszanka.lapszenizne.pl\/index.php\/wp-json\/wp\/v2\/media\/1487"}],"wp:attachment":[{"href":"https:\/\/splapszanka.lapszenizne.pl\/index.php\/wp-json\/wp\/v2\/media?parent=1483"}],"wp:term":[{"taxonomy":"category","embeddable":true,"href":"https:\/\/splapszanka.lapszenizne.pl\/index.php\/wp-json\/wp\/v2\/categories?post=1483"},{"taxonomy":"post_tag","embeddable":true,"href":"https:\/\/splapszanka.lapszenizne.pl\/index.php\/wp-json\/wp\/v2\/tags?post=1483"}],"curies":[{"name":"wp","href":"https:\/\/api.w.org\/{rel}","templated":true}]}}