{"id":1462,"date":"2022-03-17T09:23:24","date_gmt":"2022-03-17T08:23:24","guid":{"rendered":"https:\/\/splapszanka.lapszenizne.pl\/?p=1462"},"modified":"2022-03-24T09:28:00","modified_gmt":"2022-03-24T08:28:00","slug":"dzien-ochrony-danych-osobowych-oraz-porozmawiajmy-o-wojnie","status":"publish","type":"post","link":"https:\/\/splapszanka.lapszenizne.pl\/index.php\/2022\/03\/17\/dzien-ochrony-danych-osobowych-oraz-porozmawiajmy-o-wojnie\/","title":{"rendered":"DZIE\u0143 OCHRONY DANYCH OSOBOWYCH ORAZ POROZMAWIAJMY O WOJNIE"},"content":{"rendered":"<div class=\"__fb-light-mode l9j0dhe7\" role=\"row\">\n<div class=\"\">\n<div class=\"j83agx80 cbu4d94t l9j0dhe7\" tabindex=\"0\" role=\"gridcell\" data-scope=\"messages_table\" data-release-focus-from=\"CLICK\">\n<div class=\"j83agx80\" role=\"none\">\n<div class=\"j83agx80 buofh1pr g5gj957u hpfvmrgz\" role=\"none\" data-testid=\"message-container\">\n<div class=\"ns4p8fja j83agx80 cbu4d94t a6sixzi8 bkfpd7mw nred35xi a1xu1aao\" role=\"none\">\n<div class=\"j83agx80 k4urcfbm\" role=\"none\">\n<div class=\"ll8tlv6m j83agx80 cbu4d94t d2edcug0 l9j0dhe7\">\n<div class=\"j83agx80 k4urcfbm\" role=\"none\">\n<div class=\"cxgpxx05 d1544ag0 sj5x9vvc tw6a2znq l9j0dhe7 ni8dbmo4 stjgntxs e72ty7fz qlfml3jp inkptoze qmr60zad jm1wdb64 qv66sw1b ljqsnud1 odn2s2vf tkr6xdv7\" role=\"none\">\n<div class=\"rq0escxv l9j0dhe7 du4w35lb __fb-light-mode\" role=\"none\">\n<div class=\"ii04i59q jq4qci2q g9io39s2 oo9gr5id\" dir=\"auto\" style=\"text-align: justify;\" role=\"none\">Nasza szko\u0142a uczestniczy w XII edycji programu edukacyjnego GIODO \u201eTwoje dane \u2013 Twoja sprawa\u201d. \u015awi\u0119to to w tym roku w Polsce obchodzone jest ju\u017c po raz pi\u0119tnasty. Zosta\u0142o ustanowione przez Komitet Ministr\u00f3w Rady Europy w celu upami\u0119tnienia rocznicy otwarcia do podpisu Konwencji 108 Rady Europy \u2013 aktu prawnego o zasi\u0119gu mi\u0119dzynarodowym, kt\u00f3ry reguluje zagadnienia zwi\u0105zane z ochron\u0105 danych osobowych. Ustanowiono je r\u00f3wnie\u017c tak\u017ce z my\u015bl\u0105 o uwra\u017cliwianiu obywateli na ochron\u0119 danych oraz informowaniu ich o przys\u0142uguj\u0105cych im prawach oraz o dobrych praktykach. Nasz kraj w\u0142\u0105czy\u0142 si\u0119 w obchody Dnia Ochrony Danych Osobowych ju\u017c w 2007 r. Z tego tytu\u0142u, dzisiaj w naszej szkole, obchodzili\u015bmy Dzie\u0144 Ochrony Danych Osobowych. Przedstawienie, kt\u00f3re przygotowa\u0142a klasa 8 s\u0142u\u017cy\u0142o upowszechnianiu wiedzy i podnoszeniu \u015bwiadomo\u015bci z zakresu ochrony danych osobowych oraz prawa do prywatno\u015bci. \u201eDzie\u0144 Ochrony Danych Osobowych&#8221; ma za zadanie u\u015bwiadomi\u0107 wszystkim obywatelom, jak cenna jest nasza prywatno\u015bci i jaka jest warto\u015b\u0107 naszych danych osobowych we wsp\u00f3\u0142czesnym \u015bwiecie. To r\u00f3wnie\u017c okazja do refleksji na temat tego, jak bezpieczne korzysta\u0107 z osi\u0105gni\u0119\u0107 nowoczesnych technologii i \u015bwiadomie unika\u0107 zagro\u017ce\u0144. Na koniec wyst\u0105pienia uczniowie ogl\u0105dn\u0119li film dla dzieci &#8222;Porozmawiajmy o wojnie w Ukrainie&#8221;. Niepok\u00f3j, kt\u00f3ry odczuwamy zwi\u0105zany z wojn\u0105 udziela si\u0119 doros\u0142ym oraz dzieciom. Dzieci s\u0142uchaj\u0105 rozm\u00f3w doros\u0142ych, ogl\u0105daj\u0105 w mediach i w internecie wiadomo\u015bci, a czasami nawet zdj\u0119cia i filmy prosto z wojny. W tych dzia\u0142aniach pomocny okaza\u0142 si\u0119 kr\u00f3tki film dla dzieci, kt\u00f3ry przygotowa\u0142a Fundacja Dajemy Dzieciom Si\u0142\u0119. Pani psycholo\u017cka i terapeutka dr Anna Szczepaniak z fundacyjnego Centrum Pomocy Dzieciom oraz \u0141ukasz Wojtasik, ekspert ds. bezpiecze\u0144stwa dzieci w internecie w prosty spos\u00f3b opowiedzieli o wojnie w Ukrainie, wyt\u0142umaczyli jakie wywo\u0142uje ona emocje i jak sobie z nimi poradzi\u0107, a tak\u017ce zwr\u00f3cili uwag\u0119 na pojawiaj\u0105ce si\u0119 w mediach nieprawdziwe informacje, kt\u00f3re pot\u0119guj\u0105 l\u0119k. W celu zadbania o najwy\u017csz\u0105 jako\u015b przekazu tre\u015b\u0107 filmu zosta\u0142a skonsultowana i pozytywnie zaopiniowana przez uznan\u0105 psycholo\u017ck\u0119, prof. dr hab. Katarzyn\u0119 Shier.<\/div>\n<div dir=\"auto\" style=\"text-align: right;\" role=\"none\">Krystyna Lasak<\/div>\n<\/div>\n<\/div>\n<\/div>\n<\/div>\n<\/div>\n<\/div>\n<\/div>\n<\/div>\n<\/div>\n<\/div>\n<\/div>\n<div class=\"__fb-light-mode l9j0dhe7\" role=\"row\">\n<div class=\"\">\n<div class=\"j83agx80 cbu4d94t l9j0dhe7\" tabindex=\"0\" role=\"gridcell\" data-scope=\"messages_table\" data-release-focus-from=\"CLICK\">\n<div class=\"nred35xi k4urcfbm\" role=\"none\"><\/div>\n<div class=\"j83agx80\" role=\"none\">\n<div class=\"ns4p8fja j83agx80 cbu4d94t a6sixzi8 bkfpd7mw d2edcug0 kb5gq1qc nred35xi jy3qco62 dflh9lhu\" role=\"none\">\n<div class=\"ciadx1gn\"><\/div>\n<\/div>\n<div class=\"j83agx80 buofh1pr g5gj957u hpfvmrgz\" role=\"none\" data-testid=\"message-container\">\n<div class=\"ns4p8fja j83agx80 cbu4d94t a6sixzi8 bkfpd7mw nred35xi a1xu1aao\" role=\"none\">\n<div class=\"j83agx80 k4urcfbm\" role=\"none\">\n<div class=\"ll8tlv6m j83agx80 cbu4d94t d2edcug0 l9j0dhe7\">\n<div class=\"ns4p8fja j83agx80 cbu4d94t a6sixzi8 bkfpd7mw d2edcug0 kb5gq1qc nred35xi\" role=\"none\">\n<div class=\"d2edcug0 l9j0dhe7 tkr6xdv7\">\n<div class=\"d2edcug0 b654a4as\">\n<div class=\"j83agx80 btwxx1t3 lhclo0ds hop8lmos nkwizq5d scwd0bx6 roh60bw9\">\n<div class=\"rq0escxv jwdofwj8 n8tt0mok r8blr3vg hyh9befq hkbzh7o3\">\n<div class=\"do00u71z l9j0dhe7 k4urcfbm\">\n<div class=\"gs1a9yip ow4ym5g4 auili1gw j83agx80 cbu4d94t buofh1pr g5gj957u i1fnvgqd oygrvhab cxmmr5t8 hcukyx3x kvgmc6g5 tgvbjcpo hpfvmrgz qt6c0cv9 rz4wbd8a a8nywdso jb3vyjys du4w35lb i09qtzwb rq0escxv n7fi1qx3 pmk7jnqg j9ispegn kr520xx4\"><a class=\"oajrlxb2 gs1a9yip g5ia77u1 mtkw9kbi tlpljxtp qensuy8j ppp5ayq2 goun2846 ccm00jje s44p3ltw mk2mc5f4 rt8b4zig n8ej3o3l agehan2d sk4xxmp2 rq0escxv nhd2j8a9 mg4g778l pfnyh3mw p7hjln8o kvgmc6g5 cxmmr5t8 oygrvhab hcukyx3x tgvbjcpo hpfvmrgz jb3vyjys rz4wbd8a qt6c0cv9 a8nywdso l9j0dhe7 i1ao9s8h esuyzwwr f1sip0of du4w35lb btwxx1t3 abiwlrkh p8dawk7l lzcic4wl a8c37x1j datstx6m ni8dbmo4 stjgntxs jk6sbkaj kdgqqoy6 ihh4hy1g qttc61fc k4urcfbm\" tabindex=\"-1\" role=\"link\" href=\"https:\/\/www.facebook.com\/messenger_media\/?thread_id=100036193850846&amp;attachment_id=492788245842703&amp;message_id=mid.%24cAAAACCBui9CF1KNtyl_o14Wrc2uG\" aria-label=\"Otw\u00f3rz zdj\u0119cie\"><img loading=\"lazy\" decoding=\"async\" class=\"k4urcfbm bixrwtb6 datstx6m q9uorilb aligncenter\" src=\"https:\/\/scontent.xx.fbcdn.net\/v\/t1.15752-9\/275841295_492788252509369_8073775646730045258_n.jpg?stp=dst-jpg_p206x206&amp;_nc_cat=102&amp;ccb=1-5&amp;_nc_sid=aee45a&amp;_nc_ohc=Wz-gloGmrgwAX-0v1X8&amp;_nc_oc=AQmoXzplvP-XNAeDFcIvrJ7KDcX1ylqA6Bq2yGUE4CAmqdtcoWQ5GfXLlp3ugR4bMlvdOlPfdx8NuM09xG58q6n9&amp;_nc_ad=z-m&amp;_nc_cid=0&amp;_nc_ht=scontent.xx&amp;oh=03_AVL_-f8pfxeS0O88Aa8NI2c3_TsSO_bC1LjfCKJa98IMHQ&amp;oe=62626A74\" alt=\"\" width=\"589\" height=\"265\" \/><\/a><\/p>\n<div class=\"n00je7tq arfg74bv qs9ysxi8 k77z8yql i09qtzwb n7fi1qx3 b5wmifdl hzruof5a pmk7jnqg j9ispegn kr520xx4 c5ndavph art1omkt ot9fgl3s\" data-visualcompletion=\"ignore\"><\/div>\n<\/div>\n<\/div>\n<\/div>\n<div class=\"rq0escxv jwdofwj8 n8tt0mok r8blr3vg hyh9befq hkbzh7o3\">\n<div class=\"do00u71z l9j0dhe7 k4urcfbm\">\n<div class=\"gs1a9yip ow4ym5g4 auili1gw j83agx80 cbu4d94t buofh1pr g5gj957u i1fnvgqd oygrvhab cxmmr5t8 hcukyx3x kvgmc6g5 tgvbjcpo hpfvmrgz qt6c0cv9 rz4wbd8a a8nywdso jb3vyjys du4w35lb i09qtzwb rq0escxv n7fi1qx3 pmk7jnqg j9ispegn kr520xx4\"><a class=\"oajrlxb2 gs1a9yip g5ia77u1 mtkw9kbi tlpljxtp qensuy8j ppp5ayq2 goun2846 ccm00jje s44p3ltw mk2mc5f4 rt8b4zig n8ej3o3l agehan2d sk4xxmp2 rq0escxv nhd2j8a9 mg4g778l pfnyh3mw p7hjln8o kvgmc6g5 cxmmr5t8 oygrvhab hcukyx3x tgvbjcpo hpfvmrgz jb3vyjys rz4wbd8a qt6c0cv9 a8nywdso l9j0dhe7 i1ao9s8h esuyzwwr f1sip0of du4w35lb btwxx1t3 abiwlrkh p8dawk7l lzcic4wl a8c37x1j datstx6m ni8dbmo4 stjgntxs jk6sbkaj kdgqqoy6 ihh4hy1g qttc61fc k4urcfbm\" tabindex=\"-1\" role=\"link\" href=\"https:\/\/www.facebook.com\/messenger_media\/?thread_id=100036193850846&amp;attachment_id=3160862757527564&amp;message_id=mid.%24cAAAACCBui9CF1KNtyl_o14Wrc2uG\" aria-label=\"Otw\u00f3rz zdj\u0119cie\"><img loading=\"lazy\" decoding=\"async\" class=\"k4urcfbm bixrwtb6 datstx6m q9uorilb aligncenter\" src=\"https:\/\/scontent.xx.fbcdn.net\/v\/t1.15752-9\/276214215_3160862764194230_257202113558189335_n.jpg?stp=dst-jpg_p206x206&amp;_nc_cat=108&amp;ccb=1-5&amp;_nc_sid=aee45a&amp;_nc_ohc=EGNQSyJQLxYAX_ulK-t&amp;_nc_ad=z-m&amp;_nc_cid=0&amp;_nc_ht=scontent.xx&amp;oh=03_AVLzzFqaFcAQ2sG0PnN4p2tszN4GPKm4p7feheb8t3vWGw&amp;oe=6260E7B4\" alt=\"\" width=\"589\" height=\"265\" \/><\/a><\/p>\n<div class=\"n00je7tq arfg74bv qs9ysxi8 k77z8yql i09qtzwb n7fi1qx3 b5wmifdl hzruof5a pmk7jnqg j9ispegn kr520xx4 c5ndavph art1omkt ot9fgl3s rnr61an3\" data-visualcompletion=\"ignore\"><\/div>\n<\/div>\n<\/div>\n<\/div>\n<\/div>\n<\/div>\n<\/div>\n<\/div>\n<\/div>\n<\/div>\n<\/div>\n<\/div>\n<\/div>\n<\/div>\n<\/div>\n<\/div>\n","protected":false},"excerpt":{"rendered":"<p>Nasza szko\u0142a uczestniczy w XII edycji programu edukacyjnego GIODO \u201eTwoje dane \u2013 Twoja sprawa\u201d. \u015awi\u0119to to w tym roku w Polsce obchodzone jest ju\u017c po raz pi\u0119tnasty. Zosta\u0142o ustanowione przez Komitet Ministr\u00f3w Rady Europy w celu upami\u0119tnienia rocznicy otwarcia do <a href=\"https:\/\/splapszanka.lapszenizne.pl\/index.php\/2022\/03\/17\/dzien-ochrony-danych-osobowych-oraz-porozmawiajmy-o-wojnie\/\" class=\"read-more\">Czytaj Dalej<\/a><\/p>\n","protected":false},"author":2,"featured_media":1463,"comment_status":"closed","ping_status":"open","sticky":false,"template":"","format":"standard","meta":{"footnotes":""},"categories":[1],"tags":[],"class_list":["post-1462","post","type-post","status-publish","format-standard","has-post-thumbnail","hentry","category-aktualnosci"],"yoast_head":"<!-- This site is optimized with the Yoast SEO plugin v27.0 - https:\/\/yoast.com\/product\/yoast-seo-wordpress\/ -->\n<title>DZIE\u0143 OCHRONY DANYCH OSOBOWYCH ORAZ POROZMAWIAJMY O WOJNIE - Szko\u0142a Podstawowa w \u0141apszance<\/title>\n<meta name=\"robots\" content=\"index, follow, max-snippet:-1, max-image-preview:large, max-video-preview:-1\" \/>\n<link rel=\"canonical\" href=\"https:\/\/splapszanka.lapszenizne.pl\/index.php\/2022\/03\/17\/dzien-ochrony-danych-osobowych-oraz-porozmawiajmy-o-wojnie\/\" \/>\n<meta property=\"og:locale\" content=\"pl_PL\" \/>\n<meta property=\"og:type\" content=\"article\" \/>\n<meta property=\"og:title\" content=\"DZIE\u0143 OCHRONY DANYCH OSOBOWYCH ORAZ POROZMAWIAJMY O WOJNIE - Szko\u0142a Podstawowa w \u0141apszance\" \/>\n<meta property=\"og:description\" content=\"Nasza szko\u0142a uczestniczy w XII edycji programu edukacyjnego GIODO \u201eTwoje dane \u2013 Twoja sprawa\u201d. \u015awi\u0119to to w tym roku w Polsce obchodzone jest ju\u017c po raz pi\u0119tnasty. Zosta\u0142o ustanowione przez Komitet Ministr\u00f3w Rady Europy w celu upami\u0119tnienia rocznicy otwarcia do Czytaj Dalej\" \/>\n<meta property=\"og:url\" content=\"https:\/\/splapszanka.lapszenizne.pl\/index.php\/2022\/03\/17\/dzien-ochrony-danych-osobowych-oraz-porozmawiajmy-o-wojnie\/\" \/>\n<meta property=\"og:site_name\" content=\"Szko\u0142a Podstawowa w \u0141apszance\" \/>\n<meta property=\"article:published_time\" content=\"2022-03-17T08:23:24+00:00\" \/>\n<meta property=\"article:modified_time\" content=\"2022-03-24T08:28:00+00:00\" \/>\n<meta property=\"og:image\" content=\"https:\/\/splapszanka.lapszenizne.pl\/wp-content\/uploads\/2022\/03\/275841295_492788252509369_8073775646730045258_n.jpg\" \/>\n\t<meta property=\"og:image:width\" content=\"458\" \/>\n\t<meta property=\"og:image:height\" content=\"206\" \/>\n\t<meta property=\"og:image:type\" content=\"image\/jpeg\" \/>\n<meta name=\"author\" content=\"Ma\u0142gorzata Kami\u0144ska\" \/>\n<meta name=\"twitter:card\" content=\"summary_large_image\" \/>\n<meta name=\"twitter:label1\" content=\"Napisane przez\" \/>\n\t<meta name=\"twitter:data1\" content=\"Ma\u0142gorzata Kami\u0144ska\" \/>\n\t<meta name=\"twitter:label2\" content=\"Szacowany czas czytania\" \/>\n\t<meta name=\"twitter:data2\" content=\"2 minuty\" \/>\n<script type=\"application\/ld+json\" class=\"yoast-schema-graph\">{\"@context\":\"https:\/\/schema.org\",\"@graph\":[{\"@type\":\"Article\",\"@id\":\"https:\/\/splapszanka.lapszenizne.pl\/index.php\/2022\/03\/17\/dzien-ochrony-danych-osobowych-oraz-porozmawiajmy-o-wojnie\/#article\",\"isPartOf\":{\"@id\":\"https:\/\/splapszanka.lapszenizne.pl\/index.php\/2022\/03\/17\/dzien-ochrony-danych-osobowych-oraz-porozmawiajmy-o-wojnie\/\"},\"author\":{\"name\":\"Ma\u0142gorzata Kami\u0144ska\",\"@id\":\"https:\/\/splapszanka.lapszenizne.pl\/#\/schema\/person\/7966120f2db6326caa37187324bc225e\"},\"headline\":\"DZIE\u0143 OCHRONY DANYCH OSOBOWYCH ORAZ POROZMAWIAJMY O WOJNIE\",\"datePublished\":\"2022-03-17T08:23:24+00:00\",\"dateModified\":\"2022-03-24T08:28:00+00:00\",\"mainEntityOfPage\":{\"@id\":\"https:\/\/splapszanka.lapszenizne.pl\/index.php\/2022\/03\/17\/dzien-ochrony-danych-osobowych-oraz-porozmawiajmy-o-wojnie\/\"},\"wordCount\":376,\"publisher\":{\"@id\":\"https:\/\/splapszanka.lapszenizne.pl\/#organization\"},\"image\":{\"@id\":\"https:\/\/splapszanka.lapszenizne.pl\/index.php\/2022\/03\/17\/dzien-ochrony-danych-osobowych-oraz-porozmawiajmy-o-wojnie\/#primaryimage\"},\"thumbnailUrl\":\"https:\/\/splapszanka.lapszenizne.pl\/wp-content\/uploads\/2022\/03\/275841295_492788252509369_8073775646730045258_n.jpg\",\"articleSection\":[\"Aktualno\u015bci\"],\"inLanguage\":\"pl-PL\"},{\"@type\":\"WebPage\",\"@id\":\"https:\/\/splapszanka.lapszenizne.pl\/index.php\/2022\/03\/17\/dzien-ochrony-danych-osobowych-oraz-porozmawiajmy-o-wojnie\/\",\"url\":\"https:\/\/splapszanka.lapszenizne.pl\/index.php\/2022\/03\/17\/dzien-ochrony-danych-osobowych-oraz-porozmawiajmy-o-wojnie\/\",\"name\":\"DZIE\u0143 OCHRONY DANYCH OSOBOWYCH ORAZ POROZMAWIAJMY O WOJNIE - Szko\u0142a Podstawowa w \u0141apszance\",\"isPartOf\":{\"@id\":\"https:\/\/splapszanka.lapszenizne.pl\/#website\"},\"primaryImageOfPage\":{\"@id\":\"https:\/\/splapszanka.lapszenizne.pl\/index.php\/2022\/03\/17\/dzien-ochrony-danych-osobowych-oraz-porozmawiajmy-o-wojnie\/#primaryimage\"},\"image\":{\"@id\":\"https:\/\/splapszanka.lapszenizne.pl\/index.php\/2022\/03\/17\/dzien-ochrony-danych-osobowych-oraz-porozmawiajmy-o-wojnie\/#primaryimage\"},\"thumbnailUrl\":\"https:\/\/splapszanka.lapszenizne.pl\/wp-content\/uploads\/2022\/03\/275841295_492788252509369_8073775646730045258_n.jpg\",\"datePublished\":\"2022-03-17T08:23:24+00:00\",\"dateModified\":\"2022-03-24T08:28:00+00:00\",\"breadcrumb\":{\"@id\":\"https:\/\/splapszanka.lapszenizne.pl\/index.php\/2022\/03\/17\/dzien-ochrony-danych-osobowych-oraz-porozmawiajmy-o-wojnie\/#breadcrumb\"},\"inLanguage\":\"pl-PL\",\"potentialAction\":[{\"@type\":\"ReadAction\",\"target\":[\"https:\/\/splapszanka.lapszenizne.pl\/index.php\/2022\/03\/17\/dzien-ochrony-danych-osobowych-oraz-porozmawiajmy-o-wojnie\/\"]}]},{\"@type\":\"ImageObject\",\"inLanguage\":\"pl-PL\",\"@id\":\"https:\/\/splapszanka.lapszenizne.pl\/index.php\/2022\/03\/17\/dzien-ochrony-danych-osobowych-oraz-porozmawiajmy-o-wojnie\/#primaryimage\",\"url\":\"https:\/\/splapszanka.lapszenizne.pl\/wp-content\/uploads\/2022\/03\/275841295_492788252509369_8073775646730045258_n.jpg\",\"contentUrl\":\"https:\/\/splapszanka.lapszenizne.pl\/wp-content\/uploads\/2022\/03\/275841295_492788252509369_8073775646730045258_n.jpg\",\"width\":458,\"height\":206,\"caption\":\"Apel przygotowany przez uczni\u00f3w\"},{\"@type\":\"BreadcrumbList\",\"@id\":\"https:\/\/splapszanka.lapszenizne.pl\/index.php\/2022\/03\/17\/dzien-ochrony-danych-osobowych-oraz-porozmawiajmy-o-wojnie\/#breadcrumb\",\"itemListElement\":[{\"@type\":\"ListItem\",\"position\":1,\"name\":\"Strona g\u0142\u00f3wna\",\"item\":\"https:\/\/splapszanka.lapszenizne.pl\/\"},{\"@type\":\"ListItem\",\"position\":2,\"name\":\"DZIE\u0143 OCHRONY DANYCH OSOBOWYCH ORAZ POROZMAWIAJMY O WOJNIE\"}]},{\"@type\":\"WebSite\",\"@id\":\"https:\/\/splapszanka.lapszenizne.pl\/#website\",\"url\":\"https:\/\/splapszanka.lapszenizne.pl\/\",\"name\":\"Szko\u0142a Podstawowa w \u0141apszance\",\"description\":\"\u0141apszanka ul. D\u0142uga 35,  34-442 \u0141apsze Ni\u017cne,  woj. ma\u0142opolskie\",\"publisher\":{\"@id\":\"https:\/\/splapszanka.lapszenizne.pl\/#organization\"},\"potentialAction\":[{\"@type\":\"SearchAction\",\"target\":{\"@type\":\"EntryPoint\",\"urlTemplate\":\"https:\/\/splapszanka.lapszenizne.pl\/?s={search_term_string}\"},\"query-input\":{\"@type\":\"PropertyValueSpecification\",\"valueRequired\":true,\"valueName\":\"search_term_string\"}}],\"inLanguage\":\"pl-PL\"},{\"@type\":\"Organization\",\"@id\":\"https:\/\/splapszanka.lapszenizne.pl\/#organization\",\"name\":\"Szko\u0142a Podstawowa w \u0141apszance\",\"url\":\"https:\/\/splapszanka.lapszenizne.pl\/\",\"logo\":{\"@type\":\"ImageObject\",\"inLanguage\":\"pl-PL\",\"@id\":\"https:\/\/splapszanka.lapszenizne.pl\/#\/schema\/logo\/image\/\",\"url\":\"https:\/\/splapszanka.lapszenizne.pl\/wp-content\/uploads\/2020\/03\/cropped-75328783_1588584124617847_5132413514161324032_o.jpg\",\"contentUrl\":\"https:\/\/splapszanka.lapszenizne.pl\/wp-content\/uploads\/2020\/03\/cropped-75328783_1588584124617847_5132413514161324032_o.jpg\",\"width\":1830,\"height\":1202,\"caption\":\"Szko\u0142a Podstawowa w \u0141apszance\"},\"image\":{\"@id\":\"https:\/\/splapszanka.lapszenizne.pl\/#\/schema\/logo\/image\/\"}},{\"@type\":\"Person\",\"@id\":\"https:\/\/splapszanka.lapszenizne.pl\/#\/schema\/person\/7966120f2db6326caa37187324bc225e\",\"name\":\"Ma\u0142gorzata Kami\u0144ska\",\"image\":{\"@type\":\"ImageObject\",\"inLanguage\":\"pl-PL\",\"@id\":\"https:\/\/splapszanka.lapszenizne.pl\/#\/schema\/person\/image\/\",\"url\":\"https:\/\/secure.gravatar.com\/avatar\/7b25bd82d8287490c4c46d998eb38a88d0aa38fdf79ec1329f845d553d730d06?s=96&d=mm&r=g\",\"contentUrl\":\"https:\/\/secure.gravatar.com\/avatar\/7b25bd82d8287490c4c46d998eb38a88d0aa38fdf79ec1329f845d553d730d06?s=96&d=mm&r=g\",\"caption\":\"Ma\u0142gorzata Kami\u0144ska\"},\"url\":\"https:\/\/splapszanka.lapszenizne.pl\/index.php\/author\/gosia\/\"}]}<\/script>\n<!-- \/ Yoast SEO plugin. -->","yoast_head_json":{"title":"DZIE\u0143 OCHRONY DANYCH OSOBOWYCH ORAZ POROZMAWIAJMY O WOJNIE - Szko\u0142a Podstawowa w \u0141apszance","robots":{"index":"index","follow":"follow","max-snippet":"max-snippet:-1","max-image-preview":"max-image-preview:large","max-video-preview":"max-video-preview:-1"},"canonical":"https:\/\/splapszanka.lapszenizne.pl\/index.php\/2022\/03\/17\/dzien-ochrony-danych-osobowych-oraz-porozmawiajmy-o-wojnie\/","og_locale":"pl_PL","og_type":"article","og_title":"DZIE\u0143 OCHRONY DANYCH OSOBOWYCH ORAZ POROZMAWIAJMY O WOJNIE - Szko\u0142a Podstawowa w \u0141apszance","og_description":"Nasza szko\u0142a uczestniczy w XII edycji programu edukacyjnego GIODO \u201eTwoje dane \u2013 Twoja sprawa\u201d. \u015awi\u0119to to w tym roku w Polsce obchodzone jest ju\u017c po raz pi\u0119tnasty. Zosta\u0142o ustanowione przez Komitet Ministr\u00f3w Rady Europy w celu upami\u0119tnienia rocznicy otwarcia do Czytaj Dalej","og_url":"https:\/\/splapszanka.lapszenizne.pl\/index.php\/2022\/03\/17\/dzien-ochrony-danych-osobowych-oraz-porozmawiajmy-o-wojnie\/","og_site_name":"Szko\u0142a Podstawowa w \u0141apszance","article_published_time":"2022-03-17T08:23:24+00:00","article_modified_time":"2022-03-24T08:28:00+00:00","og_image":[{"width":458,"height":206,"url":"https:\/\/splapszanka.lapszenizne.pl\/wp-content\/uploads\/2022\/03\/275841295_492788252509369_8073775646730045258_n.jpg","type":"image\/jpeg"}],"author":"Ma\u0142gorzata Kami\u0144ska","twitter_card":"summary_large_image","twitter_misc":{"Napisane przez":"Ma\u0142gorzata Kami\u0144ska","Szacowany czas czytania":"2 minuty"},"schema":{"@context":"https:\/\/schema.org","@graph":[{"@type":"Article","@id":"https:\/\/splapszanka.lapszenizne.pl\/index.php\/2022\/03\/17\/dzien-ochrony-danych-osobowych-oraz-porozmawiajmy-o-wojnie\/#article","isPartOf":{"@id":"https:\/\/splapszanka.lapszenizne.pl\/index.php\/2022\/03\/17\/dzien-ochrony-danych-osobowych-oraz-porozmawiajmy-o-wojnie\/"},"author":{"name":"Ma\u0142gorzata Kami\u0144ska","@id":"https:\/\/splapszanka.lapszenizne.pl\/#\/schema\/person\/7966120f2db6326caa37187324bc225e"},"headline":"DZIE\u0143 OCHRONY DANYCH OSOBOWYCH ORAZ POROZMAWIAJMY O WOJNIE","datePublished":"2022-03-17T08:23:24+00:00","dateModified":"2022-03-24T08:28:00+00:00","mainEntityOfPage":{"@id":"https:\/\/splapszanka.lapszenizne.pl\/index.php\/2022\/03\/17\/dzien-ochrony-danych-osobowych-oraz-porozmawiajmy-o-wojnie\/"},"wordCount":376,"publisher":{"@id":"https:\/\/splapszanka.lapszenizne.pl\/#organization"},"image":{"@id":"https:\/\/splapszanka.lapszenizne.pl\/index.php\/2022\/03\/17\/dzien-ochrony-danych-osobowych-oraz-porozmawiajmy-o-wojnie\/#primaryimage"},"thumbnailUrl":"https:\/\/splapszanka.lapszenizne.pl\/wp-content\/uploads\/2022\/03\/275841295_492788252509369_8073775646730045258_n.jpg","articleSection":["Aktualno\u015bci"],"inLanguage":"pl-PL"},{"@type":"WebPage","@id":"https:\/\/splapszanka.lapszenizne.pl\/index.php\/2022\/03\/17\/dzien-ochrony-danych-osobowych-oraz-porozmawiajmy-o-wojnie\/","url":"https:\/\/splapszanka.lapszenizne.pl\/index.php\/2022\/03\/17\/dzien-ochrony-danych-osobowych-oraz-porozmawiajmy-o-wojnie\/","name":"DZIE\u0143 OCHRONY DANYCH OSOBOWYCH ORAZ POROZMAWIAJMY O WOJNIE - Szko\u0142a Podstawowa w \u0141apszance","isPartOf":{"@id":"https:\/\/splapszanka.lapszenizne.pl\/#website"},"primaryImageOfPage":{"@id":"https:\/\/splapszanka.lapszenizne.pl\/index.php\/2022\/03\/17\/dzien-ochrony-danych-osobowych-oraz-porozmawiajmy-o-wojnie\/#primaryimage"},"image":{"@id":"https:\/\/splapszanka.lapszenizne.pl\/index.php\/2022\/03\/17\/dzien-ochrony-danych-osobowych-oraz-porozmawiajmy-o-wojnie\/#primaryimage"},"thumbnailUrl":"https:\/\/splapszanka.lapszenizne.pl\/wp-content\/uploads\/2022\/03\/275841295_492788252509369_8073775646730045258_n.jpg","datePublished":"2022-03-17T08:23:24+00:00","dateModified":"2022-03-24T08:28:00+00:00","breadcrumb":{"@id":"https:\/\/splapszanka.lapszenizne.pl\/index.php\/2022\/03\/17\/dzien-ochrony-danych-osobowych-oraz-porozmawiajmy-o-wojnie\/#breadcrumb"},"inLanguage":"pl-PL","potentialAction":[{"@type":"ReadAction","target":["https:\/\/splapszanka.lapszenizne.pl\/index.php\/2022\/03\/17\/dzien-ochrony-danych-osobowych-oraz-porozmawiajmy-o-wojnie\/"]}]},{"@type":"ImageObject","inLanguage":"pl-PL","@id":"https:\/\/splapszanka.lapszenizne.pl\/index.php\/2022\/03\/17\/dzien-ochrony-danych-osobowych-oraz-porozmawiajmy-o-wojnie\/#primaryimage","url":"https:\/\/splapszanka.lapszenizne.pl\/wp-content\/uploads\/2022\/03\/275841295_492788252509369_8073775646730045258_n.jpg","contentUrl":"https:\/\/splapszanka.lapszenizne.pl\/wp-content\/uploads\/2022\/03\/275841295_492788252509369_8073775646730045258_n.jpg","width":458,"height":206,"caption":"Apel przygotowany przez uczni\u00f3w"},{"@type":"BreadcrumbList","@id":"https:\/\/splapszanka.lapszenizne.pl\/index.php\/2022\/03\/17\/dzien-ochrony-danych-osobowych-oraz-porozmawiajmy-o-wojnie\/#breadcrumb","itemListElement":[{"@type":"ListItem","position":1,"name":"Strona g\u0142\u00f3wna","item":"https:\/\/splapszanka.lapszenizne.pl\/"},{"@type":"ListItem","position":2,"name":"DZIE\u0143 OCHRONY DANYCH OSOBOWYCH ORAZ POROZMAWIAJMY O WOJNIE"}]},{"@type":"WebSite","@id":"https:\/\/splapszanka.lapszenizne.pl\/#website","url":"https:\/\/splapszanka.lapszenizne.pl\/","name":"Szko\u0142a Podstawowa w \u0141apszance","description":"\u0141apszanka ul. D\u0142uga 35,  34-442 \u0141apsze Ni\u017cne,  woj. ma\u0142opolskie","publisher":{"@id":"https:\/\/splapszanka.lapszenizne.pl\/#organization"},"potentialAction":[{"@type":"SearchAction","target":{"@type":"EntryPoint","urlTemplate":"https:\/\/splapszanka.lapszenizne.pl\/?s={search_term_string}"},"query-input":{"@type":"PropertyValueSpecification","valueRequired":true,"valueName":"search_term_string"}}],"inLanguage":"pl-PL"},{"@type":"Organization","@id":"https:\/\/splapszanka.lapszenizne.pl\/#organization","name":"Szko\u0142a Podstawowa w \u0141apszance","url":"https:\/\/splapszanka.lapszenizne.pl\/","logo":{"@type":"ImageObject","inLanguage":"pl-PL","@id":"https:\/\/splapszanka.lapszenizne.pl\/#\/schema\/logo\/image\/","url":"https:\/\/splapszanka.lapszenizne.pl\/wp-content\/uploads\/2020\/03\/cropped-75328783_1588584124617847_5132413514161324032_o.jpg","contentUrl":"https:\/\/splapszanka.lapszenizne.pl\/wp-content\/uploads\/2020\/03\/cropped-75328783_1588584124617847_5132413514161324032_o.jpg","width":1830,"height":1202,"caption":"Szko\u0142a Podstawowa w \u0141apszance"},"image":{"@id":"https:\/\/splapszanka.lapszenizne.pl\/#\/schema\/logo\/image\/"}},{"@type":"Person","@id":"https:\/\/splapszanka.lapszenizne.pl\/#\/schema\/person\/7966120f2db6326caa37187324bc225e","name":"Ma\u0142gorzata Kami\u0144ska","image":{"@type":"ImageObject","inLanguage":"pl-PL","@id":"https:\/\/splapszanka.lapszenizne.pl\/#\/schema\/person\/image\/","url":"https:\/\/secure.gravatar.com\/avatar\/7b25bd82d8287490c4c46d998eb38a88d0aa38fdf79ec1329f845d553d730d06?s=96&d=mm&r=g","contentUrl":"https:\/\/secure.gravatar.com\/avatar\/7b25bd82d8287490c4c46d998eb38a88d0aa38fdf79ec1329f845d553d730d06?s=96&d=mm&r=g","caption":"Ma\u0142gorzata Kami\u0144ska"},"url":"https:\/\/splapszanka.lapszenizne.pl\/index.php\/author\/gosia\/"}]}},"_links":{"self":[{"href":"https:\/\/splapszanka.lapszenizne.pl\/index.php\/wp-json\/wp\/v2\/posts\/1462","targetHints":{"allow":["GET"]}}],"collection":[{"href":"https:\/\/splapszanka.lapszenizne.pl\/index.php\/wp-json\/wp\/v2\/posts"}],"about":[{"href":"https:\/\/splapszanka.lapszenizne.pl\/index.php\/wp-json\/wp\/v2\/types\/post"}],"author":[{"embeddable":true,"href":"https:\/\/splapszanka.lapszenizne.pl\/index.php\/wp-json\/wp\/v2\/users\/2"}],"replies":[{"embeddable":true,"href":"https:\/\/splapszanka.lapszenizne.pl\/index.php\/wp-json\/wp\/v2\/comments?post=1462"}],"version-history":[{"count":1,"href":"https:\/\/splapszanka.lapszenizne.pl\/index.php\/wp-json\/wp\/v2\/posts\/1462\/revisions"}],"predecessor-version":[{"id":1464,"href":"https:\/\/splapszanka.lapszenizne.pl\/index.php\/wp-json\/wp\/v2\/posts\/1462\/revisions\/1464"}],"wp:featuredmedia":[{"embeddable":true,"href":"https:\/\/splapszanka.lapszenizne.pl\/index.php\/wp-json\/wp\/v2\/media\/1463"}],"wp:attachment":[{"href":"https:\/\/splapszanka.lapszenizne.pl\/index.php\/wp-json\/wp\/v2\/media?parent=1462"}],"wp:term":[{"taxonomy":"category","embeddable":true,"href":"https:\/\/splapszanka.lapszenizne.pl\/index.php\/wp-json\/wp\/v2\/categories?post=1462"},{"taxonomy":"post_tag","embeddable":true,"href":"https:\/\/splapszanka.lapszenizne.pl\/index.php\/wp-json\/wp\/v2\/tags?post=1462"}],"curies":[{"name":"wp","href":"https:\/\/api.w.org\/{rel}","templated":true}]}}