{"id":1443,"date":"2022-03-04T16:09:14","date_gmt":"2022-03-04T15:09:14","guid":{"rendered":"https:\/\/splapszanka.lapszenizne.pl\/?p=1443"},"modified":"2022-03-04T16:09:14","modified_gmt":"2022-03-04T15:09:14","slug":"jak-rozmawiac-z-dziecmi-o-wojnie","status":"publish","type":"post","link":"https:\/\/splapszanka.lapszenizne.pl\/index.php\/2022\/03\/04\/jak-rozmawiac-z-dziecmi-o-wojnie\/","title":{"rendered":"Jak rozmawia\u0107 z dzie\u0107mi o wojnie?"},"content":{"rendered":"<p>24 lutego 2022 r. agresja Rosji wobec Ukrainy eskalowa\u0142a do wymiaru otwartych dzia\u0142a\u0144 zbrojnych. W polskim spo\u0142ecze\u0144stwie wci\u0105\u017c obecne s\u0105 wspomnienia oraz konsekwencje wojny.<\/p>\n<p>Niepokoj\u0105ce informacje z medi\u00f3w, udost\u0119pniane zdj\u0119cia uruchamiaj\u0105 w umys\u0142ach pe\u0142ne przemocy obrazy i id\u0105ce za nimi skojarzenia. Tak\u017ce te, kt\u00f3re m\u00f3zg zapami\u0119ta\u0142 w kontek\u015bcie ogl\u0105danych film\u00f3w czy wys\u0142uchanych rodzinnych historii. W tej nieprzewidywalnej i pe\u0142nej niepokoju codzienno\u015bci, s\u0105 z nami dzieci i m\u0142odzie\u017c.<\/p>\n<p>Emocje id\u0105ce za naszymi my\u015blami s\u0105 przez m\u0142odych ludzi wyczuwane, nawet je\u015bli ich nie wypowiadamy. S\u0105 to naturalne mechanizmy, maj\u0105ce wzmacnia\u0107 u nich szanse na przetrwanie i umo\u017cliwia\u0107 dobr\u0105 orientacj\u0119 w \u015brodowisku.<\/p>\n<p><u>Co mo\u017cemy zrobi\u0107 jako rodzice?<\/u><\/p>\n<ul>\n<li>dzieli\u0107 si\u0119, jakie sami odczuwamy emocje, z czego one wynikaj\u0105;<\/li>\n<li>dba\u0107 o mo\u017cliwy do osi\u0105gni\u0119cia stan r\u00f3wnowagi, mie\u0107 uwa\u017cno\u015b\u0107 na w\u0142asn\u0105 emocjonalno\u015b\u0107;<\/li>\n<li>rozmawia\u0107 o tym, jakie informacje docieraj\u0105 do naszych dzieci i w jaki spos\u00f3b m\u0142odzi na nie reaguj\u0105 (czy potrzebuj\u0105 tylko obecno\u015bci, naszego wys\u0142uchania, wi\u0119cej informacji);<\/li>\n<li>dostosowywa\u0107 spos\u00f3b rozmowy z dzieckiem do jego wieku i gotowo\u015bci na trudne informacje;<\/li>\n<li>pokazywa\u0107 obszary, na kt\u00f3re my i dziecko mamy wp\u0142yw;<\/li>\n<li>wsp\u00f3lnie szuka\u0107 sposob\u00f3w na radzenie sobie z trudnymi emocjami, my\u015blami, dbaniem o cia\u0142o;<\/li>\n<li>by\u0107 dost\u0119pnym dla dziecka i otwartym na s\u0142uchanie, kontakt;<\/li>\n<li>szuka\u0107 sposob\u00f3w na zaanga\u017cowanie si\u0119 w pomoc (np. finansowe organizowane przez\u00a0<a href=\"http:\/\/m.in\/\">in<\/a>. Polsk\u0105 Misj\u0119 Medyczn\u0105, Polsk\u0105 Akcj\u0119 Humanitarn\u0105 czy Polski Czerwony Krzy\u017c).<\/li>\n<\/ul>\n<p>Zach\u0119camy do wys\u0142uchania nagrania z cyklu \u201eCodziennik Rodzica\u201d (\u00a0<a href=\"https:\/\/www.youtube.com\/watch?v=tBcblNPBlDU\">https:\/\/www.youtube.com\/watch?v=tBcblNPBlDU<\/a>\u00a0) udost\u0119pnionego na kanale YouTube w dn. 24 lutego 2022 r. przez promuj\u0105c\u0105 Rodzicielstwo Blisko\u015bci psycholog Karl\u0119 Orban, kt\u00f3ra zaprosi\u0142a dr Jagod\u0119 Sikor\u0119 i psycholog Paulin\u0119 Kope\u0107-Tureck\u0105 na spotkanie \u201eRozmowy z dzie\u0107mi na tematy najtrudniejsze\u201d. Tematem spotkania s\u0105 sposoby radzenia sobie ze strachem wywo\u0142anym wojn\u0105 w Ukrainie oraz sposoby rozmawiania i towarzyszenia dzieciom w prze\u017cywaniu tego wydarzenia.<\/p>\n<p>Gor\u0105co zach\u0119cam, aby delikatnie porusza\u0107 te tematy z dzie\u0107mi w \u015brodowisku r\u00f3wnie\u017c domowym.<\/p>\n<p>Pozdrawiam Renata B\u0142azoszek-So\u0142tys<\/p>\n<p>pedagog szkolny<\/p>\n","protected":false},"excerpt":{"rendered":"<p>24 lutego 2022 r. agresja Rosji wobec Ukrainy eskalowa\u0142a do wymiaru otwartych dzia\u0142a\u0144 zbrojnych. W polskim spo\u0142ecze\u0144stwie wci\u0105\u017c obecne s\u0105 wspomnienia oraz konsekwencje wojny. Niepokoj\u0105ce informacje z medi\u00f3w, udost\u0119pniane zdj\u0119cia uruchamiaj\u0105 w umys\u0142ach pe\u0142ne przemocy obrazy i id\u0105ce za nimi <a href=\"https:\/\/splapszanka.lapszenizne.pl\/index.php\/2022\/03\/04\/jak-rozmawiac-z-dziecmi-o-wojnie\/\" class=\"read-more\">Czytaj Dalej<\/a><\/p>\n","protected":false},"author":2,"featured_media":1444,"comment_status":"closed","ping_status":"open","sticky":false,"template":"","format":"standard","meta":{"footnotes":""},"categories":[1,17],"tags":[],"class_list":["post-1443","post","type-post","status-publish","format-standard","has-post-thumbnail","hentry","category-aktualnosci","category-pedagog"],"yoast_head":"<!-- This site is optimized with the Yoast SEO plugin v27.0 - https:\/\/yoast.com\/product\/yoast-seo-wordpress\/ -->\n<title>Jak rozmawia\u0107 z dzie\u0107mi o wojnie? - Szko\u0142a Podstawowa w \u0141apszance<\/title>\n<meta name=\"robots\" content=\"index, follow, max-snippet:-1, max-image-preview:large, max-video-preview:-1\" \/>\n<link rel=\"canonical\" href=\"https:\/\/splapszanka.lapszenizne.pl\/index.php\/2022\/03\/04\/jak-rozmawiac-z-dziecmi-o-wojnie\/\" \/>\n<meta property=\"og:locale\" content=\"pl_PL\" \/>\n<meta property=\"og:type\" content=\"article\" \/>\n<meta property=\"og:title\" content=\"Jak rozmawia\u0107 z dzie\u0107mi o wojnie? - Szko\u0142a Podstawowa w \u0141apszance\" \/>\n<meta property=\"og:description\" content=\"24 lutego 2022 r. agresja Rosji wobec Ukrainy eskalowa\u0142a do wymiaru otwartych dzia\u0142a\u0144 zbrojnych. W polskim spo\u0142ecze\u0144stwie wci\u0105\u017c obecne s\u0105 wspomnienia oraz konsekwencje wojny. Niepokoj\u0105ce informacje z medi\u00f3w, udost\u0119pniane zdj\u0119cia uruchamiaj\u0105 w umys\u0142ach pe\u0142ne przemocy obrazy i id\u0105ce za nimi Czytaj Dalej\" \/>\n<meta property=\"og:url\" content=\"https:\/\/splapszanka.lapszenizne.pl\/index.php\/2022\/03\/04\/jak-rozmawiac-z-dziecmi-o-wojnie\/\" \/>\n<meta property=\"og:site_name\" content=\"Szko\u0142a Podstawowa w \u0141apszance\" \/>\n<meta property=\"article:published_time\" content=\"2022-03-04T15:09:14+00:00\" \/>\n<meta property=\"og:image\" content=\"https:\/\/splapszanka.lapszenizne.pl\/wp-content\/uploads\/2022\/03\/1460x616-752x440-1.png\" \/>\n\t<meta property=\"og:image:width\" content=\"752\" \/>\n\t<meta property=\"og:image:height\" content=\"440\" \/>\n\t<meta property=\"og:image:type\" content=\"image\/png\" \/>\n<meta name=\"author\" content=\"Ma\u0142gorzata Kami\u0144ska\" \/>\n<meta name=\"twitter:card\" content=\"summary_large_image\" \/>\n<meta name=\"twitter:label1\" content=\"Napisane przez\" \/>\n\t<meta name=\"twitter:data1\" content=\"Ma\u0142gorzata Kami\u0144ska\" \/>\n\t<meta name=\"twitter:label2\" content=\"Szacowany czas czytania\" \/>\n\t<meta name=\"twitter:data2\" content=\"2 minuty\" \/>\n<script type=\"application\/ld+json\" class=\"yoast-schema-graph\">{\"@context\":\"https:\/\/schema.org\",\"@graph\":[{\"@type\":\"Article\",\"@id\":\"https:\/\/splapszanka.lapszenizne.pl\/index.php\/2022\/03\/04\/jak-rozmawiac-z-dziecmi-o-wojnie\/#article\",\"isPartOf\":{\"@id\":\"https:\/\/splapszanka.lapszenizne.pl\/index.php\/2022\/03\/04\/jak-rozmawiac-z-dziecmi-o-wojnie\/\"},\"author\":{\"name\":\"Ma\u0142gorzata Kami\u0144ska\",\"@id\":\"https:\/\/splapszanka.lapszenizne.pl\/#\/schema\/person\/7966120f2db6326caa37187324bc225e\"},\"headline\":\"Jak rozmawia\u0107 z dzie\u0107mi o wojnie?\",\"datePublished\":\"2022-03-04T15:09:14+00:00\",\"mainEntityOfPage\":{\"@id\":\"https:\/\/splapszanka.lapszenizne.pl\/index.php\/2022\/03\/04\/jak-rozmawiac-z-dziecmi-o-wojnie\/\"},\"wordCount\":378,\"publisher\":{\"@id\":\"https:\/\/splapszanka.lapszenizne.pl\/#organization\"},\"image\":{\"@id\":\"https:\/\/splapszanka.lapszenizne.pl\/index.php\/2022\/03\/04\/jak-rozmawiac-z-dziecmi-o-wojnie\/#primaryimage\"},\"thumbnailUrl\":\"https:\/\/splapszanka.lapszenizne.pl\/wp-content\/uploads\/2022\/03\/1460x616-752x440-1.png\",\"articleSection\":[\"Aktualno\u015bci\",\"Pedagog\"],\"inLanguage\":\"pl-PL\"},{\"@type\":\"WebPage\",\"@id\":\"https:\/\/splapszanka.lapszenizne.pl\/index.php\/2022\/03\/04\/jak-rozmawiac-z-dziecmi-o-wojnie\/\",\"url\":\"https:\/\/splapszanka.lapszenizne.pl\/index.php\/2022\/03\/04\/jak-rozmawiac-z-dziecmi-o-wojnie\/\",\"name\":\"Jak rozmawia\u0107 z dzie\u0107mi o wojnie? - Szko\u0142a Podstawowa w \u0141apszance\",\"isPartOf\":{\"@id\":\"https:\/\/splapszanka.lapszenizne.pl\/#website\"},\"primaryImageOfPage\":{\"@id\":\"https:\/\/splapszanka.lapszenizne.pl\/index.php\/2022\/03\/04\/jak-rozmawiac-z-dziecmi-o-wojnie\/#primaryimage\"},\"image\":{\"@id\":\"https:\/\/splapszanka.lapszenizne.pl\/index.php\/2022\/03\/04\/jak-rozmawiac-z-dziecmi-o-wojnie\/#primaryimage\"},\"thumbnailUrl\":\"https:\/\/splapszanka.lapszenizne.pl\/wp-content\/uploads\/2022\/03\/1460x616-752x440-1.png\",\"datePublished\":\"2022-03-04T15:09:14+00:00\",\"breadcrumb\":{\"@id\":\"https:\/\/splapszanka.lapszenizne.pl\/index.php\/2022\/03\/04\/jak-rozmawiac-z-dziecmi-o-wojnie\/#breadcrumb\"},\"inLanguage\":\"pl-PL\",\"potentialAction\":[{\"@type\":\"ReadAction\",\"target\":[\"https:\/\/splapszanka.lapszenizne.pl\/index.php\/2022\/03\/04\/jak-rozmawiac-z-dziecmi-o-wojnie\/\"]}]},{\"@type\":\"ImageObject\",\"inLanguage\":\"pl-PL\",\"@id\":\"https:\/\/splapszanka.lapszenizne.pl\/index.php\/2022\/03\/04\/jak-rozmawiac-z-dziecmi-o-wojnie\/#primaryimage\",\"url\":\"https:\/\/splapszanka.lapszenizne.pl\/wp-content\/uploads\/2022\/03\/1460x616-752x440-1.png\",\"contentUrl\":\"https:\/\/splapszanka.lapszenizne.pl\/wp-content\/uploads\/2022\/03\/1460x616-752x440-1.png\",\"width\":752,\"height\":440,\"caption\":\"Plakat: Jak rozmawia\u0107 z dzieckiem o wojnie?\"},{\"@type\":\"BreadcrumbList\",\"@id\":\"https:\/\/splapszanka.lapszenizne.pl\/index.php\/2022\/03\/04\/jak-rozmawiac-z-dziecmi-o-wojnie\/#breadcrumb\",\"itemListElement\":[{\"@type\":\"ListItem\",\"position\":1,\"name\":\"Strona g\u0142\u00f3wna\",\"item\":\"https:\/\/splapszanka.lapszenizne.pl\/\"},{\"@type\":\"ListItem\",\"position\":2,\"name\":\"Jak rozmawia\u0107 z dzie\u0107mi o wojnie?\"}]},{\"@type\":\"WebSite\",\"@id\":\"https:\/\/splapszanka.lapszenizne.pl\/#website\",\"url\":\"https:\/\/splapszanka.lapszenizne.pl\/\",\"name\":\"Szko\u0142a Podstawowa w \u0141apszance\",\"description\":\"\u0141apszanka ul. D\u0142uga 35,  34-442 \u0141apsze Ni\u017cne,  woj. ma\u0142opolskie\",\"publisher\":{\"@id\":\"https:\/\/splapszanka.lapszenizne.pl\/#organization\"},\"potentialAction\":[{\"@type\":\"SearchAction\",\"target\":{\"@type\":\"EntryPoint\",\"urlTemplate\":\"https:\/\/splapszanka.lapszenizne.pl\/?s={search_term_string}\"},\"query-input\":{\"@type\":\"PropertyValueSpecification\",\"valueRequired\":true,\"valueName\":\"search_term_string\"}}],\"inLanguage\":\"pl-PL\"},{\"@type\":\"Organization\",\"@id\":\"https:\/\/splapszanka.lapszenizne.pl\/#organization\",\"name\":\"Szko\u0142a Podstawowa w \u0141apszance\",\"url\":\"https:\/\/splapszanka.lapszenizne.pl\/\",\"logo\":{\"@type\":\"ImageObject\",\"inLanguage\":\"pl-PL\",\"@id\":\"https:\/\/splapszanka.lapszenizne.pl\/#\/schema\/logo\/image\/\",\"url\":\"https:\/\/splapszanka.lapszenizne.pl\/wp-content\/uploads\/2020\/03\/cropped-75328783_1588584124617847_5132413514161324032_o.jpg\",\"contentUrl\":\"https:\/\/splapszanka.lapszenizne.pl\/wp-content\/uploads\/2020\/03\/cropped-75328783_1588584124617847_5132413514161324032_o.jpg\",\"width\":1830,\"height\":1202,\"caption\":\"Szko\u0142a Podstawowa w \u0141apszance\"},\"image\":{\"@id\":\"https:\/\/splapszanka.lapszenizne.pl\/#\/schema\/logo\/image\/\"}},{\"@type\":\"Person\",\"@id\":\"https:\/\/splapszanka.lapszenizne.pl\/#\/schema\/person\/7966120f2db6326caa37187324bc225e\",\"name\":\"Ma\u0142gorzata Kami\u0144ska\",\"image\":{\"@type\":\"ImageObject\",\"inLanguage\":\"pl-PL\",\"@id\":\"https:\/\/splapszanka.lapszenizne.pl\/#\/schema\/person\/image\/\",\"url\":\"https:\/\/secure.gravatar.com\/avatar\/7b25bd82d8287490c4c46d998eb38a88d0aa38fdf79ec1329f845d553d730d06?s=96&d=mm&r=g\",\"contentUrl\":\"https:\/\/secure.gravatar.com\/avatar\/7b25bd82d8287490c4c46d998eb38a88d0aa38fdf79ec1329f845d553d730d06?s=96&d=mm&r=g\",\"caption\":\"Ma\u0142gorzata Kami\u0144ska\"},\"url\":\"https:\/\/splapszanka.lapszenizne.pl\/index.php\/author\/gosia\/\"}]}<\/script>\n<!-- \/ Yoast SEO plugin. -->","yoast_head_json":{"title":"Jak rozmawia\u0107 z dzie\u0107mi o wojnie? - Szko\u0142a Podstawowa w \u0141apszance","robots":{"index":"index","follow":"follow","max-snippet":"max-snippet:-1","max-image-preview":"max-image-preview:large","max-video-preview":"max-video-preview:-1"},"canonical":"https:\/\/splapszanka.lapszenizne.pl\/index.php\/2022\/03\/04\/jak-rozmawiac-z-dziecmi-o-wojnie\/","og_locale":"pl_PL","og_type":"article","og_title":"Jak rozmawia\u0107 z dzie\u0107mi o wojnie? - Szko\u0142a Podstawowa w \u0141apszance","og_description":"24 lutego 2022 r. agresja Rosji wobec Ukrainy eskalowa\u0142a do wymiaru otwartych dzia\u0142a\u0144 zbrojnych. W polskim spo\u0142ecze\u0144stwie wci\u0105\u017c obecne s\u0105 wspomnienia oraz konsekwencje wojny. Niepokoj\u0105ce informacje z medi\u00f3w, udost\u0119pniane zdj\u0119cia uruchamiaj\u0105 w umys\u0142ach pe\u0142ne przemocy obrazy i id\u0105ce za nimi Czytaj Dalej","og_url":"https:\/\/splapszanka.lapszenizne.pl\/index.php\/2022\/03\/04\/jak-rozmawiac-z-dziecmi-o-wojnie\/","og_site_name":"Szko\u0142a Podstawowa w \u0141apszance","article_published_time":"2022-03-04T15:09:14+00:00","og_image":[{"width":752,"height":440,"url":"https:\/\/splapszanka.lapszenizne.pl\/wp-content\/uploads\/2022\/03\/1460x616-752x440-1.png","type":"image\/png"}],"author":"Ma\u0142gorzata Kami\u0144ska","twitter_card":"summary_large_image","twitter_misc":{"Napisane przez":"Ma\u0142gorzata Kami\u0144ska","Szacowany czas czytania":"2 minuty"},"schema":{"@context":"https:\/\/schema.org","@graph":[{"@type":"Article","@id":"https:\/\/splapszanka.lapszenizne.pl\/index.php\/2022\/03\/04\/jak-rozmawiac-z-dziecmi-o-wojnie\/#article","isPartOf":{"@id":"https:\/\/splapszanka.lapszenizne.pl\/index.php\/2022\/03\/04\/jak-rozmawiac-z-dziecmi-o-wojnie\/"},"author":{"name":"Ma\u0142gorzata Kami\u0144ska","@id":"https:\/\/splapszanka.lapszenizne.pl\/#\/schema\/person\/7966120f2db6326caa37187324bc225e"},"headline":"Jak rozmawia\u0107 z dzie\u0107mi o wojnie?","datePublished":"2022-03-04T15:09:14+00:00","mainEntityOfPage":{"@id":"https:\/\/splapszanka.lapszenizne.pl\/index.php\/2022\/03\/04\/jak-rozmawiac-z-dziecmi-o-wojnie\/"},"wordCount":378,"publisher":{"@id":"https:\/\/splapszanka.lapszenizne.pl\/#organization"},"image":{"@id":"https:\/\/splapszanka.lapszenizne.pl\/index.php\/2022\/03\/04\/jak-rozmawiac-z-dziecmi-o-wojnie\/#primaryimage"},"thumbnailUrl":"https:\/\/splapszanka.lapszenizne.pl\/wp-content\/uploads\/2022\/03\/1460x616-752x440-1.png","articleSection":["Aktualno\u015bci","Pedagog"],"inLanguage":"pl-PL"},{"@type":"WebPage","@id":"https:\/\/splapszanka.lapszenizne.pl\/index.php\/2022\/03\/04\/jak-rozmawiac-z-dziecmi-o-wojnie\/","url":"https:\/\/splapszanka.lapszenizne.pl\/index.php\/2022\/03\/04\/jak-rozmawiac-z-dziecmi-o-wojnie\/","name":"Jak rozmawia\u0107 z dzie\u0107mi o wojnie? - Szko\u0142a Podstawowa w \u0141apszance","isPartOf":{"@id":"https:\/\/splapszanka.lapszenizne.pl\/#website"},"primaryImageOfPage":{"@id":"https:\/\/splapszanka.lapszenizne.pl\/index.php\/2022\/03\/04\/jak-rozmawiac-z-dziecmi-o-wojnie\/#primaryimage"},"image":{"@id":"https:\/\/splapszanka.lapszenizne.pl\/index.php\/2022\/03\/04\/jak-rozmawiac-z-dziecmi-o-wojnie\/#primaryimage"},"thumbnailUrl":"https:\/\/splapszanka.lapszenizne.pl\/wp-content\/uploads\/2022\/03\/1460x616-752x440-1.png","datePublished":"2022-03-04T15:09:14+00:00","breadcrumb":{"@id":"https:\/\/splapszanka.lapszenizne.pl\/index.php\/2022\/03\/04\/jak-rozmawiac-z-dziecmi-o-wojnie\/#breadcrumb"},"inLanguage":"pl-PL","potentialAction":[{"@type":"ReadAction","target":["https:\/\/splapszanka.lapszenizne.pl\/index.php\/2022\/03\/04\/jak-rozmawiac-z-dziecmi-o-wojnie\/"]}]},{"@type":"ImageObject","inLanguage":"pl-PL","@id":"https:\/\/splapszanka.lapszenizne.pl\/index.php\/2022\/03\/04\/jak-rozmawiac-z-dziecmi-o-wojnie\/#primaryimage","url":"https:\/\/splapszanka.lapszenizne.pl\/wp-content\/uploads\/2022\/03\/1460x616-752x440-1.png","contentUrl":"https:\/\/splapszanka.lapszenizne.pl\/wp-content\/uploads\/2022\/03\/1460x616-752x440-1.png","width":752,"height":440,"caption":"Plakat: Jak rozmawia\u0107 z dzieckiem o wojnie?"},{"@type":"BreadcrumbList","@id":"https:\/\/splapszanka.lapszenizne.pl\/index.php\/2022\/03\/04\/jak-rozmawiac-z-dziecmi-o-wojnie\/#breadcrumb","itemListElement":[{"@type":"ListItem","position":1,"name":"Strona g\u0142\u00f3wna","item":"https:\/\/splapszanka.lapszenizne.pl\/"},{"@type":"ListItem","position":2,"name":"Jak rozmawia\u0107 z dzie\u0107mi o wojnie?"}]},{"@type":"WebSite","@id":"https:\/\/splapszanka.lapszenizne.pl\/#website","url":"https:\/\/splapszanka.lapszenizne.pl\/","name":"Szko\u0142a Podstawowa w \u0141apszance","description":"\u0141apszanka ul. D\u0142uga 35,  34-442 \u0141apsze Ni\u017cne,  woj. ma\u0142opolskie","publisher":{"@id":"https:\/\/splapszanka.lapszenizne.pl\/#organization"},"potentialAction":[{"@type":"SearchAction","target":{"@type":"EntryPoint","urlTemplate":"https:\/\/splapszanka.lapszenizne.pl\/?s={search_term_string}"},"query-input":{"@type":"PropertyValueSpecification","valueRequired":true,"valueName":"search_term_string"}}],"inLanguage":"pl-PL"},{"@type":"Organization","@id":"https:\/\/splapszanka.lapszenizne.pl\/#organization","name":"Szko\u0142a Podstawowa w \u0141apszance","url":"https:\/\/splapszanka.lapszenizne.pl\/","logo":{"@type":"ImageObject","inLanguage":"pl-PL","@id":"https:\/\/splapszanka.lapszenizne.pl\/#\/schema\/logo\/image\/","url":"https:\/\/splapszanka.lapszenizne.pl\/wp-content\/uploads\/2020\/03\/cropped-75328783_1588584124617847_5132413514161324032_o.jpg","contentUrl":"https:\/\/splapszanka.lapszenizne.pl\/wp-content\/uploads\/2020\/03\/cropped-75328783_1588584124617847_5132413514161324032_o.jpg","width":1830,"height":1202,"caption":"Szko\u0142a Podstawowa w \u0141apszance"},"image":{"@id":"https:\/\/splapszanka.lapszenizne.pl\/#\/schema\/logo\/image\/"}},{"@type":"Person","@id":"https:\/\/splapszanka.lapszenizne.pl\/#\/schema\/person\/7966120f2db6326caa37187324bc225e","name":"Ma\u0142gorzata Kami\u0144ska","image":{"@type":"ImageObject","inLanguage":"pl-PL","@id":"https:\/\/splapszanka.lapszenizne.pl\/#\/schema\/person\/image\/","url":"https:\/\/secure.gravatar.com\/avatar\/7b25bd82d8287490c4c46d998eb38a88d0aa38fdf79ec1329f845d553d730d06?s=96&d=mm&r=g","contentUrl":"https:\/\/secure.gravatar.com\/avatar\/7b25bd82d8287490c4c46d998eb38a88d0aa38fdf79ec1329f845d553d730d06?s=96&d=mm&r=g","caption":"Ma\u0142gorzata Kami\u0144ska"},"url":"https:\/\/splapszanka.lapszenizne.pl\/index.php\/author\/gosia\/"}]}},"_links":{"self":[{"href":"https:\/\/splapszanka.lapszenizne.pl\/index.php\/wp-json\/wp\/v2\/posts\/1443","targetHints":{"allow":["GET"]}}],"collection":[{"href":"https:\/\/splapszanka.lapszenizne.pl\/index.php\/wp-json\/wp\/v2\/posts"}],"about":[{"href":"https:\/\/splapszanka.lapszenizne.pl\/index.php\/wp-json\/wp\/v2\/types\/post"}],"author":[{"embeddable":true,"href":"https:\/\/splapszanka.lapszenizne.pl\/index.php\/wp-json\/wp\/v2\/users\/2"}],"replies":[{"embeddable":true,"href":"https:\/\/splapszanka.lapszenizne.pl\/index.php\/wp-json\/wp\/v2\/comments?post=1443"}],"version-history":[{"count":1,"href":"https:\/\/splapszanka.lapszenizne.pl\/index.php\/wp-json\/wp\/v2\/posts\/1443\/revisions"}],"predecessor-version":[{"id":1445,"href":"https:\/\/splapszanka.lapszenizne.pl\/index.php\/wp-json\/wp\/v2\/posts\/1443\/revisions\/1445"}],"wp:featuredmedia":[{"embeddable":true,"href":"https:\/\/splapszanka.lapszenizne.pl\/index.php\/wp-json\/wp\/v2\/media\/1444"}],"wp:attachment":[{"href":"https:\/\/splapszanka.lapszenizne.pl\/index.php\/wp-json\/wp\/v2\/media?parent=1443"}],"wp:term":[{"taxonomy":"category","embeddable":true,"href":"https:\/\/splapszanka.lapszenizne.pl\/index.php\/wp-json\/wp\/v2\/categories?post=1443"},{"taxonomy":"post_tag","embeddable":true,"href":"https:\/\/splapszanka.lapszenizne.pl\/index.php\/wp-json\/wp\/v2\/tags?post=1443"}],"curies":[{"name":"wp","href":"https:\/\/api.w.org\/{rel}","templated":true}]}}