{"id":1418,"date":"2022-02-22T09:59:44","date_gmt":"2022-02-22T08:59:44","guid":{"rendered":"https:\/\/splapszanka.lapszenizne.pl\/?p=1418"},"modified":"2022-02-22T10:00:49","modified_gmt":"2022-02-22T09:00:49","slug":"dzien-bezpiecznego-internetu-zdalnie","status":"publish","type":"post","link":"https:\/\/splapszanka.lapszenizne.pl\/index.php\/2022\/02\/22\/dzien-bezpiecznego-internetu-zdalnie\/","title":{"rendered":"Dzie\u0144 Bezpiecznego Internetu &#8211; zdalnie"},"content":{"rendered":"<p><span style=\"font-weight: 400;\">Dzie\u0144, kt\u00f3ry obchodzony jest w Europie w <\/span><span style=\"font-weight: 400;\">drugim dniu, drugiego tygodnia, drugiego miesi\u0105ca roku<\/span><span style=\"font-weight: 400;\">, w tym roku przypad\u0142o to na 8 lutego. Ustanowiony z inicjatywy Komisji Europejskiej w ramach programu &#8222;Safer Internet&#8221; od 2004 roku. Pocz\u0105tkowo wydarzenie to \u015bwi\u0119towa\u0142y jedynie pa\u0144stwa europejskie, ale ju\u017c od lat DBI przekracza granice Europy anga\u017cuj\u0105c\u00a0pa\u0144stwa\u00a0z ca\u0142ego \u015bwiata. Jego celem jest zwr\u00f3cenie uwagi na bezpieczny dost\u0119p dzieci i m\u0142odzie\u017cy do zasob\u00f3w internetowych, zaznajomienie rodzic\u00f3w, nauczycieli i wychowawc\u00f3w z problematyk\u0105 bezpiecze\u0144stwa online oraz promocj\u0119 pozytywnego wykorzystywania Internetu.<\/span><!--more--><\/p>\n<p>&nbsp;<\/p>\n<p><span style=\"font-weight: 400;\">Organizatorem wydarzenia w Polsce od 2005 roku jest Polskie Centrum Programu Safer Internet (PCPSI), kt\u00f3re tworz\u0105 pa\u0144stwowy instytut badawczy NASK oraz Fundacja Dajemy Dzieciom Si\u0142\u0119 \u2013 realizatorzy unijnego programu \u201e\u0141\u0105cz\u0105c Europ\u0119\u201d (ang. Connecting Europe Facility &#8211; CEF). G\u0142\u00f3wnym partnerem wydarzenia jest Fundacja Orange. Wydarzenie patronatem honorowym obj\u0105\u0142 Prezes Rady Ministr\u00f3w &#8211; Mateusz Morawiecki. Partnerami akcji zosta\u0142y firmy: Facebook, Google, Samsung, Librus oraz Elektrownia Powi\u015ble.<\/span><\/p>\n<p>&nbsp;<\/p>\n<p><span style=\"font-weight: 400;\">Za pocz\u0105tek sieci Internet uznaje si\u0119 koniec lat 60 XX wieku, do Polski zawita\u0142 on w latach 90. Od tej pory nast\u0105pi\u0142 ogromny rozw\u00f3j tego \u017ar\u00f3d\u0142a informacji bez kt\u00f3rego w chwili obecnej niemal\u017ce nie jeste\u015bmy w stanie si\u0119 obej\u015b\u0107. Ze wzrostem popularno\u015bci i dost\u0119pno\u015bci oraz z uwagi na og\u00f3lno\u015bwiatowy zasi\u0119g tej bazy wiedzy nale\u017cy zauwa\u017cy\u0107, i\u017c mo\u017ce by\u0107 to miejsce za pomoc\u0105 kt\u00f3rego dochodzi do nadu\u017cy\u0107 oraz przest\u0119pstw.<\/span><\/p>\n<p>&nbsp;<\/p>\n<p><span style=\"font-weight: 400;\">Nie uciekniemy od nowych technologii, od \u017cycia w cyfrowym \u015bwiecie. Jedyne co mo\u017cemy zrobi\u0107, to wspiera\u0107 naszych uczni\u00f3w, edukowa\u0107 i towarzyszy\u0107 im w wirtualnej rzeczywisto\u015bci. \u015awiadomy ucze\u0144 to odpowiedzialny ucze\u0144, kt\u00f3ry znaj\u0105c zasady i specyfik\u0119 funkcjonowania sieci b\u0119dzie bezpieczny.<\/span><\/p>\n<p>&nbsp;<\/p>\n<p><span style=\"font-weight: 400;\">Zasady w Internecie \u2013 om\u00f3wienie ich z uczniami\u00a0\u00a0<\/span><\/p>\n<ol>\n<li><span style=\"font-weight: 400;\"> Otwieraj wiadomo\u015bci tylko od znajomych os\u00f3b,.<\/span><\/li>\n<li><span style=\"font-weight: 400;\"> Unikaj klikania nieznanych link\u00f3w i otwierania za\u0142\u0105cznik\u00f3w w wiadomo\u015bciach e-mail.<\/span><\/li>\n<li><span style=\"font-weight: 400;\"> Dane osobowe i has\u0142a zachowaj tylko dla siebie.<\/span><\/li>\n<li><span style=\"font-weight: 400;\"> Zdj\u0119cia udost\u0119pniaj tylko znanym i zaufanym osobom.\u00a0<\/span><\/li>\n<li><span style=\"font-weight: 400;\"> Pami\u0119taj, \u017ce osoba po drugiej stronie nie musi by\u0107 tym, za kogo si\u0119 podaje.<\/span><\/li>\n<li><span style=\"font-weight: 400;\"> Szanuj prawa autorskie udost\u0119pnianych w sieci plik\u00f3w.<\/span><\/li>\n<li><span style=\"font-weight: 400;\"> O niepokoj\u0105cych sytuacjach w sieci powiedz rodzicom lub innej zaufanej osobie doros\u0142ej.<\/span><\/li>\n<li><span style=\"font-weight: 400;\"> Szanuj innych u\u017cytkownik\u00f3w Internetu.\u00a0<\/span><\/li>\n<li><span style=\"font-weight: 400;\"> Korzystaj z umiarem z Internetu!<\/span><\/li>\n<\/ol>\n<p>&nbsp;<\/p>\n<p><span style=\"font-weight: 400;\">Mimo, \u017ce w tym roku obchody tego dnia przypad\u0142y na czas, gdy uczniowie uczyli si\u0119 zdalnie, nic nie stan\u0119\u0142o na przeszkodzie, aby uczni\u00f3w wprowadzi\u0107 w temat. Dla uczni\u00f3w klas 1-3 pedagog szkolny przygotowa\u0142 lekcje profilaktyczne w szkole, a dzi\u0119ki technologii uczniowie klas 4-8 sami mogli przy\u0142\u0105czy\u0107 si\u0119 do udzia\u0142u w tym dniu. Jak? Mo\u017cna si\u0119 przekona\u0107 zagl\u0105daj\u0105c w podany link: <\/span><a href=\"https:\/\/padlet.com\/renatablazoszeksoltys\/1dkad6ojjnqhgru\"><span style=\"font-weight: 400;\">DZIE\u0143 BEZPIECZNEGO INTERNETU 8 LUTY 2022 (padlet.com)<\/span><\/a><span style=\"font-weight: 400;\">\u00a0<\/span><\/p>\n<div class=\"padlet-embed\" style=\"border: 1px solid rgba(0,0,0,0.1); border-radius: 2px; box-sizing: border-box; overflow: hidden; position: relative; width: 100%; background: #F4F4F4;\">\n<p style=\"padding: 0; margin: 0;\"><iframe style=\"width: 100%; height: 608px; display: block; padding: 0; margin: 0;\" src=\"https:\/\/padlet.com\/embed\/1dkad6ojjnqhgru\" frameborder=\"0\"><\/iframe><\/p>\n<div style=\"padding: 8px; text-align: right; margin: 0;\"><a style=\"padding: 0; margin: 0; border: none; display: block; line-height: 1; height: 16px;\" href=\"https:\/\/padlet.com?ref=embed\" target=\"_blank\" rel=\"noopener noreferrer\"><img loading=\"lazy\" decoding=\"async\" style=\"padding: 0; margin: 0; background: none; border: none; display: inline; box-shadow: none;\" src=\"https:\/\/padlet.net\/embeds\/made_with_padlet.png\" alt=\"Utworzony za pomoc\u0105 aplikacji Padlet\" width=\"86\" height=\"16\" \/><\/a><\/div>\n<\/div>\n<p>&nbsp;<\/p>\n","protected":false},"excerpt":{"rendered":"<p>Dzie\u0144, kt\u00f3ry obchodzony jest w Europie w drugim dniu, drugiego tygodnia, drugiego miesi\u0105ca roku, w tym roku przypad\u0142o to na 8 lutego. Ustanowiony z inicjatywy Komisji Europejskiej w ramach programu &#8222;Safer Internet&#8221; od 2004 roku. Pocz\u0105tkowo wydarzenie to \u015bwi\u0119towa\u0142y jedynie <a href=\"https:\/\/splapszanka.lapszenizne.pl\/index.php\/2022\/02\/22\/dzien-bezpiecznego-internetu-zdalnie\/\" class=\"read-more\">Czytaj Dalej<\/a><\/p>\n","protected":false},"author":2,"featured_media":1419,"comment_status":"closed","ping_status":"open","sticky":false,"template":"","format":"standard","meta":{"footnotes":""},"categories":[1,17],"tags":[],"class_list":["post-1418","post","type-post","status-publish","format-standard","has-post-thumbnail","hentry","category-aktualnosci","category-pedagog"],"yoast_head":"<!-- This site is optimized with the Yoast SEO plugin v27.0 - https:\/\/yoast.com\/product\/yoast-seo-wordpress\/ -->\n<title>Dzie\u0144 Bezpiecznego Internetu - zdalnie - Szko\u0142a Podstawowa w \u0141apszance<\/title>\n<meta name=\"robots\" content=\"index, follow, max-snippet:-1, max-image-preview:large, max-video-preview:-1\" \/>\n<link rel=\"canonical\" href=\"https:\/\/splapszanka.lapszenizne.pl\/index.php\/2022\/02\/22\/dzien-bezpiecznego-internetu-zdalnie\/\" \/>\n<meta property=\"og:locale\" content=\"pl_PL\" \/>\n<meta property=\"og:type\" content=\"article\" \/>\n<meta property=\"og:title\" content=\"Dzie\u0144 Bezpiecznego Internetu - zdalnie - Szko\u0142a Podstawowa w \u0141apszance\" \/>\n<meta property=\"og:description\" content=\"Dzie\u0144, kt\u00f3ry obchodzony jest w Europie w drugim dniu, drugiego tygodnia, drugiego miesi\u0105ca roku, w tym roku przypad\u0142o to na 8 lutego. Ustanowiony z inicjatywy Komisji Europejskiej w ramach programu &#8222;Safer Internet&#8221; od 2004 roku. Pocz\u0105tkowo wydarzenie to \u015bwi\u0119towa\u0142y jedynie Czytaj Dalej\" \/>\n<meta property=\"og:url\" content=\"https:\/\/splapszanka.lapszenizne.pl\/index.php\/2022\/02\/22\/dzien-bezpiecznego-internetu-zdalnie\/\" \/>\n<meta property=\"og:site_name\" content=\"Szko\u0142a Podstawowa w \u0141apszance\" \/>\n<meta property=\"article:published_time\" content=\"2022-02-22T08:59:44+00:00\" \/>\n<meta property=\"article:modified_time\" content=\"2022-02-22T09:00:49+00:00\" \/>\n<meta property=\"og:image\" content=\"https:\/\/splapszanka.lapszenizne.pl\/wp-content\/uploads\/2022\/02\/image-1.png\" \/>\n\t<meta property=\"og:image:width\" content=\"651\" \/>\n\t<meta property=\"og:image:height\" content=\"720\" \/>\n\t<meta property=\"og:image:type\" content=\"image\/png\" \/>\n<meta name=\"author\" content=\"Ma\u0142gorzata Kami\u0144ska\" \/>\n<meta name=\"twitter:card\" content=\"summary_large_image\" \/>\n<meta name=\"twitter:label1\" content=\"Napisane przez\" \/>\n\t<meta name=\"twitter:data1\" content=\"Ma\u0142gorzata Kami\u0144ska\" \/>\n\t<meta name=\"twitter:label2\" content=\"Szacowany czas czytania\" \/>\n\t<meta name=\"twitter:data2\" content=\"2 minuty\" \/>\n<script type=\"application\/ld+json\" class=\"yoast-schema-graph\">{\"@context\":\"https:\/\/schema.org\",\"@graph\":[{\"@type\":\"Article\",\"@id\":\"https:\/\/splapszanka.lapszenizne.pl\/index.php\/2022\/02\/22\/dzien-bezpiecznego-internetu-zdalnie\/#article\",\"isPartOf\":{\"@id\":\"https:\/\/splapszanka.lapszenizne.pl\/index.php\/2022\/02\/22\/dzien-bezpiecznego-internetu-zdalnie\/\"},\"author\":{\"name\":\"Ma\u0142gorzata Kami\u0144ska\",\"@id\":\"https:\/\/splapszanka.lapszenizne.pl\/#\/schema\/person\/7966120f2db6326caa37187324bc225e\"},\"headline\":\"Dzie\u0144 Bezpiecznego Internetu &#8211; zdalnie\",\"datePublished\":\"2022-02-22T08:59:44+00:00\",\"dateModified\":\"2022-02-22T09:00:49+00:00\",\"mainEntityOfPage\":{\"@id\":\"https:\/\/splapszanka.lapszenizne.pl\/index.php\/2022\/02\/22\/dzien-bezpiecznego-internetu-zdalnie\/\"},\"wordCount\":484,\"publisher\":{\"@id\":\"https:\/\/splapszanka.lapszenizne.pl\/#organization\"},\"image\":{\"@id\":\"https:\/\/splapszanka.lapszenizne.pl\/index.php\/2022\/02\/22\/dzien-bezpiecznego-internetu-zdalnie\/#primaryimage\"},\"thumbnailUrl\":\"https:\/\/splapszanka.lapszenizne.pl\/wp-content\/uploads\/2022\/02\/image-1.png\",\"articleSection\":[\"Aktualno\u015bci\",\"Pedagog\"],\"inLanguage\":\"pl-PL\"},{\"@type\":\"WebPage\",\"@id\":\"https:\/\/splapszanka.lapszenizne.pl\/index.php\/2022\/02\/22\/dzien-bezpiecznego-internetu-zdalnie\/\",\"url\":\"https:\/\/splapszanka.lapszenizne.pl\/index.php\/2022\/02\/22\/dzien-bezpiecznego-internetu-zdalnie\/\",\"name\":\"Dzie\u0144 Bezpiecznego Internetu - zdalnie - Szko\u0142a Podstawowa w \u0141apszance\",\"isPartOf\":{\"@id\":\"https:\/\/splapszanka.lapszenizne.pl\/#website\"},\"primaryImageOfPage\":{\"@id\":\"https:\/\/splapszanka.lapszenizne.pl\/index.php\/2022\/02\/22\/dzien-bezpiecznego-internetu-zdalnie\/#primaryimage\"},\"image\":{\"@id\":\"https:\/\/splapszanka.lapszenizne.pl\/index.php\/2022\/02\/22\/dzien-bezpiecznego-internetu-zdalnie\/#primaryimage\"},\"thumbnailUrl\":\"https:\/\/splapszanka.lapszenizne.pl\/wp-content\/uploads\/2022\/02\/image-1.png\",\"datePublished\":\"2022-02-22T08:59:44+00:00\",\"dateModified\":\"2022-02-22T09:00:49+00:00\",\"breadcrumb\":{\"@id\":\"https:\/\/splapszanka.lapszenizne.pl\/index.php\/2022\/02\/22\/dzien-bezpiecznego-internetu-zdalnie\/#breadcrumb\"},\"inLanguage\":\"pl-PL\",\"potentialAction\":[{\"@type\":\"ReadAction\",\"target\":[\"https:\/\/splapszanka.lapszenizne.pl\/index.php\/2022\/02\/22\/dzien-bezpiecznego-internetu-zdalnie\/\"]}]},{\"@type\":\"ImageObject\",\"inLanguage\":\"pl-PL\",\"@id\":\"https:\/\/splapszanka.lapszenizne.pl\/index.php\/2022\/02\/22\/dzien-bezpiecznego-internetu-zdalnie\/#primaryimage\",\"url\":\"https:\/\/splapszanka.lapszenizne.pl\/wp-content\/uploads\/2022\/02\/image-1.png\",\"contentUrl\":\"https:\/\/splapszanka.lapszenizne.pl\/wp-content\/uploads\/2022\/02\/image-1.png\",\"width\":651,\"height\":720,\"caption\":\"Plakat Dzie\u0144 Bezpiecznego Internetu\"},{\"@type\":\"BreadcrumbList\",\"@id\":\"https:\/\/splapszanka.lapszenizne.pl\/index.php\/2022\/02\/22\/dzien-bezpiecznego-internetu-zdalnie\/#breadcrumb\",\"itemListElement\":[{\"@type\":\"ListItem\",\"position\":1,\"name\":\"Strona g\u0142\u00f3wna\",\"item\":\"https:\/\/splapszanka.lapszenizne.pl\/\"},{\"@type\":\"ListItem\",\"position\":2,\"name\":\"Dzie\u0144 Bezpiecznego Internetu &#8211; zdalnie\"}]},{\"@type\":\"WebSite\",\"@id\":\"https:\/\/splapszanka.lapszenizne.pl\/#website\",\"url\":\"https:\/\/splapszanka.lapszenizne.pl\/\",\"name\":\"Szko\u0142a Podstawowa w \u0141apszance\",\"description\":\"\u0141apszanka ul. D\u0142uga 35,  34-442 \u0141apsze Ni\u017cne,  woj. ma\u0142opolskie\",\"publisher\":{\"@id\":\"https:\/\/splapszanka.lapszenizne.pl\/#organization\"},\"potentialAction\":[{\"@type\":\"SearchAction\",\"target\":{\"@type\":\"EntryPoint\",\"urlTemplate\":\"https:\/\/splapszanka.lapszenizne.pl\/?s={search_term_string}\"},\"query-input\":{\"@type\":\"PropertyValueSpecification\",\"valueRequired\":true,\"valueName\":\"search_term_string\"}}],\"inLanguage\":\"pl-PL\"},{\"@type\":\"Organization\",\"@id\":\"https:\/\/splapszanka.lapszenizne.pl\/#organization\",\"name\":\"Szko\u0142a Podstawowa w \u0141apszance\",\"url\":\"https:\/\/splapszanka.lapszenizne.pl\/\",\"logo\":{\"@type\":\"ImageObject\",\"inLanguage\":\"pl-PL\",\"@id\":\"https:\/\/splapszanka.lapszenizne.pl\/#\/schema\/logo\/image\/\",\"url\":\"https:\/\/splapszanka.lapszenizne.pl\/wp-content\/uploads\/2020\/03\/cropped-75328783_1588584124617847_5132413514161324032_o.jpg\",\"contentUrl\":\"https:\/\/splapszanka.lapszenizne.pl\/wp-content\/uploads\/2020\/03\/cropped-75328783_1588584124617847_5132413514161324032_o.jpg\",\"width\":1830,\"height\":1202,\"caption\":\"Szko\u0142a Podstawowa w \u0141apszance\"},\"image\":{\"@id\":\"https:\/\/splapszanka.lapszenizne.pl\/#\/schema\/logo\/image\/\"}},{\"@type\":\"Person\",\"@id\":\"https:\/\/splapszanka.lapszenizne.pl\/#\/schema\/person\/7966120f2db6326caa37187324bc225e\",\"name\":\"Ma\u0142gorzata Kami\u0144ska\",\"image\":{\"@type\":\"ImageObject\",\"inLanguage\":\"pl-PL\",\"@id\":\"https:\/\/splapszanka.lapszenizne.pl\/#\/schema\/person\/image\/\",\"url\":\"https:\/\/secure.gravatar.com\/avatar\/7b25bd82d8287490c4c46d998eb38a88d0aa38fdf79ec1329f845d553d730d06?s=96&d=mm&r=g\",\"contentUrl\":\"https:\/\/secure.gravatar.com\/avatar\/7b25bd82d8287490c4c46d998eb38a88d0aa38fdf79ec1329f845d553d730d06?s=96&d=mm&r=g\",\"caption\":\"Ma\u0142gorzata Kami\u0144ska\"},\"url\":\"https:\/\/splapszanka.lapszenizne.pl\/index.php\/author\/gosia\/\"}]}<\/script>\n<!-- \/ Yoast SEO plugin. -->","yoast_head_json":{"title":"Dzie\u0144 Bezpiecznego Internetu - zdalnie - Szko\u0142a Podstawowa w \u0141apszance","robots":{"index":"index","follow":"follow","max-snippet":"max-snippet:-1","max-image-preview":"max-image-preview:large","max-video-preview":"max-video-preview:-1"},"canonical":"https:\/\/splapszanka.lapszenizne.pl\/index.php\/2022\/02\/22\/dzien-bezpiecznego-internetu-zdalnie\/","og_locale":"pl_PL","og_type":"article","og_title":"Dzie\u0144 Bezpiecznego Internetu - zdalnie - Szko\u0142a Podstawowa w \u0141apszance","og_description":"Dzie\u0144, kt\u00f3ry obchodzony jest w Europie w drugim dniu, drugiego tygodnia, drugiego miesi\u0105ca roku, w tym roku przypad\u0142o to na 8 lutego. Ustanowiony z inicjatywy Komisji Europejskiej w ramach programu &#8222;Safer Internet&#8221; od 2004 roku. Pocz\u0105tkowo wydarzenie to \u015bwi\u0119towa\u0142y jedynie Czytaj Dalej","og_url":"https:\/\/splapszanka.lapszenizne.pl\/index.php\/2022\/02\/22\/dzien-bezpiecznego-internetu-zdalnie\/","og_site_name":"Szko\u0142a Podstawowa w \u0141apszance","article_published_time":"2022-02-22T08:59:44+00:00","article_modified_time":"2022-02-22T09:00:49+00:00","og_image":[{"width":651,"height":720,"url":"https:\/\/splapszanka.lapszenizne.pl\/wp-content\/uploads\/2022\/02\/image-1.png","type":"image\/png"}],"author":"Ma\u0142gorzata Kami\u0144ska","twitter_card":"summary_large_image","twitter_misc":{"Napisane przez":"Ma\u0142gorzata Kami\u0144ska","Szacowany czas czytania":"2 minuty"},"schema":{"@context":"https:\/\/schema.org","@graph":[{"@type":"Article","@id":"https:\/\/splapszanka.lapszenizne.pl\/index.php\/2022\/02\/22\/dzien-bezpiecznego-internetu-zdalnie\/#article","isPartOf":{"@id":"https:\/\/splapszanka.lapszenizne.pl\/index.php\/2022\/02\/22\/dzien-bezpiecznego-internetu-zdalnie\/"},"author":{"name":"Ma\u0142gorzata Kami\u0144ska","@id":"https:\/\/splapszanka.lapszenizne.pl\/#\/schema\/person\/7966120f2db6326caa37187324bc225e"},"headline":"Dzie\u0144 Bezpiecznego Internetu &#8211; zdalnie","datePublished":"2022-02-22T08:59:44+00:00","dateModified":"2022-02-22T09:00:49+00:00","mainEntityOfPage":{"@id":"https:\/\/splapszanka.lapszenizne.pl\/index.php\/2022\/02\/22\/dzien-bezpiecznego-internetu-zdalnie\/"},"wordCount":484,"publisher":{"@id":"https:\/\/splapszanka.lapszenizne.pl\/#organization"},"image":{"@id":"https:\/\/splapszanka.lapszenizne.pl\/index.php\/2022\/02\/22\/dzien-bezpiecznego-internetu-zdalnie\/#primaryimage"},"thumbnailUrl":"https:\/\/splapszanka.lapszenizne.pl\/wp-content\/uploads\/2022\/02\/image-1.png","articleSection":["Aktualno\u015bci","Pedagog"],"inLanguage":"pl-PL"},{"@type":"WebPage","@id":"https:\/\/splapszanka.lapszenizne.pl\/index.php\/2022\/02\/22\/dzien-bezpiecznego-internetu-zdalnie\/","url":"https:\/\/splapszanka.lapszenizne.pl\/index.php\/2022\/02\/22\/dzien-bezpiecznego-internetu-zdalnie\/","name":"Dzie\u0144 Bezpiecznego Internetu - zdalnie - Szko\u0142a Podstawowa w \u0141apszance","isPartOf":{"@id":"https:\/\/splapszanka.lapszenizne.pl\/#website"},"primaryImageOfPage":{"@id":"https:\/\/splapszanka.lapszenizne.pl\/index.php\/2022\/02\/22\/dzien-bezpiecznego-internetu-zdalnie\/#primaryimage"},"image":{"@id":"https:\/\/splapszanka.lapszenizne.pl\/index.php\/2022\/02\/22\/dzien-bezpiecznego-internetu-zdalnie\/#primaryimage"},"thumbnailUrl":"https:\/\/splapszanka.lapszenizne.pl\/wp-content\/uploads\/2022\/02\/image-1.png","datePublished":"2022-02-22T08:59:44+00:00","dateModified":"2022-02-22T09:00:49+00:00","breadcrumb":{"@id":"https:\/\/splapszanka.lapszenizne.pl\/index.php\/2022\/02\/22\/dzien-bezpiecznego-internetu-zdalnie\/#breadcrumb"},"inLanguage":"pl-PL","potentialAction":[{"@type":"ReadAction","target":["https:\/\/splapszanka.lapszenizne.pl\/index.php\/2022\/02\/22\/dzien-bezpiecznego-internetu-zdalnie\/"]}]},{"@type":"ImageObject","inLanguage":"pl-PL","@id":"https:\/\/splapszanka.lapszenizne.pl\/index.php\/2022\/02\/22\/dzien-bezpiecznego-internetu-zdalnie\/#primaryimage","url":"https:\/\/splapszanka.lapszenizne.pl\/wp-content\/uploads\/2022\/02\/image-1.png","contentUrl":"https:\/\/splapszanka.lapszenizne.pl\/wp-content\/uploads\/2022\/02\/image-1.png","width":651,"height":720,"caption":"Plakat Dzie\u0144 Bezpiecznego Internetu"},{"@type":"BreadcrumbList","@id":"https:\/\/splapszanka.lapszenizne.pl\/index.php\/2022\/02\/22\/dzien-bezpiecznego-internetu-zdalnie\/#breadcrumb","itemListElement":[{"@type":"ListItem","position":1,"name":"Strona g\u0142\u00f3wna","item":"https:\/\/splapszanka.lapszenizne.pl\/"},{"@type":"ListItem","position":2,"name":"Dzie\u0144 Bezpiecznego Internetu &#8211; zdalnie"}]},{"@type":"WebSite","@id":"https:\/\/splapszanka.lapszenizne.pl\/#website","url":"https:\/\/splapszanka.lapszenizne.pl\/","name":"Szko\u0142a Podstawowa w \u0141apszance","description":"\u0141apszanka ul. D\u0142uga 35,  34-442 \u0141apsze Ni\u017cne,  woj. ma\u0142opolskie","publisher":{"@id":"https:\/\/splapszanka.lapszenizne.pl\/#organization"},"potentialAction":[{"@type":"SearchAction","target":{"@type":"EntryPoint","urlTemplate":"https:\/\/splapszanka.lapszenizne.pl\/?s={search_term_string}"},"query-input":{"@type":"PropertyValueSpecification","valueRequired":true,"valueName":"search_term_string"}}],"inLanguage":"pl-PL"},{"@type":"Organization","@id":"https:\/\/splapszanka.lapszenizne.pl\/#organization","name":"Szko\u0142a Podstawowa w \u0141apszance","url":"https:\/\/splapszanka.lapszenizne.pl\/","logo":{"@type":"ImageObject","inLanguage":"pl-PL","@id":"https:\/\/splapszanka.lapszenizne.pl\/#\/schema\/logo\/image\/","url":"https:\/\/splapszanka.lapszenizne.pl\/wp-content\/uploads\/2020\/03\/cropped-75328783_1588584124617847_5132413514161324032_o.jpg","contentUrl":"https:\/\/splapszanka.lapszenizne.pl\/wp-content\/uploads\/2020\/03\/cropped-75328783_1588584124617847_5132413514161324032_o.jpg","width":1830,"height":1202,"caption":"Szko\u0142a Podstawowa w \u0141apszance"},"image":{"@id":"https:\/\/splapszanka.lapszenizne.pl\/#\/schema\/logo\/image\/"}},{"@type":"Person","@id":"https:\/\/splapszanka.lapszenizne.pl\/#\/schema\/person\/7966120f2db6326caa37187324bc225e","name":"Ma\u0142gorzata Kami\u0144ska","image":{"@type":"ImageObject","inLanguage":"pl-PL","@id":"https:\/\/splapszanka.lapszenizne.pl\/#\/schema\/person\/image\/","url":"https:\/\/secure.gravatar.com\/avatar\/7b25bd82d8287490c4c46d998eb38a88d0aa38fdf79ec1329f845d553d730d06?s=96&d=mm&r=g","contentUrl":"https:\/\/secure.gravatar.com\/avatar\/7b25bd82d8287490c4c46d998eb38a88d0aa38fdf79ec1329f845d553d730d06?s=96&d=mm&r=g","caption":"Ma\u0142gorzata Kami\u0144ska"},"url":"https:\/\/splapszanka.lapszenizne.pl\/index.php\/author\/gosia\/"}]}},"_links":{"self":[{"href":"https:\/\/splapszanka.lapszenizne.pl\/index.php\/wp-json\/wp\/v2\/posts\/1418","targetHints":{"allow":["GET"]}}],"collection":[{"href":"https:\/\/splapszanka.lapszenizne.pl\/index.php\/wp-json\/wp\/v2\/posts"}],"about":[{"href":"https:\/\/splapszanka.lapszenizne.pl\/index.php\/wp-json\/wp\/v2\/types\/post"}],"author":[{"embeddable":true,"href":"https:\/\/splapszanka.lapszenizne.pl\/index.php\/wp-json\/wp\/v2\/users\/2"}],"replies":[{"embeddable":true,"href":"https:\/\/splapszanka.lapszenizne.pl\/index.php\/wp-json\/wp\/v2\/comments?post=1418"}],"version-history":[{"count":1,"href":"https:\/\/splapszanka.lapszenizne.pl\/index.php\/wp-json\/wp\/v2\/posts\/1418\/revisions"}],"predecessor-version":[{"id":1420,"href":"https:\/\/splapszanka.lapszenizne.pl\/index.php\/wp-json\/wp\/v2\/posts\/1418\/revisions\/1420"}],"wp:featuredmedia":[{"embeddable":true,"href":"https:\/\/splapszanka.lapszenizne.pl\/index.php\/wp-json\/wp\/v2\/media\/1419"}],"wp:attachment":[{"href":"https:\/\/splapszanka.lapszenizne.pl\/index.php\/wp-json\/wp\/v2\/media?parent=1418"}],"wp:term":[{"taxonomy":"category","embeddable":true,"href":"https:\/\/splapszanka.lapszenizne.pl\/index.php\/wp-json\/wp\/v2\/categories?post=1418"},{"taxonomy":"post_tag","embeddable":true,"href":"https:\/\/splapszanka.lapszenizne.pl\/index.php\/wp-json\/wp\/v2\/tags?post=1418"}],"curies":[{"name":"wp","href":"https:\/\/api.w.org\/{rel}","templated":true}]}}