{"id":1404,"date":"2022-02-14T16:39:32","date_gmt":"2022-02-14T15:39:32","guid":{"rendered":"https:\/\/splapszanka.lapszenizne.pl\/?p=1404"},"modified":"2022-02-14T16:46:53","modified_gmt":"2022-02-14T15:46:53","slug":"rekrutacja-2022-2023","status":"publish","type":"post","link":"https:\/\/splapszanka.lapszenizne.pl\/index.php\/2022\/02\/14\/rekrutacja-2022-2023\/","title":{"rendered":"Rekrutacja 2022\/2023"},"content":{"rendered":"<p>W dniach od 07.02.2022 do 11.02.2022 rodzice dzieci obecnie ucz\u0119szczaj\u0105cych do oddzia\u0142\u00f3w przedszkolnych sk\u0142adaj\u0105 deklaracj\u0119 o kontynuacji wychowania przedszkolnego w roku szkolnym 2022\/2023.<\/p>\n<p>Od 14 lutego 2022 mo\u017cna\u00a0 sk\u0142ada\u0107 wnioski o przyj\u0119cie dziecka\u00a0 do oddzia\u0142u przedszkolnego.<\/p>\n<p>Post\u0119powanie rekrutacyjne o przyj\u0119cie do szko\u0142y podstawowej rozpoczyna si\u0119 od 01 marca.<\/p>\n<p>Szczeg\u00f3\u0142owy harmonogram rekrutacji zgodnie z Zarz\u0105dzeniem W\u00f3jta Gminy w za\u0142\u0105czeniu.<\/p>\n<p><strong>Pliki do pobrania:<\/strong><\/p>\n<p><span style=\"color: #000080;\"><strong><span style=\"font-family: arial, helvetica, sans-serif;\"><a style=\"color: #000080;\" href=\"https:\/\/splapszanka.lapszenizne.pl\/wp-content\/uploads\/2022\/02\/Zarzadzenia-w-sp-terminow-rekrutacji-do-przedszkoli-i-I-kl-SP-4-1.pdf\">Zarzadzenia w sp termin\u00f3w rekrutacji do przedszkoli i I kl SP\u00a0<\/a><\/span><\/strong><\/span><\/p>\n<p><span style=\"color: #000080;\"><strong><a style=\"color: #000080;\" href=\"https:\/\/splapszanka.lapszenizne.pl\/wp-content\/uploads\/2022\/02\/WNIOSEK-o-przyjecie-dziecka-do-przedszkola-4-1.docx\"><span style=\"font-family: arial, helvetica, sans-serif;\">WNIOSEK-o-przyjecie-dziecka-do-przedszkola<\/span> <\/a><\/strong><\/span><\/p>\n<p><span style=\"color: #000080;\"><strong><span style=\"font-family: arial, helvetica, sans-serif;\"><a style=\"color: #000080;\" href=\"https:\/\/splapszanka.lapszenizne.pl\/wp-content\/uploads\/2022\/02\/oswiadczenie_o_wielodzietnosci-1-1.pdf\">O\u015bwiadczenie_o_wielodzietnosci <\/a><\/span><\/strong><\/span><\/p>\n<p><span style=\"color: #000080;\"><strong><span style=\"font-family: arial, helvetica, sans-serif;\"><a style=\"color: #000080;\" href=\"https:\/\/splapszanka.lapszenizne.pl\/wp-content\/uploads\/2022\/02\/OSWIADCZENIE-O-OBJECIU-ROCZNY-PRZYGOTOWANIEM-PRZEDSZKONYM-KANDYDATA-3-1.docx\">OSWIADCZENIE-O-OBJECIU-ROCZNY-PRZYGOTOWANIEM-PRZEDSZKONYM-KANDYDATA<\/a><\/span><\/strong><\/span><\/p>\n","protected":false},"excerpt":{"rendered":"<p>W dniach od 07.02.2022 do 11.02.2022 rodzice dzieci obecnie ucz\u0119szczaj\u0105cych do oddzia\u0142\u00f3w przedszkolnych sk\u0142adaj\u0105 deklaracj\u0119 o kontynuacji wychowania przedszkolnego w roku szkolnym 2022\/2023. Od 14 lutego 2022 mo\u017cna\u00a0 sk\u0142ada\u0107 wnioski o przyj\u0119cie dziecka\u00a0 do oddzia\u0142u przedszkolnego. Post\u0119powanie rekrutacyjne o przyj\u0119cie <a href=\"https:\/\/splapszanka.lapszenizne.pl\/index.php\/2022\/02\/14\/rekrutacja-2022-2023\/\" class=\"read-more\">Czytaj Dalej<\/a><\/p>\n","protected":false},"author":2,"featured_media":1405,"comment_status":"closed","ping_status":"open","sticky":false,"template":"","format":"standard","meta":{"footnotes":""},"categories":[1,18],"tags":[],"class_list":["post-1404","post","type-post","status-publish","format-standard","has-post-thumbnail","hentry","category-aktualnosci","category-rekrutacja"],"yoast_head":"<!-- This site is optimized with the Yoast SEO plugin v27.0 - https:\/\/yoast.com\/product\/yoast-seo-wordpress\/ -->\n<title>Rekrutacja 2022\/2023 - Szko\u0142a Podstawowa w \u0141apszance<\/title>\n<meta name=\"robots\" content=\"index, follow, max-snippet:-1, max-image-preview:large, max-video-preview:-1\" \/>\n<link rel=\"canonical\" href=\"https:\/\/splapszanka.lapszenizne.pl\/index.php\/2022\/02\/14\/rekrutacja-2022-2023\/\" \/>\n<meta property=\"og:locale\" content=\"pl_PL\" \/>\n<meta property=\"og:type\" content=\"article\" \/>\n<meta property=\"og:title\" content=\"Rekrutacja 2022\/2023 - Szko\u0142a Podstawowa w \u0141apszance\" \/>\n<meta property=\"og:description\" content=\"W dniach od 07.02.2022 do 11.02.2022 rodzice dzieci obecnie ucz\u0119szczaj\u0105cych do oddzia\u0142\u00f3w przedszkolnych sk\u0142adaj\u0105 deklaracj\u0119 o kontynuacji wychowania przedszkolnego w roku szkolnym 2022\/2023. Od 14 lutego 2022 mo\u017cna\u00a0 sk\u0142ada\u0107 wnioski o przyj\u0119cie dziecka\u00a0 do oddzia\u0142u przedszkolnego. Post\u0119powanie rekrutacyjne o przyj\u0119cie Czytaj Dalej\" \/>\n<meta property=\"og:url\" content=\"https:\/\/splapszanka.lapszenizne.pl\/index.php\/2022\/02\/14\/rekrutacja-2022-2023\/\" \/>\n<meta property=\"og:site_name\" content=\"Szko\u0142a Podstawowa w \u0141apszance\" \/>\n<meta property=\"article:published_time\" content=\"2022-02-14T15:39:32+00:00\" \/>\n<meta property=\"article:modified_time\" content=\"2022-02-14T15:46:53+00:00\" \/>\n<meta property=\"og:image\" content=\"https:\/\/splapszanka.lapszenizne.pl\/wp-content\/uploads\/2022\/02\/Rekrutacja.png\" \/>\n\t<meta property=\"og:image:width\" content=\"1080\" \/>\n\t<meta property=\"og:image:height\" content=\"1080\" \/>\n\t<meta property=\"og:image:type\" content=\"image\/png\" \/>\n<meta name=\"author\" content=\"Ma\u0142gorzata Kami\u0144ska\" \/>\n<meta name=\"twitter:card\" content=\"summary_large_image\" \/>\n<meta name=\"twitter:label1\" content=\"Napisane przez\" \/>\n\t<meta name=\"twitter:data1\" content=\"Ma\u0142gorzata Kami\u0144ska\" \/>\n<script type=\"application\/ld+json\" class=\"yoast-schema-graph\">{\"@context\":\"https:\/\/schema.org\",\"@graph\":[{\"@type\":\"Article\",\"@id\":\"https:\/\/splapszanka.lapszenizne.pl\/index.php\/2022\/02\/14\/rekrutacja-2022-2023\/#article\",\"isPartOf\":{\"@id\":\"https:\/\/splapszanka.lapszenizne.pl\/index.php\/2022\/02\/14\/rekrutacja-2022-2023\/\"},\"author\":{\"name\":\"Ma\u0142gorzata Kami\u0144ska\",\"@id\":\"https:\/\/splapszanka.lapszenizne.pl\/#\/schema\/person\/7966120f2db6326caa37187324bc225e\"},\"headline\":\"Rekrutacja 2022\/2023\",\"datePublished\":\"2022-02-14T15:39:32+00:00\",\"dateModified\":\"2022-02-14T15:46:53+00:00\",\"mainEntityOfPage\":{\"@id\":\"https:\/\/splapszanka.lapszenizne.pl\/index.php\/2022\/02\/14\/rekrutacja-2022-2023\/\"},\"wordCount\":89,\"publisher\":{\"@id\":\"https:\/\/splapszanka.lapszenizne.pl\/#organization\"},\"image\":{\"@id\":\"https:\/\/splapszanka.lapszenizne.pl\/index.php\/2022\/02\/14\/rekrutacja-2022-2023\/#primaryimage\"},\"thumbnailUrl\":\"https:\/\/splapszanka.lapszenizne.pl\/wp-content\/uploads\/2022\/02\/Rekrutacja.png\",\"articleSection\":[\"Aktualno\u015bci\",\"Rekrutacja\"],\"inLanguage\":\"pl-PL\"},{\"@type\":\"WebPage\",\"@id\":\"https:\/\/splapszanka.lapszenizne.pl\/index.php\/2022\/02\/14\/rekrutacja-2022-2023\/\",\"url\":\"https:\/\/splapszanka.lapszenizne.pl\/index.php\/2022\/02\/14\/rekrutacja-2022-2023\/\",\"name\":\"Rekrutacja 2022\/2023 - Szko\u0142a Podstawowa w \u0141apszance\",\"isPartOf\":{\"@id\":\"https:\/\/splapszanka.lapszenizne.pl\/#website\"},\"primaryImageOfPage\":{\"@id\":\"https:\/\/splapszanka.lapszenizne.pl\/index.php\/2022\/02\/14\/rekrutacja-2022-2023\/#primaryimage\"},\"image\":{\"@id\":\"https:\/\/splapszanka.lapszenizne.pl\/index.php\/2022\/02\/14\/rekrutacja-2022-2023\/#primaryimage\"},\"thumbnailUrl\":\"https:\/\/splapszanka.lapszenizne.pl\/wp-content\/uploads\/2022\/02\/Rekrutacja.png\",\"datePublished\":\"2022-02-14T15:39:32+00:00\",\"dateModified\":\"2022-02-14T15:46:53+00:00\",\"breadcrumb\":{\"@id\":\"https:\/\/splapszanka.lapszenizne.pl\/index.php\/2022\/02\/14\/rekrutacja-2022-2023\/#breadcrumb\"},\"inLanguage\":\"pl-PL\",\"potentialAction\":[{\"@type\":\"ReadAction\",\"target\":[\"https:\/\/splapszanka.lapszenizne.pl\/index.php\/2022\/02\/14\/rekrutacja-2022-2023\/\"]}]},{\"@type\":\"ImageObject\",\"inLanguage\":\"pl-PL\",\"@id\":\"https:\/\/splapszanka.lapszenizne.pl\/index.php\/2022\/02\/14\/rekrutacja-2022-2023\/#primaryimage\",\"url\":\"https:\/\/splapszanka.lapszenizne.pl\/wp-content\/uploads\/2022\/02\/Rekrutacja.png\",\"contentUrl\":\"https:\/\/splapszanka.lapszenizne.pl\/wp-content\/uploads\/2022\/02\/Rekrutacja.png\",\"width\":1080,\"height\":1080,\"caption\":\"Plakat- rekrutacja\"},{\"@type\":\"BreadcrumbList\",\"@id\":\"https:\/\/splapszanka.lapszenizne.pl\/index.php\/2022\/02\/14\/rekrutacja-2022-2023\/#breadcrumb\",\"itemListElement\":[{\"@type\":\"ListItem\",\"position\":1,\"name\":\"Strona g\u0142\u00f3wna\",\"item\":\"https:\/\/splapszanka.lapszenizne.pl\/\"},{\"@type\":\"ListItem\",\"position\":2,\"name\":\"Rekrutacja 2022\/2023\"}]},{\"@type\":\"WebSite\",\"@id\":\"https:\/\/splapszanka.lapszenizne.pl\/#website\",\"url\":\"https:\/\/splapszanka.lapszenizne.pl\/\",\"name\":\"Szko\u0142a Podstawowa w \u0141apszance\",\"description\":\"\u0141apszanka ul. D\u0142uga 35,  34-442 \u0141apsze Ni\u017cne,  woj. ma\u0142opolskie\",\"publisher\":{\"@id\":\"https:\/\/splapszanka.lapszenizne.pl\/#organization\"},\"potentialAction\":[{\"@type\":\"SearchAction\",\"target\":{\"@type\":\"EntryPoint\",\"urlTemplate\":\"https:\/\/splapszanka.lapszenizne.pl\/?s={search_term_string}\"},\"query-input\":{\"@type\":\"PropertyValueSpecification\",\"valueRequired\":true,\"valueName\":\"search_term_string\"}}],\"inLanguage\":\"pl-PL\"},{\"@type\":\"Organization\",\"@id\":\"https:\/\/splapszanka.lapszenizne.pl\/#organization\",\"name\":\"Szko\u0142a Podstawowa w \u0141apszance\",\"url\":\"https:\/\/splapszanka.lapszenizne.pl\/\",\"logo\":{\"@type\":\"ImageObject\",\"inLanguage\":\"pl-PL\",\"@id\":\"https:\/\/splapszanka.lapszenizne.pl\/#\/schema\/logo\/image\/\",\"url\":\"https:\/\/splapszanka.lapszenizne.pl\/wp-content\/uploads\/2020\/03\/cropped-75328783_1588584124617847_5132413514161324032_o.jpg\",\"contentUrl\":\"https:\/\/splapszanka.lapszenizne.pl\/wp-content\/uploads\/2020\/03\/cropped-75328783_1588584124617847_5132413514161324032_o.jpg\",\"width\":1830,\"height\":1202,\"caption\":\"Szko\u0142a Podstawowa w \u0141apszance\"},\"image\":{\"@id\":\"https:\/\/splapszanka.lapszenizne.pl\/#\/schema\/logo\/image\/\"}},{\"@type\":\"Person\",\"@id\":\"https:\/\/splapszanka.lapszenizne.pl\/#\/schema\/person\/7966120f2db6326caa37187324bc225e\",\"name\":\"Ma\u0142gorzata Kami\u0144ska\",\"image\":{\"@type\":\"ImageObject\",\"inLanguage\":\"pl-PL\",\"@id\":\"https:\/\/splapszanka.lapszenizne.pl\/#\/schema\/person\/image\/\",\"url\":\"https:\/\/secure.gravatar.com\/avatar\/7b25bd82d8287490c4c46d998eb38a88d0aa38fdf79ec1329f845d553d730d06?s=96&d=mm&r=g\",\"contentUrl\":\"https:\/\/secure.gravatar.com\/avatar\/7b25bd82d8287490c4c46d998eb38a88d0aa38fdf79ec1329f845d553d730d06?s=96&d=mm&r=g\",\"caption\":\"Ma\u0142gorzata Kami\u0144ska\"},\"url\":\"https:\/\/splapszanka.lapszenizne.pl\/index.php\/author\/gosia\/\"}]}<\/script>\n<!-- \/ Yoast SEO plugin. -->","yoast_head_json":{"title":"Rekrutacja 2022\/2023 - Szko\u0142a Podstawowa w \u0141apszance","robots":{"index":"index","follow":"follow","max-snippet":"max-snippet:-1","max-image-preview":"max-image-preview:large","max-video-preview":"max-video-preview:-1"},"canonical":"https:\/\/splapszanka.lapszenizne.pl\/index.php\/2022\/02\/14\/rekrutacja-2022-2023\/","og_locale":"pl_PL","og_type":"article","og_title":"Rekrutacja 2022\/2023 - Szko\u0142a Podstawowa w \u0141apszance","og_description":"W dniach od 07.02.2022 do 11.02.2022 rodzice dzieci obecnie ucz\u0119szczaj\u0105cych do oddzia\u0142\u00f3w przedszkolnych sk\u0142adaj\u0105 deklaracj\u0119 o kontynuacji wychowania przedszkolnego w roku szkolnym 2022\/2023. Od 14 lutego 2022 mo\u017cna\u00a0 sk\u0142ada\u0107 wnioski o przyj\u0119cie dziecka\u00a0 do oddzia\u0142u przedszkolnego. Post\u0119powanie rekrutacyjne o przyj\u0119cie Czytaj Dalej","og_url":"https:\/\/splapszanka.lapszenizne.pl\/index.php\/2022\/02\/14\/rekrutacja-2022-2023\/","og_site_name":"Szko\u0142a Podstawowa w \u0141apszance","article_published_time":"2022-02-14T15:39:32+00:00","article_modified_time":"2022-02-14T15:46:53+00:00","og_image":[{"width":1080,"height":1080,"url":"https:\/\/splapszanka.lapszenizne.pl\/wp-content\/uploads\/2022\/02\/Rekrutacja.png","type":"image\/png"}],"author":"Ma\u0142gorzata Kami\u0144ska","twitter_card":"summary_large_image","twitter_misc":{"Napisane przez":"Ma\u0142gorzata Kami\u0144ska"},"schema":{"@context":"https:\/\/schema.org","@graph":[{"@type":"Article","@id":"https:\/\/splapszanka.lapszenizne.pl\/index.php\/2022\/02\/14\/rekrutacja-2022-2023\/#article","isPartOf":{"@id":"https:\/\/splapszanka.lapszenizne.pl\/index.php\/2022\/02\/14\/rekrutacja-2022-2023\/"},"author":{"name":"Ma\u0142gorzata Kami\u0144ska","@id":"https:\/\/splapszanka.lapszenizne.pl\/#\/schema\/person\/7966120f2db6326caa37187324bc225e"},"headline":"Rekrutacja 2022\/2023","datePublished":"2022-02-14T15:39:32+00:00","dateModified":"2022-02-14T15:46:53+00:00","mainEntityOfPage":{"@id":"https:\/\/splapszanka.lapszenizne.pl\/index.php\/2022\/02\/14\/rekrutacja-2022-2023\/"},"wordCount":89,"publisher":{"@id":"https:\/\/splapszanka.lapszenizne.pl\/#organization"},"image":{"@id":"https:\/\/splapszanka.lapszenizne.pl\/index.php\/2022\/02\/14\/rekrutacja-2022-2023\/#primaryimage"},"thumbnailUrl":"https:\/\/splapszanka.lapszenizne.pl\/wp-content\/uploads\/2022\/02\/Rekrutacja.png","articleSection":["Aktualno\u015bci","Rekrutacja"],"inLanguage":"pl-PL"},{"@type":"WebPage","@id":"https:\/\/splapszanka.lapszenizne.pl\/index.php\/2022\/02\/14\/rekrutacja-2022-2023\/","url":"https:\/\/splapszanka.lapszenizne.pl\/index.php\/2022\/02\/14\/rekrutacja-2022-2023\/","name":"Rekrutacja 2022\/2023 - Szko\u0142a Podstawowa w \u0141apszance","isPartOf":{"@id":"https:\/\/splapszanka.lapszenizne.pl\/#website"},"primaryImageOfPage":{"@id":"https:\/\/splapszanka.lapszenizne.pl\/index.php\/2022\/02\/14\/rekrutacja-2022-2023\/#primaryimage"},"image":{"@id":"https:\/\/splapszanka.lapszenizne.pl\/index.php\/2022\/02\/14\/rekrutacja-2022-2023\/#primaryimage"},"thumbnailUrl":"https:\/\/splapszanka.lapszenizne.pl\/wp-content\/uploads\/2022\/02\/Rekrutacja.png","datePublished":"2022-02-14T15:39:32+00:00","dateModified":"2022-02-14T15:46:53+00:00","breadcrumb":{"@id":"https:\/\/splapszanka.lapszenizne.pl\/index.php\/2022\/02\/14\/rekrutacja-2022-2023\/#breadcrumb"},"inLanguage":"pl-PL","potentialAction":[{"@type":"ReadAction","target":["https:\/\/splapszanka.lapszenizne.pl\/index.php\/2022\/02\/14\/rekrutacja-2022-2023\/"]}]},{"@type":"ImageObject","inLanguage":"pl-PL","@id":"https:\/\/splapszanka.lapszenizne.pl\/index.php\/2022\/02\/14\/rekrutacja-2022-2023\/#primaryimage","url":"https:\/\/splapszanka.lapszenizne.pl\/wp-content\/uploads\/2022\/02\/Rekrutacja.png","contentUrl":"https:\/\/splapszanka.lapszenizne.pl\/wp-content\/uploads\/2022\/02\/Rekrutacja.png","width":1080,"height":1080,"caption":"Plakat- rekrutacja"},{"@type":"BreadcrumbList","@id":"https:\/\/splapszanka.lapszenizne.pl\/index.php\/2022\/02\/14\/rekrutacja-2022-2023\/#breadcrumb","itemListElement":[{"@type":"ListItem","position":1,"name":"Strona g\u0142\u00f3wna","item":"https:\/\/splapszanka.lapszenizne.pl\/"},{"@type":"ListItem","position":2,"name":"Rekrutacja 2022\/2023"}]},{"@type":"WebSite","@id":"https:\/\/splapszanka.lapszenizne.pl\/#website","url":"https:\/\/splapszanka.lapszenizne.pl\/","name":"Szko\u0142a Podstawowa w \u0141apszance","description":"\u0141apszanka ul. D\u0142uga 35,  34-442 \u0141apsze Ni\u017cne,  woj. ma\u0142opolskie","publisher":{"@id":"https:\/\/splapszanka.lapszenizne.pl\/#organization"},"potentialAction":[{"@type":"SearchAction","target":{"@type":"EntryPoint","urlTemplate":"https:\/\/splapszanka.lapszenizne.pl\/?s={search_term_string}"},"query-input":{"@type":"PropertyValueSpecification","valueRequired":true,"valueName":"search_term_string"}}],"inLanguage":"pl-PL"},{"@type":"Organization","@id":"https:\/\/splapszanka.lapszenizne.pl\/#organization","name":"Szko\u0142a Podstawowa w \u0141apszance","url":"https:\/\/splapszanka.lapszenizne.pl\/","logo":{"@type":"ImageObject","inLanguage":"pl-PL","@id":"https:\/\/splapszanka.lapszenizne.pl\/#\/schema\/logo\/image\/","url":"https:\/\/splapszanka.lapszenizne.pl\/wp-content\/uploads\/2020\/03\/cropped-75328783_1588584124617847_5132413514161324032_o.jpg","contentUrl":"https:\/\/splapszanka.lapszenizne.pl\/wp-content\/uploads\/2020\/03\/cropped-75328783_1588584124617847_5132413514161324032_o.jpg","width":1830,"height":1202,"caption":"Szko\u0142a Podstawowa w \u0141apszance"},"image":{"@id":"https:\/\/splapszanka.lapszenizne.pl\/#\/schema\/logo\/image\/"}},{"@type":"Person","@id":"https:\/\/splapszanka.lapszenizne.pl\/#\/schema\/person\/7966120f2db6326caa37187324bc225e","name":"Ma\u0142gorzata Kami\u0144ska","image":{"@type":"ImageObject","inLanguage":"pl-PL","@id":"https:\/\/splapszanka.lapszenizne.pl\/#\/schema\/person\/image\/","url":"https:\/\/secure.gravatar.com\/avatar\/7b25bd82d8287490c4c46d998eb38a88d0aa38fdf79ec1329f845d553d730d06?s=96&d=mm&r=g","contentUrl":"https:\/\/secure.gravatar.com\/avatar\/7b25bd82d8287490c4c46d998eb38a88d0aa38fdf79ec1329f845d553d730d06?s=96&d=mm&r=g","caption":"Ma\u0142gorzata Kami\u0144ska"},"url":"https:\/\/splapszanka.lapszenizne.pl\/index.php\/author\/gosia\/"}]}},"_links":{"self":[{"href":"https:\/\/splapszanka.lapszenizne.pl\/index.php\/wp-json\/wp\/v2\/posts\/1404","targetHints":{"allow":["GET"]}}],"collection":[{"href":"https:\/\/splapszanka.lapszenizne.pl\/index.php\/wp-json\/wp\/v2\/posts"}],"about":[{"href":"https:\/\/splapszanka.lapszenizne.pl\/index.php\/wp-json\/wp\/v2\/types\/post"}],"author":[{"embeddable":true,"href":"https:\/\/splapszanka.lapszenizne.pl\/index.php\/wp-json\/wp\/v2\/users\/2"}],"replies":[{"embeddable":true,"href":"https:\/\/splapszanka.lapszenizne.pl\/index.php\/wp-json\/wp\/v2\/comments?post=1404"}],"version-history":[{"count":1,"href":"https:\/\/splapszanka.lapszenizne.pl\/index.php\/wp-json\/wp\/v2\/posts\/1404\/revisions"}],"predecessor-version":[{"id":1406,"href":"https:\/\/splapszanka.lapszenizne.pl\/index.php\/wp-json\/wp\/v2\/posts\/1404\/revisions\/1406"}],"wp:featuredmedia":[{"embeddable":true,"href":"https:\/\/splapszanka.lapszenizne.pl\/index.php\/wp-json\/wp\/v2\/media\/1405"}],"wp:attachment":[{"href":"https:\/\/splapszanka.lapszenizne.pl\/index.php\/wp-json\/wp\/v2\/media?parent=1404"}],"wp:term":[{"taxonomy":"category","embeddable":true,"href":"https:\/\/splapszanka.lapszenizne.pl\/index.php\/wp-json\/wp\/v2\/categories?post=1404"},{"taxonomy":"post_tag","embeddable":true,"href":"https:\/\/splapszanka.lapszenizne.pl\/index.php\/wp-json\/wp\/v2\/tags?post=1404"}],"curies":[{"name":"wp","href":"https:\/\/api.w.org\/{rel}","templated":true}]}}