{"id":1370,"date":"2022-01-26T13:02:41","date_gmt":"2022-01-26T12:02:41","guid":{"rendered":"https:\/\/splapszanka.lapszenizne.pl\/?p=1370"},"modified":"2022-01-26T13:02:41","modified_gmt":"2022-01-26T12:02:41","slug":"dyzury-psychoterapeuty","status":"publish","type":"post","link":"https:\/\/splapszanka.lapszenizne.pl\/index.php\/2022\/01\/26\/dyzury-psychoterapeuty\/","title":{"rendered":"Dy\u017cury psychoterapeuty"},"content":{"rendered":"<p>Szanowni Pa\u0144stwo,<\/p>\n<p>Wzorem lat ubieg\u0142ych O\u015brodek Pomocy Spo\u0142ecznej w \u0141apszach Ni\u017cnych kontynuuje projekt Centrum Rozwoju Rodziny w Gminie \u0141apsze Ni\u017cne. W 2022 r. w ramach zadania zaplanowano wsparcie psychoterapeuty, radcy prawnego i mediatora. Ponadto ruszamy z nowym zadaniem: \u201eSzko\u0142a dla Rodzic\u00f3w\u201d.<span id=\"more-3169\"><\/span><\/p>\n<p>Radca prawny i mediator rozpoczn\u0105 swoje dy\u017cury w marcu. R\u00f3wnie\u017c na marzec zaplanowano pierwsze spotkanie \u201eSzko\u0142y dla Rodzic\u00f3w\u201d.<\/p>\n<p>Zapraszam rodzic\u00f3w, kt\u00f3rym zale\u017cy na g\u0142\u0119bszych i cieplejszych relacjach z dzie\u0107mi, otwartym porozumiewaniu si\u0119 w rodzinie i zbudowaniu silnych wi\u0119zi do uczestnictwa<br \/>\nw programie Szko\u0142a dla Rodzic\u00f3w. Z uwagi na ograniczon\u0105 liczb\u0119 miejsc osoby zainteresowane proszone s\u0105 o kontakt telefoniczny, elektroniczny lub osobi\u015bcie z pracownikami O\u015brodka Pomocy Spo\u0142ecznej w \u0141apszach Ni\u017cnych. Zapisy trwaj\u0105 do 20 lutego 2022 r.<\/p>\n<p>Dane kontaktowe:<\/p>\n<p>tel. 18 265 91 45,<\/p>\n<p>e-mail: ops@lapszenizne.pl , m.grywalska@lapszenizne.pl ,\u00a0<a role=\"link\" href=\"mailto:a.polczyk@lapszenizne.pl\">a.polczyk@lapszenizne.pl<\/a><\/p>\n<p>&nbsp;<\/p>\n<p>Od stycznia wsparcia udziela Psychoterapeuta Pani Marzena Bandyk, z kt\u00f3r\u0105 mo\u017cecie Pa\u0144stwo kontaktowa\u0107 si\u0119 bezpo\u015brednio pod nr telefonu 606 515\u00a0717 lub umawia\u0107 na spotkania<br \/>\nza po\u015brednictwem pracownik\u00f3w socjalnych tutejszego O\u015brodka pod nr 18\u00a0265 91 45.<\/p>\n<p>Najbli\u017csze dy\u017cury psychoterapeuty odb\u0119d\u0105 si\u0119:<\/p>\n<p>Luty: 19 i 26 w godzinach od 8:00 do 16:30<\/p>\n<p>Marzec: 12 i 26 w godzinach 8:00 do 16:30<\/p>\n<p>Kwiecie\u0144: 23 i 30 w godzinach 8:00 do 16:30.<\/p>\n<p>Przypominam, \u017ce wsparcie jest bezp\u0142atne i adresowane do wszystkich mieszka\u0144c\u00f3w Gminy \u0141apsze Ni\u017cne.<\/p>\n<p>&nbsp;<\/p>\n<p>Z powa\u017caniem<\/p>\n<p>Magdalena Grywalska<\/p>\n<p>Kierownik O\u015brodka Pomocy Spo\u0142ecznej w \u0141apszach Ni\u017cnych.<\/p>\n","protected":false},"excerpt":{"rendered":"<p>Szanowni Pa\u0144stwo, Wzorem lat ubieg\u0142ych O\u015brodek Pomocy Spo\u0142ecznej w \u0141apszach Ni\u017cnych kontynuuje projekt Centrum Rozwoju Rodziny w Gminie \u0141apsze Ni\u017cne. W 2022 r. w ramach zadania zaplanowano wsparcie psychoterapeuty, radcy prawnego i mediatora. Ponadto ruszamy z nowym zadaniem: \u201eSzko\u0142a dla <a href=\"https:\/\/splapszanka.lapszenizne.pl\/index.php\/2022\/01\/26\/dyzury-psychoterapeuty\/\" class=\"read-more\">Czytaj Dalej<\/a><\/p>\n","protected":false},"author":2,"featured_media":1371,"comment_status":"closed","ping_status":"open","sticky":false,"template":"","format":"standard","meta":{"footnotes":""},"categories":[1],"tags":[],"class_list":["post-1370","post","type-post","status-publish","format-standard","has-post-thumbnail","hentry","category-aktualnosci"],"yoast_head":"<!-- This site is optimized with the Yoast SEO plugin v27.0 - https:\/\/yoast.com\/product\/yoast-seo-wordpress\/ -->\n<title>Dy\u017cury psychoterapeuty - Szko\u0142a Podstawowa w \u0141apszance<\/title>\n<meta name=\"robots\" content=\"index, follow, max-snippet:-1, max-image-preview:large, max-video-preview:-1\" \/>\n<link rel=\"canonical\" href=\"https:\/\/splapszanka.lapszenizne.pl\/index.php\/2022\/01\/26\/dyzury-psychoterapeuty\/\" \/>\n<meta property=\"og:locale\" content=\"pl_PL\" \/>\n<meta property=\"og:type\" content=\"article\" \/>\n<meta property=\"og:title\" content=\"Dy\u017cury psychoterapeuty - Szko\u0142a Podstawowa w \u0141apszance\" \/>\n<meta property=\"og:description\" content=\"Szanowni Pa\u0144stwo, Wzorem lat ubieg\u0142ych O\u015brodek Pomocy Spo\u0142ecznej w \u0141apszach Ni\u017cnych kontynuuje projekt Centrum Rozwoju Rodziny w Gminie \u0141apsze Ni\u017cne. W 2022 r. w ramach zadania zaplanowano wsparcie psychoterapeuty, radcy prawnego i mediatora. Ponadto ruszamy z nowym zadaniem: \u201eSzko\u0142a dla Czytaj Dalej\" \/>\n<meta property=\"og:url\" content=\"https:\/\/splapszanka.lapszenizne.pl\/index.php\/2022\/01\/26\/dyzury-psychoterapeuty\/\" \/>\n<meta property=\"og:site_name\" content=\"Szko\u0142a Podstawowa w \u0141apszance\" \/>\n<meta property=\"article:published_time\" content=\"2022-01-26T12:02:41+00:00\" \/>\n<meta property=\"og:image\" content=\"https:\/\/splapszanka.lapszenizne.pl\/wp-content\/uploads\/2022\/01\/images.png\" \/>\n\t<meta property=\"og:image:width\" content=\"402\" \/>\n\t<meta property=\"og:image:height\" content=\"125\" \/>\n\t<meta property=\"og:image:type\" content=\"image\/png\" \/>\n<meta name=\"author\" content=\"Ma\u0142gorzata Kami\u0144ska\" \/>\n<meta name=\"twitter:card\" content=\"summary_large_image\" \/>\n<meta name=\"twitter:label1\" content=\"Napisane przez\" \/>\n\t<meta name=\"twitter:data1\" content=\"Ma\u0142gorzata Kami\u0144ska\" \/>\n\t<meta name=\"twitter:label2\" content=\"Szacowany czas czytania\" \/>\n\t<meta name=\"twitter:data2\" content=\"1 minuta\" \/>\n<script type=\"application\/ld+json\" class=\"yoast-schema-graph\">{\"@context\":\"https:\/\/schema.org\",\"@graph\":[{\"@type\":\"Article\",\"@id\":\"https:\/\/splapszanka.lapszenizne.pl\/index.php\/2022\/01\/26\/dyzury-psychoterapeuty\/#article\",\"isPartOf\":{\"@id\":\"https:\/\/splapszanka.lapszenizne.pl\/index.php\/2022\/01\/26\/dyzury-psychoterapeuty\/\"},\"author\":{\"name\":\"Ma\u0142gorzata Kami\u0144ska\",\"@id\":\"https:\/\/splapszanka.lapszenizne.pl\/#\/schema\/person\/7966120f2db6326caa37187324bc225e\"},\"headline\":\"Dy\u017cury psychoterapeuty\",\"datePublished\":\"2022-01-26T12:02:41+00:00\",\"mainEntityOfPage\":{\"@id\":\"https:\/\/splapszanka.lapszenizne.pl\/index.php\/2022\/01\/26\/dyzury-psychoterapeuty\/\"},\"wordCount\":251,\"publisher\":{\"@id\":\"https:\/\/splapszanka.lapszenizne.pl\/#organization\"},\"image\":{\"@id\":\"https:\/\/splapszanka.lapszenizne.pl\/index.php\/2022\/01\/26\/dyzury-psychoterapeuty\/#primaryimage\"},\"thumbnailUrl\":\"https:\/\/splapszanka.lapszenizne.pl\/wp-content\/uploads\/2022\/01\/images.png\",\"articleSection\":[\"Aktualno\u015bci\"],\"inLanguage\":\"pl-PL\"},{\"@type\":\"WebPage\",\"@id\":\"https:\/\/splapszanka.lapszenizne.pl\/index.php\/2022\/01\/26\/dyzury-psychoterapeuty\/\",\"url\":\"https:\/\/splapszanka.lapszenizne.pl\/index.php\/2022\/01\/26\/dyzury-psychoterapeuty\/\",\"name\":\"Dy\u017cury psychoterapeuty - Szko\u0142a Podstawowa w \u0141apszance\",\"isPartOf\":{\"@id\":\"https:\/\/splapszanka.lapszenizne.pl\/#website\"},\"primaryImageOfPage\":{\"@id\":\"https:\/\/splapszanka.lapszenizne.pl\/index.php\/2022\/01\/26\/dyzury-psychoterapeuty\/#primaryimage\"},\"image\":{\"@id\":\"https:\/\/splapszanka.lapszenizne.pl\/index.php\/2022\/01\/26\/dyzury-psychoterapeuty\/#primaryimage\"},\"thumbnailUrl\":\"https:\/\/splapszanka.lapszenizne.pl\/wp-content\/uploads\/2022\/01\/images.png\",\"datePublished\":\"2022-01-26T12:02:41+00:00\",\"breadcrumb\":{\"@id\":\"https:\/\/splapszanka.lapszenizne.pl\/index.php\/2022\/01\/26\/dyzury-psychoterapeuty\/#breadcrumb\"},\"inLanguage\":\"pl-PL\",\"potentialAction\":[{\"@type\":\"ReadAction\",\"target\":[\"https:\/\/splapszanka.lapszenizne.pl\/index.php\/2022\/01\/26\/dyzury-psychoterapeuty\/\"]}]},{\"@type\":\"ImageObject\",\"inLanguage\":\"pl-PL\",\"@id\":\"https:\/\/splapszanka.lapszenizne.pl\/index.php\/2022\/01\/26\/dyzury-psychoterapeuty\/#primaryimage\",\"url\":\"https:\/\/splapszanka.lapszenizne.pl\/wp-content\/uploads\/2022\/01\/images.png\",\"contentUrl\":\"https:\/\/splapszanka.lapszenizne.pl\/wp-content\/uploads\/2022\/01\/images.png\",\"width\":402,\"height\":125,\"caption\":\"O\u015brodek pomocy spo\u0142ecznej w \u0141apszach Ni\u017cnych\"},{\"@type\":\"BreadcrumbList\",\"@id\":\"https:\/\/splapszanka.lapszenizne.pl\/index.php\/2022\/01\/26\/dyzury-psychoterapeuty\/#breadcrumb\",\"itemListElement\":[{\"@type\":\"ListItem\",\"position\":1,\"name\":\"Strona g\u0142\u00f3wna\",\"item\":\"https:\/\/splapszanka.lapszenizne.pl\/\"},{\"@type\":\"ListItem\",\"position\":2,\"name\":\"Dy\u017cury psychoterapeuty\"}]},{\"@type\":\"WebSite\",\"@id\":\"https:\/\/splapszanka.lapszenizne.pl\/#website\",\"url\":\"https:\/\/splapszanka.lapszenizne.pl\/\",\"name\":\"Szko\u0142a Podstawowa w \u0141apszance\",\"description\":\"\u0141apszanka ul. D\u0142uga 35,  34-442 \u0141apsze Ni\u017cne,  woj. ma\u0142opolskie\",\"publisher\":{\"@id\":\"https:\/\/splapszanka.lapszenizne.pl\/#organization\"},\"potentialAction\":[{\"@type\":\"SearchAction\",\"target\":{\"@type\":\"EntryPoint\",\"urlTemplate\":\"https:\/\/splapszanka.lapszenizne.pl\/?s={search_term_string}\"},\"query-input\":{\"@type\":\"PropertyValueSpecification\",\"valueRequired\":true,\"valueName\":\"search_term_string\"}}],\"inLanguage\":\"pl-PL\"},{\"@type\":\"Organization\",\"@id\":\"https:\/\/splapszanka.lapszenizne.pl\/#organization\",\"name\":\"Szko\u0142a Podstawowa w \u0141apszance\",\"url\":\"https:\/\/splapszanka.lapszenizne.pl\/\",\"logo\":{\"@type\":\"ImageObject\",\"inLanguage\":\"pl-PL\",\"@id\":\"https:\/\/splapszanka.lapszenizne.pl\/#\/schema\/logo\/image\/\",\"url\":\"https:\/\/splapszanka.lapszenizne.pl\/wp-content\/uploads\/2020\/03\/cropped-75328783_1588584124617847_5132413514161324032_o.jpg\",\"contentUrl\":\"https:\/\/splapszanka.lapszenizne.pl\/wp-content\/uploads\/2020\/03\/cropped-75328783_1588584124617847_5132413514161324032_o.jpg\",\"width\":1830,\"height\":1202,\"caption\":\"Szko\u0142a Podstawowa w \u0141apszance\"},\"image\":{\"@id\":\"https:\/\/splapszanka.lapszenizne.pl\/#\/schema\/logo\/image\/\"}},{\"@type\":\"Person\",\"@id\":\"https:\/\/splapszanka.lapszenizne.pl\/#\/schema\/person\/7966120f2db6326caa37187324bc225e\",\"name\":\"Ma\u0142gorzata Kami\u0144ska\",\"image\":{\"@type\":\"ImageObject\",\"inLanguage\":\"pl-PL\",\"@id\":\"https:\/\/splapszanka.lapszenizne.pl\/#\/schema\/person\/image\/\",\"url\":\"https:\/\/secure.gravatar.com\/avatar\/7b25bd82d8287490c4c46d998eb38a88d0aa38fdf79ec1329f845d553d730d06?s=96&d=mm&r=g\",\"contentUrl\":\"https:\/\/secure.gravatar.com\/avatar\/7b25bd82d8287490c4c46d998eb38a88d0aa38fdf79ec1329f845d553d730d06?s=96&d=mm&r=g\",\"caption\":\"Ma\u0142gorzata Kami\u0144ska\"},\"url\":\"https:\/\/splapszanka.lapszenizne.pl\/index.php\/author\/gosia\/\"}]}<\/script>\n<!-- \/ Yoast SEO plugin. -->","yoast_head_json":{"title":"Dy\u017cury psychoterapeuty - Szko\u0142a Podstawowa w \u0141apszance","robots":{"index":"index","follow":"follow","max-snippet":"max-snippet:-1","max-image-preview":"max-image-preview:large","max-video-preview":"max-video-preview:-1"},"canonical":"https:\/\/splapszanka.lapszenizne.pl\/index.php\/2022\/01\/26\/dyzury-psychoterapeuty\/","og_locale":"pl_PL","og_type":"article","og_title":"Dy\u017cury psychoterapeuty - Szko\u0142a Podstawowa w \u0141apszance","og_description":"Szanowni Pa\u0144stwo, Wzorem lat ubieg\u0142ych O\u015brodek Pomocy Spo\u0142ecznej w \u0141apszach Ni\u017cnych kontynuuje projekt Centrum Rozwoju Rodziny w Gminie \u0141apsze Ni\u017cne. W 2022 r. w ramach zadania zaplanowano wsparcie psychoterapeuty, radcy prawnego i mediatora. Ponadto ruszamy z nowym zadaniem: \u201eSzko\u0142a dla Czytaj Dalej","og_url":"https:\/\/splapszanka.lapszenizne.pl\/index.php\/2022\/01\/26\/dyzury-psychoterapeuty\/","og_site_name":"Szko\u0142a Podstawowa w \u0141apszance","article_published_time":"2022-01-26T12:02:41+00:00","og_image":[{"width":402,"height":125,"url":"https:\/\/splapszanka.lapszenizne.pl\/wp-content\/uploads\/2022\/01\/images.png","type":"image\/png"}],"author":"Ma\u0142gorzata Kami\u0144ska","twitter_card":"summary_large_image","twitter_misc":{"Napisane przez":"Ma\u0142gorzata Kami\u0144ska","Szacowany czas czytania":"1 minuta"},"schema":{"@context":"https:\/\/schema.org","@graph":[{"@type":"Article","@id":"https:\/\/splapszanka.lapszenizne.pl\/index.php\/2022\/01\/26\/dyzury-psychoterapeuty\/#article","isPartOf":{"@id":"https:\/\/splapszanka.lapszenizne.pl\/index.php\/2022\/01\/26\/dyzury-psychoterapeuty\/"},"author":{"name":"Ma\u0142gorzata Kami\u0144ska","@id":"https:\/\/splapszanka.lapszenizne.pl\/#\/schema\/person\/7966120f2db6326caa37187324bc225e"},"headline":"Dy\u017cury psychoterapeuty","datePublished":"2022-01-26T12:02:41+00:00","mainEntityOfPage":{"@id":"https:\/\/splapszanka.lapszenizne.pl\/index.php\/2022\/01\/26\/dyzury-psychoterapeuty\/"},"wordCount":251,"publisher":{"@id":"https:\/\/splapszanka.lapszenizne.pl\/#organization"},"image":{"@id":"https:\/\/splapszanka.lapszenizne.pl\/index.php\/2022\/01\/26\/dyzury-psychoterapeuty\/#primaryimage"},"thumbnailUrl":"https:\/\/splapszanka.lapszenizne.pl\/wp-content\/uploads\/2022\/01\/images.png","articleSection":["Aktualno\u015bci"],"inLanguage":"pl-PL"},{"@type":"WebPage","@id":"https:\/\/splapszanka.lapszenizne.pl\/index.php\/2022\/01\/26\/dyzury-psychoterapeuty\/","url":"https:\/\/splapszanka.lapszenizne.pl\/index.php\/2022\/01\/26\/dyzury-psychoterapeuty\/","name":"Dy\u017cury psychoterapeuty - Szko\u0142a Podstawowa w \u0141apszance","isPartOf":{"@id":"https:\/\/splapszanka.lapszenizne.pl\/#website"},"primaryImageOfPage":{"@id":"https:\/\/splapszanka.lapszenizne.pl\/index.php\/2022\/01\/26\/dyzury-psychoterapeuty\/#primaryimage"},"image":{"@id":"https:\/\/splapszanka.lapszenizne.pl\/index.php\/2022\/01\/26\/dyzury-psychoterapeuty\/#primaryimage"},"thumbnailUrl":"https:\/\/splapszanka.lapszenizne.pl\/wp-content\/uploads\/2022\/01\/images.png","datePublished":"2022-01-26T12:02:41+00:00","breadcrumb":{"@id":"https:\/\/splapszanka.lapszenizne.pl\/index.php\/2022\/01\/26\/dyzury-psychoterapeuty\/#breadcrumb"},"inLanguage":"pl-PL","potentialAction":[{"@type":"ReadAction","target":["https:\/\/splapszanka.lapszenizne.pl\/index.php\/2022\/01\/26\/dyzury-psychoterapeuty\/"]}]},{"@type":"ImageObject","inLanguage":"pl-PL","@id":"https:\/\/splapszanka.lapszenizne.pl\/index.php\/2022\/01\/26\/dyzury-psychoterapeuty\/#primaryimage","url":"https:\/\/splapszanka.lapszenizne.pl\/wp-content\/uploads\/2022\/01\/images.png","contentUrl":"https:\/\/splapszanka.lapszenizne.pl\/wp-content\/uploads\/2022\/01\/images.png","width":402,"height":125,"caption":"O\u015brodek pomocy spo\u0142ecznej w \u0141apszach Ni\u017cnych"},{"@type":"BreadcrumbList","@id":"https:\/\/splapszanka.lapszenizne.pl\/index.php\/2022\/01\/26\/dyzury-psychoterapeuty\/#breadcrumb","itemListElement":[{"@type":"ListItem","position":1,"name":"Strona g\u0142\u00f3wna","item":"https:\/\/splapszanka.lapszenizne.pl\/"},{"@type":"ListItem","position":2,"name":"Dy\u017cury psychoterapeuty"}]},{"@type":"WebSite","@id":"https:\/\/splapszanka.lapszenizne.pl\/#website","url":"https:\/\/splapszanka.lapszenizne.pl\/","name":"Szko\u0142a Podstawowa w \u0141apszance","description":"\u0141apszanka ul. D\u0142uga 35,  34-442 \u0141apsze Ni\u017cne,  woj. ma\u0142opolskie","publisher":{"@id":"https:\/\/splapszanka.lapszenizne.pl\/#organization"},"potentialAction":[{"@type":"SearchAction","target":{"@type":"EntryPoint","urlTemplate":"https:\/\/splapszanka.lapszenizne.pl\/?s={search_term_string}"},"query-input":{"@type":"PropertyValueSpecification","valueRequired":true,"valueName":"search_term_string"}}],"inLanguage":"pl-PL"},{"@type":"Organization","@id":"https:\/\/splapszanka.lapszenizne.pl\/#organization","name":"Szko\u0142a Podstawowa w \u0141apszance","url":"https:\/\/splapszanka.lapszenizne.pl\/","logo":{"@type":"ImageObject","inLanguage":"pl-PL","@id":"https:\/\/splapszanka.lapszenizne.pl\/#\/schema\/logo\/image\/","url":"https:\/\/splapszanka.lapszenizne.pl\/wp-content\/uploads\/2020\/03\/cropped-75328783_1588584124617847_5132413514161324032_o.jpg","contentUrl":"https:\/\/splapszanka.lapszenizne.pl\/wp-content\/uploads\/2020\/03\/cropped-75328783_1588584124617847_5132413514161324032_o.jpg","width":1830,"height":1202,"caption":"Szko\u0142a Podstawowa w \u0141apszance"},"image":{"@id":"https:\/\/splapszanka.lapszenizne.pl\/#\/schema\/logo\/image\/"}},{"@type":"Person","@id":"https:\/\/splapszanka.lapszenizne.pl\/#\/schema\/person\/7966120f2db6326caa37187324bc225e","name":"Ma\u0142gorzata Kami\u0144ska","image":{"@type":"ImageObject","inLanguage":"pl-PL","@id":"https:\/\/splapszanka.lapszenizne.pl\/#\/schema\/person\/image\/","url":"https:\/\/secure.gravatar.com\/avatar\/7b25bd82d8287490c4c46d998eb38a88d0aa38fdf79ec1329f845d553d730d06?s=96&d=mm&r=g","contentUrl":"https:\/\/secure.gravatar.com\/avatar\/7b25bd82d8287490c4c46d998eb38a88d0aa38fdf79ec1329f845d553d730d06?s=96&d=mm&r=g","caption":"Ma\u0142gorzata Kami\u0144ska"},"url":"https:\/\/splapszanka.lapszenizne.pl\/index.php\/author\/gosia\/"}]}},"_links":{"self":[{"href":"https:\/\/splapszanka.lapszenizne.pl\/index.php\/wp-json\/wp\/v2\/posts\/1370","targetHints":{"allow":["GET"]}}],"collection":[{"href":"https:\/\/splapszanka.lapszenizne.pl\/index.php\/wp-json\/wp\/v2\/posts"}],"about":[{"href":"https:\/\/splapszanka.lapszenizne.pl\/index.php\/wp-json\/wp\/v2\/types\/post"}],"author":[{"embeddable":true,"href":"https:\/\/splapszanka.lapszenizne.pl\/index.php\/wp-json\/wp\/v2\/users\/2"}],"replies":[{"embeddable":true,"href":"https:\/\/splapszanka.lapszenizne.pl\/index.php\/wp-json\/wp\/v2\/comments?post=1370"}],"version-history":[{"count":1,"href":"https:\/\/splapszanka.lapszenizne.pl\/index.php\/wp-json\/wp\/v2\/posts\/1370\/revisions"}],"predecessor-version":[{"id":1372,"href":"https:\/\/splapszanka.lapszenizne.pl\/index.php\/wp-json\/wp\/v2\/posts\/1370\/revisions\/1372"}],"wp:featuredmedia":[{"embeddable":true,"href":"https:\/\/splapszanka.lapszenizne.pl\/index.php\/wp-json\/wp\/v2\/media\/1371"}],"wp:attachment":[{"href":"https:\/\/splapszanka.lapszenizne.pl\/index.php\/wp-json\/wp\/v2\/media?parent=1370"}],"wp:term":[{"taxonomy":"category","embeddable":true,"href":"https:\/\/splapszanka.lapszenizne.pl\/index.php\/wp-json\/wp\/v2\/categories?post=1370"},{"taxonomy":"post_tag","embeddable":true,"href":"https:\/\/splapszanka.lapszenizne.pl\/index.php\/wp-json\/wp\/v2\/tags?post=1370"}],"curies":[{"name":"wp","href":"https:\/\/api.w.org\/{rel}","templated":true}]}}