{"id":1322,"date":"2021-12-13T15:21:27","date_gmt":"2021-12-13T14:21:27","guid":{"rendered":"https:\/\/splapszanka.lapszenizne.pl\/?p=1322"},"modified":"2021-12-13T17:25:11","modified_gmt":"2021-12-13T16:25:11","slug":"zapal-swiatlo-wolnosci-zachecamy-do-udzialu-w-obchodach-40-rocznicy-wybuchu-stanu-wojennego","status":"publish","type":"post","link":"https:\/\/splapszanka.lapszenizne.pl\/index.php\/2021\/12\/13\/zapal-swiatlo-wolnosci-zachecamy-do-udzialu-w-obchodach-40-rocznicy-wybuchu-stanu-wojennego\/","title":{"rendered":"\u201eZapal \u015awiat\u0142o Wolno\u015bci\u201d \u2013 zach\u0119camy do udzia\u0142u w obchodach 40. rocznicy wybuchu stanu wojennego"},"content":{"rendered":"<p>Szanowni Pa\u0144stwo!<\/p>\n<p style=\"text-align: left;\">W poniedzia\u0142ek, 13 grudnia o godz. 19:30 w oknach dom\u00f3w, urz\u0119d\u00f3w i instytucji publicznych rozb\u0142ysn\u0105 \u015bwiece na znak pami\u0119ci o ofiarach stanu wojennego i osobach prze\u015bladowanych przez re\u017cim komunistyczny. Akcja nawi\u0105zuje do gestu, jakim na pocz\u0105tku lat 80. Polacy, a tak\u017ce inni mieszka\u0144cy wolnego \u015bwiata wyra\u017cali sprzeciw wobec brutalnej polityki w\u0142adz PRL. W ramach inicjatywy mo\u017cna zapali\u0107 tak\u017ce wirtualne \u015bwiat\u0142o wolno\u015bci na stronie IPNhttps:\/\/<a href=\"http:\/\/swiatlowolnosci.ipn.gov.pl\/\" target=\"_blank\" rel=\"noopener noreferrer\" data-saferedirecturl=\"https:\/\/www.google.com\/url?q=http:\/\/swiatlowolnosci.ipn.gov.pl\/&amp;source=gmail&amp;ust=1639498830316000&amp;usg=AOvVaw33vceYIURCc2uO6664gEV0\">swiatlowolnosci.ipn<wbr \/>.gov.pl\/<\/a>.<br \/>\nSerdecznie zach\u0119camy Pa\u0144stwa do w\u0142\u0105czenia si\u0119 w t\u0119 wa\u017cn\u0105 i niezwykle symboliczn\u0105 inicjatyw\u0119. Apel o zapalenie \u015bwiec pami\u0119ci w 40. rocznic\u0119 wprowadzenia stanu wojennego skierowa\u0142 do wszystkich Polak\u00f3w prezydent Andrzej Duda <a href=\"https:\/\/www.youtube.com\/watch?v=qk7oaQp7kBg\" target=\"_blank\" rel=\"noopener noreferrer\" data-saferedirecturl=\"https:\/\/www.google.com\/url?q=https:\/\/www.youtube.com\/watch?v%3Dqk7oaQp7kBg&amp;source=gmail&amp;ust=1639498830316000&amp;usg=AOvVaw0M-HcUu7RlpFsqpnF60XsW\">https:\/\/www.youtube.com\/watch?<wbr \/>v=qk7oaQp7kBg<\/a>.<\/p>\n<p style=\"text-align: right;\">\nZ wyrazami szacunku<br \/>\nAnna Ostrowska<br \/>\nRzecznik Prasowy<br \/>\nMinisterstwo Edukacji i Nauki<\/p>\n","protected":false},"excerpt":{"rendered":"<p>Szanowni Pa\u0144stwo! W poniedzia\u0142ek, 13 grudnia o godz. 19:30 w oknach dom\u00f3w, urz\u0119d\u00f3w i instytucji publicznych rozb\u0142ysn\u0105 \u015bwiece na znak pami\u0119ci o ofiarach stanu wojennego i osobach prze\u015bladowanych przez re\u017cim komunistyczny. Akcja nawi\u0105zuje do gestu, jakim na pocz\u0105tku lat 80. <a href=\"https:\/\/splapszanka.lapszenizne.pl\/index.php\/2021\/12\/13\/zapal-swiatlo-wolnosci-zachecamy-do-udzialu-w-obchodach-40-rocznicy-wybuchu-stanu-wojennego\/\" class=\"read-more\">Czytaj Dalej<\/a><\/p>\n","protected":false},"author":2,"featured_media":1323,"comment_status":"closed","ping_status":"open","sticky":false,"template":"","format":"standard","meta":{"footnotes":""},"categories":[1],"tags":[],"class_list":["post-1322","post","type-post","status-publish","format-standard","has-post-thumbnail","hentry","category-aktualnosci"],"yoast_head":"<!-- This site is optimized with the Yoast SEO plugin v27.0 - https:\/\/yoast.com\/product\/yoast-seo-wordpress\/ -->\n<title>\u201eZapal \u015awiat\u0142o Wolno\u015bci\u201d \u2013 zach\u0119camy do udzia\u0142u w obchodach 40. rocznicy wybuchu stanu wojennego - Szko\u0142a Podstawowa w \u0141apszance<\/title>\n<meta name=\"robots\" content=\"index, follow, max-snippet:-1, max-image-preview:large, max-video-preview:-1\" \/>\n<link rel=\"canonical\" href=\"https:\/\/splapszanka.lapszenizne.pl\/index.php\/2021\/12\/13\/zapal-swiatlo-wolnosci-zachecamy-do-udzialu-w-obchodach-40-rocznicy-wybuchu-stanu-wojennego\/\" \/>\n<meta property=\"og:locale\" content=\"pl_PL\" \/>\n<meta property=\"og:type\" content=\"article\" \/>\n<meta property=\"og:title\" content=\"\u201eZapal \u015awiat\u0142o Wolno\u015bci\u201d \u2013 zach\u0119camy do udzia\u0142u w obchodach 40. rocznicy wybuchu stanu wojennego - Szko\u0142a Podstawowa w \u0141apszance\" \/>\n<meta property=\"og:description\" content=\"Szanowni Pa\u0144stwo! W poniedzia\u0142ek, 13 grudnia o godz. 19:30 w oknach dom\u00f3w, urz\u0119d\u00f3w i instytucji publicznych rozb\u0142ysn\u0105 \u015bwiece na znak pami\u0119ci o ofiarach stanu wojennego i osobach prze\u015bladowanych przez re\u017cim komunistyczny. Akcja nawi\u0105zuje do gestu, jakim na pocz\u0105tku lat 80. Czytaj Dalej\" \/>\n<meta property=\"og:url\" content=\"https:\/\/splapszanka.lapszenizne.pl\/index.php\/2021\/12\/13\/zapal-swiatlo-wolnosci-zachecamy-do-udzialu-w-obchodach-40-rocznicy-wybuchu-stanu-wojennego\/\" \/>\n<meta property=\"og:site_name\" content=\"Szko\u0142a Podstawowa w \u0141apszance\" \/>\n<meta property=\"article:published_time\" content=\"2021-12-13T14:21:27+00:00\" \/>\n<meta property=\"article:modified_time\" content=\"2021-12-13T16:25:11+00:00\" \/>\n<meta property=\"og:image\" content=\"https:\/\/splapszanka.lapszenizne.pl\/wp-content\/uploads\/2021\/12\/grafikazapalswiatlowolnosci.jpg\" \/>\n\t<meta property=\"og:image:width\" content=\"1920\" \/>\n\t<meta property=\"og:image:height\" content=\"1080\" \/>\n\t<meta property=\"og:image:type\" content=\"image\/jpeg\" \/>\n<meta name=\"author\" content=\"Ma\u0142gorzata Kami\u0144ska\" \/>\n<meta name=\"twitter:card\" content=\"summary_large_image\" \/>\n<meta name=\"twitter:label1\" content=\"Napisane przez\" \/>\n\t<meta name=\"twitter:data1\" content=\"Ma\u0142gorzata Kami\u0144ska\" \/>\n\t<meta name=\"twitter:label2\" content=\"Szacowany czas czytania\" \/>\n\t<meta name=\"twitter:data2\" content=\"1 minuta\" \/>\n<script type=\"application\/ld+json\" class=\"yoast-schema-graph\">{\"@context\":\"https:\/\/schema.org\",\"@graph\":[{\"@type\":\"Article\",\"@id\":\"https:\/\/splapszanka.lapszenizne.pl\/index.php\/2021\/12\/13\/zapal-swiatlo-wolnosci-zachecamy-do-udzialu-w-obchodach-40-rocznicy-wybuchu-stanu-wojennego\/#article\",\"isPartOf\":{\"@id\":\"https:\/\/splapszanka.lapszenizne.pl\/index.php\/2021\/12\/13\/zapal-swiatlo-wolnosci-zachecamy-do-udzialu-w-obchodach-40-rocznicy-wybuchu-stanu-wojennego\/\"},\"author\":{\"name\":\"Ma\u0142gorzata Kami\u0144ska\",\"@id\":\"https:\/\/splapszanka.lapszenizne.pl\/#\/schema\/person\/7966120f2db6326caa37187324bc225e\"},\"headline\":\"\u201eZapal \u015awiat\u0142o Wolno\u015bci\u201d \u2013 zach\u0119camy do udzia\u0142u w obchodach 40. rocznicy wybuchu stanu wojennego\",\"datePublished\":\"2021-12-13T14:21:27+00:00\",\"dateModified\":\"2021-12-13T16:25:11+00:00\",\"mainEntityOfPage\":{\"@id\":\"https:\/\/splapszanka.lapszenizne.pl\/index.php\/2021\/12\/13\/zapal-swiatlo-wolnosci-zachecamy-do-udzialu-w-obchodach-40-rocznicy-wybuchu-stanu-wojennego\/\"},\"wordCount\":158,\"publisher\":{\"@id\":\"https:\/\/splapszanka.lapszenizne.pl\/#organization\"},\"image\":{\"@id\":\"https:\/\/splapszanka.lapszenizne.pl\/index.php\/2021\/12\/13\/zapal-swiatlo-wolnosci-zachecamy-do-udzialu-w-obchodach-40-rocznicy-wybuchu-stanu-wojennego\/#primaryimage\"},\"thumbnailUrl\":\"https:\/\/splapszanka.lapszenizne.pl\/wp-content\/uploads\/2021\/12\/grafikazapalswiatlowolnosci.jpg\",\"articleSection\":[\"Aktualno\u015bci\"],\"inLanguage\":\"pl-PL\"},{\"@type\":\"WebPage\",\"@id\":\"https:\/\/splapszanka.lapszenizne.pl\/index.php\/2021\/12\/13\/zapal-swiatlo-wolnosci-zachecamy-do-udzialu-w-obchodach-40-rocznicy-wybuchu-stanu-wojennego\/\",\"url\":\"https:\/\/splapszanka.lapszenizne.pl\/index.php\/2021\/12\/13\/zapal-swiatlo-wolnosci-zachecamy-do-udzialu-w-obchodach-40-rocznicy-wybuchu-stanu-wojennego\/\",\"name\":\"\u201eZapal \u015awiat\u0142o Wolno\u015bci\u201d \u2013 zach\u0119camy do udzia\u0142u w obchodach 40. rocznicy wybuchu stanu wojennego - Szko\u0142a Podstawowa w \u0141apszance\",\"isPartOf\":{\"@id\":\"https:\/\/splapszanka.lapszenizne.pl\/#website\"},\"primaryImageOfPage\":{\"@id\":\"https:\/\/splapszanka.lapszenizne.pl\/index.php\/2021\/12\/13\/zapal-swiatlo-wolnosci-zachecamy-do-udzialu-w-obchodach-40-rocznicy-wybuchu-stanu-wojennego\/#primaryimage\"},\"image\":{\"@id\":\"https:\/\/splapszanka.lapszenizne.pl\/index.php\/2021\/12\/13\/zapal-swiatlo-wolnosci-zachecamy-do-udzialu-w-obchodach-40-rocznicy-wybuchu-stanu-wojennego\/#primaryimage\"},\"thumbnailUrl\":\"https:\/\/splapszanka.lapszenizne.pl\/wp-content\/uploads\/2021\/12\/grafikazapalswiatlowolnosci.jpg\",\"datePublished\":\"2021-12-13T14:21:27+00:00\",\"dateModified\":\"2021-12-13T16:25:11+00:00\",\"breadcrumb\":{\"@id\":\"https:\/\/splapszanka.lapszenizne.pl\/index.php\/2021\/12\/13\/zapal-swiatlo-wolnosci-zachecamy-do-udzialu-w-obchodach-40-rocznicy-wybuchu-stanu-wojennego\/#breadcrumb\"},\"inLanguage\":\"pl-PL\",\"potentialAction\":[{\"@type\":\"ReadAction\",\"target\":[\"https:\/\/splapszanka.lapszenizne.pl\/index.php\/2021\/12\/13\/zapal-swiatlo-wolnosci-zachecamy-do-udzialu-w-obchodach-40-rocznicy-wybuchu-stanu-wojennego\/\"]}]},{\"@type\":\"ImageObject\",\"inLanguage\":\"pl-PL\",\"@id\":\"https:\/\/splapszanka.lapszenizne.pl\/index.php\/2021\/12\/13\/zapal-swiatlo-wolnosci-zachecamy-do-udzialu-w-obchodach-40-rocznicy-wybuchu-stanu-wojennego\/#primaryimage\",\"url\":\"https:\/\/splapszanka.lapszenizne.pl\/wp-content\/uploads\/2021\/12\/grafikazapalswiatlowolnosci.jpg\",\"contentUrl\":\"https:\/\/splapszanka.lapszenizne.pl\/wp-content\/uploads\/2021\/12\/grafikazapalswiatlowolnosci.jpg\",\"width\":1920,\"height\":1080,\"caption\":\"Plakat akcji Zapal \u015awiat\u0142o Wolno\u015bci\"},{\"@type\":\"BreadcrumbList\",\"@id\":\"https:\/\/splapszanka.lapszenizne.pl\/index.php\/2021\/12\/13\/zapal-swiatlo-wolnosci-zachecamy-do-udzialu-w-obchodach-40-rocznicy-wybuchu-stanu-wojennego\/#breadcrumb\",\"itemListElement\":[{\"@type\":\"ListItem\",\"position\":1,\"name\":\"Strona g\u0142\u00f3wna\",\"item\":\"https:\/\/splapszanka.lapszenizne.pl\/\"},{\"@type\":\"ListItem\",\"position\":2,\"name\":\"\u201eZapal \u015awiat\u0142o Wolno\u015bci\u201d \u2013 zach\u0119camy do udzia\u0142u w obchodach 40. rocznicy wybuchu stanu wojennego\"}]},{\"@type\":\"WebSite\",\"@id\":\"https:\/\/splapszanka.lapszenizne.pl\/#website\",\"url\":\"https:\/\/splapszanka.lapszenizne.pl\/\",\"name\":\"Szko\u0142a Podstawowa w \u0141apszance\",\"description\":\"\u0141apszanka ul. D\u0142uga 35,  34-442 \u0141apsze Ni\u017cne,  woj. ma\u0142opolskie\",\"publisher\":{\"@id\":\"https:\/\/splapszanka.lapszenizne.pl\/#organization\"},\"potentialAction\":[{\"@type\":\"SearchAction\",\"target\":{\"@type\":\"EntryPoint\",\"urlTemplate\":\"https:\/\/splapszanka.lapszenizne.pl\/?s={search_term_string}\"},\"query-input\":{\"@type\":\"PropertyValueSpecification\",\"valueRequired\":true,\"valueName\":\"search_term_string\"}}],\"inLanguage\":\"pl-PL\"},{\"@type\":\"Organization\",\"@id\":\"https:\/\/splapszanka.lapszenizne.pl\/#organization\",\"name\":\"Szko\u0142a Podstawowa w \u0141apszance\",\"url\":\"https:\/\/splapszanka.lapszenizne.pl\/\",\"logo\":{\"@type\":\"ImageObject\",\"inLanguage\":\"pl-PL\",\"@id\":\"https:\/\/splapszanka.lapszenizne.pl\/#\/schema\/logo\/image\/\",\"url\":\"https:\/\/splapszanka.lapszenizne.pl\/wp-content\/uploads\/2020\/03\/cropped-75328783_1588584124617847_5132413514161324032_o.jpg\",\"contentUrl\":\"https:\/\/splapszanka.lapszenizne.pl\/wp-content\/uploads\/2020\/03\/cropped-75328783_1588584124617847_5132413514161324032_o.jpg\",\"width\":1830,\"height\":1202,\"caption\":\"Szko\u0142a Podstawowa w \u0141apszance\"},\"image\":{\"@id\":\"https:\/\/splapszanka.lapszenizne.pl\/#\/schema\/logo\/image\/\"}},{\"@type\":\"Person\",\"@id\":\"https:\/\/splapszanka.lapszenizne.pl\/#\/schema\/person\/7966120f2db6326caa37187324bc225e\",\"name\":\"Ma\u0142gorzata Kami\u0144ska\",\"image\":{\"@type\":\"ImageObject\",\"inLanguage\":\"pl-PL\",\"@id\":\"https:\/\/splapszanka.lapszenizne.pl\/#\/schema\/person\/image\/\",\"url\":\"https:\/\/secure.gravatar.com\/avatar\/7b25bd82d8287490c4c46d998eb38a88d0aa38fdf79ec1329f845d553d730d06?s=96&d=mm&r=g\",\"contentUrl\":\"https:\/\/secure.gravatar.com\/avatar\/7b25bd82d8287490c4c46d998eb38a88d0aa38fdf79ec1329f845d553d730d06?s=96&d=mm&r=g\",\"caption\":\"Ma\u0142gorzata Kami\u0144ska\"},\"url\":\"https:\/\/splapszanka.lapszenizne.pl\/index.php\/author\/gosia\/\"}]}<\/script>\n<!-- \/ Yoast SEO plugin. -->","yoast_head_json":{"title":"\u201eZapal \u015awiat\u0142o Wolno\u015bci\u201d \u2013 zach\u0119camy do udzia\u0142u w obchodach 40. rocznicy wybuchu stanu wojennego - Szko\u0142a Podstawowa w \u0141apszance","robots":{"index":"index","follow":"follow","max-snippet":"max-snippet:-1","max-image-preview":"max-image-preview:large","max-video-preview":"max-video-preview:-1"},"canonical":"https:\/\/splapszanka.lapszenizne.pl\/index.php\/2021\/12\/13\/zapal-swiatlo-wolnosci-zachecamy-do-udzialu-w-obchodach-40-rocznicy-wybuchu-stanu-wojennego\/","og_locale":"pl_PL","og_type":"article","og_title":"\u201eZapal \u015awiat\u0142o Wolno\u015bci\u201d \u2013 zach\u0119camy do udzia\u0142u w obchodach 40. rocznicy wybuchu stanu wojennego - Szko\u0142a Podstawowa w \u0141apszance","og_description":"Szanowni Pa\u0144stwo! W poniedzia\u0142ek, 13 grudnia o godz. 19:30 w oknach dom\u00f3w, urz\u0119d\u00f3w i instytucji publicznych rozb\u0142ysn\u0105 \u015bwiece na znak pami\u0119ci o ofiarach stanu wojennego i osobach prze\u015bladowanych przez re\u017cim komunistyczny. Akcja nawi\u0105zuje do gestu, jakim na pocz\u0105tku lat 80. Czytaj Dalej","og_url":"https:\/\/splapszanka.lapszenizne.pl\/index.php\/2021\/12\/13\/zapal-swiatlo-wolnosci-zachecamy-do-udzialu-w-obchodach-40-rocznicy-wybuchu-stanu-wojennego\/","og_site_name":"Szko\u0142a Podstawowa w \u0141apszance","article_published_time":"2021-12-13T14:21:27+00:00","article_modified_time":"2021-12-13T16:25:11+00:00","og_image":[{"width":1920,"height":1080,"url":"https:\/\/splapszanka.lapszenizne.pl\/wp-content\/uploads\/2021\/12\/grafikazapalswiatlowolnosci.jpg","type":"image\/jpeg"}],"author":"Ma\u0142gorzata Kami\u0144ska","twitter_card":"summary_large_image","twitter_misc":{"Napisane przez":"Ma\u0142gorzata Kami\u0144ska","Szacowany czas czytania":"1 minuta"},"schema":{"@context":"https:\/\/schema.org","@graph":[{"@type":"Article","@id":"https:\/\/splapszanka.lapszenizne.pl\/index.php\/2021\/12\/13\/zapal-swiatlo-wolnosci-zachecamy-do-udzialu-w-obchodach-40-rocznicy-wybuchu-stanu-wojennego\/#article","isPartOf":{"@id":"https:\/\/splapszanka.lapszenizne.pl\/index.php\/2021\/12\/13\/zapal-swiatlo-wolnosci-zachecamy-do-udzialu-w-obchodach-40-rocznicy-wybuchu-stanu-wojennego\/"},"author":{"name":"Ma\u0142gorzata Kami\u0144ska","@id":"https:\/\/splapszanka.lapszenizne.pl\/#\/schema\/person\/7966120f2db6326caa37187324bc225e"},"headline":"\u201eZapal \u015awiat\u0142o Wolno\u015bci\u201d \u2013 zach\u0119camy do udzia\u0142u w obchodach 40. rocznicy wybuchu stanu wojennego","datePublished":"2021-12-13T14:21:27+00:00","dateModified":"2021-12-13T16:25:11+00:00","mainEntityOfPage":{"@id":"https:\/\/splapszanka.lapszenizne.pl\/index.php\/2021\/12\/13\/zapal-swiatlo-wolnosci-zachecamy-do-udzialu-w-obchodach-40-rocznicy-wybuchu-stanu-wojennego\/"},"wordCount":158,"publisher":{"@id":"https:\/\/splapszanka.lapszenizne.pl\/#organization"},"image":{"@id":"https:\/\/splapszanka.lapszenizne.pl\/index.php\/2021\/12\/13\/zapal-swiatlo-wolnosci-zachecamy-do-udzialu-w-obchodach-40-rocznicy-wybuchu-stanu-wojennego\/#primaryimage"},"thumbnailUrl":"https:\/\/splapszanka.lapszenizne.pl\/wp-content\/uploads\/2021\/12\/grafikazapalswiatlowolnosci.jpg","articleSection":["Aktualno\u015bci"],"inLanguage":"pl-PL"},{"@type":"WebPage","@id":"https:\/\/splapszanka.lapszenizne.pl\/index.php\/2021\/12\/13\/zapal-swiatlo-wolnosci-zachecamy-do-udzialu-w-obchodach-40-rocznicy-wybuchu-stanu-wojennego\/","url":"https:\/\/splapszanka.lapszenizne.pl\/index.php\/2021\/12\/13\/zapal-swiatlo-wolnosci-zachecamy-do-udzialu-w-obchodach-40-rocznicy-wybuchu-stanu-wojennego\/","name":"\u201eZapal \u015awiat\u0142o Wolno\u015bci\u201d \u2013 zach\u0119camy do udzia\u0142u w obchodach 40. rocznicy wybuchu stanu wojennego - Szko\u0142a Podstawowa w \u0141apszance","isPartOf":{"@id":"https:\/\/splapszanka.lapszenizne.pl\/#website"},"primaryImageOfPage":{"@id":"https:\/\/splapszanka.lapszenizne.pl\/index.php\/2021\/12\/13\/zapal-swiatlo-wolnosci-zachecamy-do-udzialu-w-obchodach-40-rocznicy-wybuchu-stanu-wojennego\/#primaryimage"},"image":{"@id":"https:\/\/splapszanka.lapszenizne.pl\/index.php\/2021\/12\/13\/zapal-swiatlo-wolnosci-zachecamy-do-udzialu-w-obchodach-40-rocznicy-wybuchu-stanu-wojennego\/#primaryimage"},"thumbnailUrl":"https:\/\/splapszanka.lapszenizne.pl\/wp-content\/uploads\/2021\/12\/grafikazapalswiatlowolnosci.jpg","datePublished":"2021-12-13T14:21:27+00:00","dateModified":"2021-12-13T16:25:11+00:00","breadcrumb":{"@id":"https:\/\/splapszanka.lapszenizne.pl\/index.php\/2021\/12\/13\/zapal-swiatlo-wolnosci-zachecamy-do-udzialu-w-obchodach-40-rocznicy-wybuchu-stanu-wojennego\/#breadcrumb"},"inLanguage":"pl-PL","potentialAction":[{"@type":"ReadAction","target":["https:\/\/splapszanka.lapszenizne.pl\/index.php\/2021\/12\/13\/zapal-swiatlo-wolnosci-zachecamy-do-udzialu-w-obchodach-40-rocznicy-wybuchu-stanu-wojennego\/"]}]},{"@type":"ImageObject","inLanguage":"pl-PL","@id":"https:\/\/splapszanka.lapszenizne.pl\/index.php\/2021\/12\/13\/zapal-swiatlo-wolnosci-zachecamy-do-udzialu-w-obchodach-40-rocznicy-wybuchu-stanu-wojennego\/#primaryimage","url":"https:\/\/splapszanka.lapszenizne.pl\/wp-content\/uploads\/2021\/12\/grafikazapalswiatlowolnosci.jpg","contentUrl":"https:\/\/splapszanka.lapszenizne.pl\/wp-content\/uploads\/2021\/12\/grafikazapalswiatlowolnosci.jpg","width":1920,"height":1080,"caption":"Plakat akcji Zapal \u015awiat\u0142o Wolno\u015bci"},{"@type":"BreadcrumbList","@id":"https:\/\/splapszanka.lapszenizne.pl\/index.php\/2021\/12\/13\/zapal-swiatlo-wolnosci-zachecamy-do-udzialu-w-obchodach-40-rocznicy-wybuchu-stanu-wojennego\/#breadcrumb","itemListElement":[{"@type":"ListItem","position":1,"name":"Strona g\u0142\u00f3wna","item":"https:\/\/splapszanka.lapszenizne.pl\/"},{"@type":"ListItem","position":2,"name":"\u201eZapal \u015awiat\u0142o Wolno\u015bci\u201d \u2013 zach\u0119camy do udzia\u0142u w obchodach 40. rocznicy wybuchu stanu wojennego"}]},{"@type":"WebSite","@id":"https:\/\/splapszanka.lapszenizne.pl\/#website","url":"https:\/\/splapszanka.lapszenizne.pl\/","name":"Szko\u0142a Podstawowa w \u0141apszance","description":"\u0141apszanka ul. D\u0142uga 35,  34-442 \u0141apsze Ni\u017cne,  woj. ma\u0142opolskie","publisher":{"@id":"https:\/\/splapszanka.lapszenizne.pl\/#organization"},"potentialAction":[{"@type":"SearchAction","target":{"@type":"EntryPoint","urlTemplate":"https:\/\/splapszanka.lapszenizne.pl\/?s={search_term_string}"},"query-input":{"@type":"PropertyValueSpecification","valueRequired":true,"valueName":"search_term_string"}}],"inLanguage":"pl-PL"},{"@type":"Organization","@id":"https:\/\/splapszanka.lapszenizne.pl\/#organization","name":"Szko\u0142a Podstawowa w \u0141apszance","url":"https:\/\/splapszanka.lapszenizne.pl\/","logo":{"@type":"ImageObject","inLanguage":"pl-PL","@id":"https:\/\/splapszanka.lapszenizne.pl\/#\/schema\/logo\/image\/","url":"https:\/\/splapszanka.lapszenizne.pl\/wp-content\/uploads\/2020\/03\/cropped-75328783_1588584124617847_5132413514161324032_o.jpg","contentUrl":"https:\/\/splapszanka.lapszenizne.pl\/wp-content\/uploads\/2020\/03\/cropped-75328783_1588584124617847_5132413514161324032_o.jpg","width":1830,"height":1202,"caption":"Szko\u0142a Podstawowa w \u0141apszance"},"image":{"@id":"https:\/\/splapszanka.lapszenizne.pl\/#\/schema\/logo\/image\/"}},{"@type":"Person","@id":"https:\/\/splapszanka.lapszenizne.pl\/#\/schema\/person\/7966120f2db6326caa37187324bc225e","name":"Ma\u0142gorzata Kami\u0144ska","image":{"@type":"ImageObject","inLanguage":"pl-PL","@id":"https:\/\/splapszanka.lapszenizne.pl\/#\/schema\/person\/image\/","url":"https:\/\/secure.gravatar.com\/avatar\/7b25bd82d8287490c4c46d998eb38a88d0aa38fdf79ec1329f845d553d730d06?s=96&d=mm&r=g","contentUrl":"https:\/\/secure.gravatar.com\/avatar\/7b25bd82d8287490c4c46d998eb38a88d0aa38fdf79ec1329f845d553d730d06?s=96&d=mm&r=g","caption":"Ma\u0142gorzata Kami\u0144ska"},"url":"https:\/\/splapszanka.lapszenizne.pl\/index.php\/author\/gosia\/"}]}},"_links":{"self":[{"href":"https:\/\/splapszanka.lapszenizne.pl\/index.php\/wp-json\/wp\/v2\/posts\/1322","targetHints":{"allow":["GET"]}}],"collection":[{"href":"https:\/\/splapszanka.lapszenizne.pl\/index.php\/wp-json\/wp\/v2\/posts"}],"about":[{"href":"https:\/\/splapszanka.lapszenizne.pl\/index.php\/wp-json\/wp\/v2\/types\/post"}],"author":[{"embeddable":true,"href":"https:\/\/splapszanka.lapszenizne.pl\/index.php\/wp-json\/wp\/v2\/users\/2"}],"replies":[{"embeddable":true,"href":"https:\/\/splapszanka.lapszenizne.pl\/index.php\/wp-json\/wp\/v2\/comments?post=1322"}],"version-history":[{"count":1,"href":"https:\/\/splapszanka.lapszenizne.pl\/index.php\/wp-json\/wp\/v2\/posts\/1322\/revisions"}],"predecessor-version":[{"id":1324,"href":"https:\/\/splapszanka.lapszenizne.pl\/index.php\/wp-json\/wp\/v2\/posts\/1322\/revisions\/1324"}],"wp:featuredmedia":[{"embeddable":true,"href":"https:\/\/splapszanka.lapszenizne.pl\/index.php\/wp-json\/wp\/v2\/media\/1323"}],"wp:attachment":[{"href":"https:\/\/splapszanka.lapszenizne.pl\/index.php\/wp-json\/wp\/v2\/media?parent=1322"}],"wp:term":[{"taxonomy":"category","embeddable":true,"href":"https:\/\/splapszanka.lapszenizne.pl\/index.php\/wp-json\/wp\/v2\/categories?post=1322"},{"taxonomy":"post_tag","embeddable":true,"href":"https:\/\/splapszanka.lapszenizne.pl\/index.php\/wp-json\/wp\/v2\/tags?post=1322"}],"curies":[{"name":"wp","href":"https:\/\/api.w.org\/{rel}","templated":true}]}}