{"id":1296,"date":"2021-11-30T11:03:16","date_gmt":"2021-11-30T10:03:16","guid":{"rendered":"https:\/\/splapszanka.lapszenizne.pl\/?p=1296"},"modified":"2021-11-30T11:03:16","modified_gmt":"2021-11-30T10:03:16","slug":"swiatowy-dzien-rzucania-palenia-2021-2","status":"publish","type":"post","link":"https:\/\/splapszanka.lapszenizne.pl\/index.php\/2021\/11\/30\/swiatowy-dzien-rzucania-palenia-2021-2\/","title":{"rendered":"\u015aWIATOWY DZIE\u0143 RZUCANIA PALENIA 2021"},"content":{"rendered":"<p>Ka\u017cdego roku umiera ponad 8 milion\u00f3w os\u00f3b, z czego 7 milion\u00f3w to aktywni palacze, a oko\u0142o 1 milion to osoby nara\u017cone na bierne palenie. Osoby pal\u0105ce tyto\u0144 oraz u\u017cywaj\u0105ce e-papieros\u00f3w s\u0105 7 razy bardziej nara\u017cone na zaka\u017cenie koronawirusem. Palenie tytoniu sprzyja powstawaniu przewlek\u0142ych chor\u00f3b uk\u0142adu oddechowego \u2026<\/p>\n<p>To tylko niekt\u00f3re ze skutk\u00f3w palenia tytoniu, piszemy o tym w\u0142\u0105\u015bnie teraz, bo\u00a018 listopada\u00a0obchodzili\u015bmy\u00a0\u015awiato<wbr \/>wy Dzie\u0144 Rzucania Palenia. R\u00f3wnie\u017c w naszej szkole poruszyli\u015bmy ten temat na apelu.<\/p>\n<p><a href=\"https:\/\/splapszanka.lapszenizne.pl\/wp-content\/uploads\/2021\/11\/Infografika_Korzysci_zdrowotne_z_rzucenia_palenia.pdf\">Infografika_Korzy\u015bci_zdrowotne_z_rzucenia_palenia<\/a><\/p>\n<p><a href=\"https:\/\/splapszanka.lapszenizne.pl\/wp-content\/uploads\/2021\/11\/SDRPT-2021.docx\">\u015aDRPT 2021<\/a><\/p>\n<p>&nbsp;<\/p>\n<p>&nbsp;<\/p>\n","protected":false},"excerpt":{"rendered":"<p>Ka\u017cdego roku umiera ponad 8 milion\u00f3w os\u00f3b, z czego 7 milion\u00f3w to aktywni palacze, a oko\u0142o 1 milion to osoby nara\u017cone na bierne palenie. Osoby pal\u0105ce tyto\u0144 oraz u\u017cywaj\u0105ce e-papieros\u00f3w s\u0105 7 razy bardziej nara\u017cone na zaka\u017cenie koronawirusem. Palenie tytoniu <a href=\"https:\/\/splapszanka.lapszenizne.pl\/index.php\/2021\/11\/30\/swiatowy-dzien-rzucania-palenia-2021-2\/\" class=\"read-more\">Czytaj Dalej<\/a><\/p>\n","protected":false},"author":2,"featured_media":1297,"comment_status":"closed","ping_status":"open","sticky":false,"template":"","format":"standard","meta":{"footnotes":""},"categories":[17],"tags":[],"class_list":["post-1296","post","type-post","status-publish","format-standard","has-post-thumbnail","hentry","category-pedagog"],"yoast_head":"<!-- This site is optimized with the Yoast SEO plugin v27.0 - https:\/\/yoast.com\/product\/yoast-seo-wordpress\/ -->\n<title>\u015aWIATOWY DZIE\u0143 RZUCANIA PALENIA 2021 - Szko\u0142a Podstawowa w \u0141apszance<\/title>\n<meta name=\"robots\" content=\"index, follow, max-snippet:-1, max-image-preview:large, max-video-preview:-1\" \/>\n<link rel=\"canonical\" href=\"https:\/\/splapszanka.lapszenizne.pl\/index.php\/2021\/11\/30\/swiatowy-dzien-rzucania-palenia-2021-2\/\" \/>\n<meta property=\"og:locale\" content=\"pl_PL\" \/>\n<meta property=\"og:type\" content=\"article\" \/>\n<meta property=\"og:title\" content=\"\u015aWIATOWY DZIE\u0143 RZUCANIA PALENIA 2021 - Szko\u0142a Podstawowa w \u0141apszance\" \/>\n<meta property=\"og:description\" content=\"Ka\u017cdego roku umiera ponad 8 milion\u00f3w os\u00f3b, z czego 7 milion\u00f3w to aktywni palacze, a oko\u0142o 1 milion to osoby nara\u017cone na bierne palenie. Osoby pal\u0105ce tyto\u0144 oraz u\u017cywaj\u0105ce e-papieros\u00f3w s\u0105 7 razy bardziej nara\u017cone na zaka\u017cenie koronawirusem. Palenie tytoniu Czytaj Dalej\" \/>\n<meta property=\"og:url\" content=\"https:\/\/splapszanka.lapszenizne.pl\/index.php\/2021\/11\/30\/swiatowy-dzien-rzucania-palenia-2021-2\/\" \/>\n<meta property=\"og:site_name\" content=\"Szko\u0142a Podstawowa w \u0141apszance\" \/>\n<meta property=\"article:published_time\" content=\"2021-11-30T10:03:16+00:00\" \/>\n<meta name=\"author\" content=\"Ma\u0142gorzata Kami\u0144ska\" \/>\n<meta name=\"twitter:card\" content=\"summary_large_image\" \/>\n<meta name=\"twitter:label1\" content=\"Napisane przez\" \/>\n\t<meta name=\"twitter:data1\" content=\"Ma\u0142gorzata Kami\u0144ska\" \/>\n\t<meta name=\"twitter:label2\" content=\"Szacowany czas czytania\" \/>\n\t<meta name=\"twitter:data2\" content=\"1 minuta\" \/>\n<script type=\"application\/ld+json\" class=\"yoast-schema-graph\">{\"@context\":\"https:\/\/schema.org\",\"@graph\":[{\"@type\":\"Article\",\"@id\":\"https:\/\/splapszanka.lapszenizne.pl\/index.php\/2021\/11\/30\/swiatowy-dzien-rzucania-palenia-2021-2\/#article\",\"isPartOf\":{\"@id\":\"https:\/\/splapszanka.lapszenizne.pl\/index.php\/2021\/11\/30\/swiatowy-dzien-rzucania-palenia-2021-2\/\"},\"author\":{\"name\":\"Ma\u0142gorzata Kami\u0144ska\",\"@id\":\"https:\/\/splapszanka.lapszenizne.pl\/#\/schema\/person\/7966120f2db6326caa37187324bc225e\"},\"headline\":\"\u015aWIATOWY DZIE\u0143 RZUCANIA PALENIA 2021\",\"datePublished\":\"2021-11-30T10:03:16+00:00\",\"mainEntityOfPage\":{\"@id\":\"https:\/\/splapszanka.lapszenizne.pl\/index.php\/2021\/11\/30\/swiatowy-dzien-rzucania-palenia-2021-2\/\"},\"wordCount\":105,\"publisher\":{\"@id\":\"https:\/\/splapszanka.lapszenizne.pl\/#organization\"},\"image\":{\"@id\":\"https:\/\/splapszanka.lapszenizne.pl\/index.php\/2021\/11\/30\/swiatowy-dzien-rzucania-palenia-2021-2\/#primaryimage\"},\"thumbnailUrl\":\"https:\/\/splapszanka.lapszenizne.pl\/wp-content\/uploads\/2021\/11\/Ulotka-wedzone-pluca-1-pdf.jpg\",\"articleSection\":[\"Pedagog\"],\"inLanguage\":\"pl-PL\"},{\"@type\":\"WebPage\",\"@id\":\"https:\/\/splapszanka.lapszenizne.pl\/index.php\/2021\/11\/30\/swiatowy-dzien-rzucania-palenia-2021-2\/\",\"url\":\"https:\/\/splapszanka.lapszenizne.pl\/index.php\/2021\/11\/30\/swiatowy-dzien-rzucania-palenia-2021-2\/\",\"name\":\"\u015aWIATOWY DZIE\u0143 RZUCANIA PALENIA 2021 - Szko\u0142a Podstawowa w \u0141apszance\",\"isPartOf\":{\"@id\":\"https:\/\/splapszanka.lapszenizne.pl\/#website\"},\"primaryImageOfPage\":{\"@id\":\"https:\/\/splapszanka.lapszenizne.pl\/index.php\/2021\/11\/30\/swiatowy-dzien-rzucania-palenia-2021-2\/#primaryimage\"},\"image\":{\"@id\":\"https:\/\/splapszanka.lapszenizne.pl\/index.php\/2021\/11\/30\/swiatowy-dzien-rzucania-palenia-2021-2\/#primaryimage\"},\"thumbnailUrl\":\"https:\/\/splapszanka.lapszenizne.pl\/wp-content\/uploads\/2021\/11\/Ulotka-wedzone-pluca-1-pdf.jpg\",\"datePublished\":\"2021-11-30T10:03:16+00:00\",\"breadcrumb\":{\"@id\":\"https:\/\/splapszanka.lapszenizne.pl\/index.php\/2021\/11\/30\/swiatowy-dzien-rzucania-palenia-2021-2\/#breadcrumb\"},\"inLanguage\":\"pl-PL\",\"potentialAction\":[{\"@type\":\"ReadAction\",\"target\":[\"https:\/\/splapszanka.lapszenizne.pl\/index.php\/2021\/11\/30\/swiatowy-dzien-rzucania-palenia-2021-2\/\"]}]},{\"@type\":\"ImageObject\",\"inLanguage\":\"pl-PL\",\"@id\":\"https:\/\/splapszanka.lapszenizne.pl\/index.php\/2021\/11\/30\/swiatowy-dzien-rzucania-palenia-2021-2\/#primaryimage\",\"url\":\"https:\/\/splapszanka.lapszenizne.pl\/wp-content\/uploads\/2021\/11\/Ulotka-wedzone-pluca-1-pdf.jpg\",\"contentUrl\":\"https:\/\/splapszanka.lapszenizne.pl\/wp-content\/uploads\/2021\/11\/Ulotka-wedzone-pluca-1-pdf.jpg\"},{\"@type\":\"BreadcrumbList\",\"@id\":\"https:\/\/splapszanka.lapszenizne.pl\/index.php\/2021\/11\/30\/swiatowy-dzien-rzucania-palenia-2021-2\/#breadcrumb\",\"itemListElement\":[{\"@type\":\"ListItem\",\"position\":1,\"name\":\"Strona g\u0142\u00f3wna\",\"item\":\"https:\/\/splapszanka.lapszenizne.pl\/\"},{\"@type\":\"ListItem\",\"position\":2,\"name\":\"\u015aWIATOWY DZIE\u0143 RZUCANIA PALENIA 2021\"}]},{\"@type\":\"WebSite\",\"@id\":\"https:\/\/splapszanka.lapszenizne.pl\/#website\",\"url\":\"https:\/\/splapszanka.lapszenizne.pl\/\",\"name\":\"Szko\u0142a Podstawowa w \u0141apszance\",\"description\":\"\u0141apszanka ul. D\u0142uga 35,  34-442 \u0141apsze Ni\u017cne,  woj. ma\u0142opolskie\",\"publisher\":{\"@id\":\"https:\/\/splapszanka.lapszenizne.pl\/#organization\"},\"potentialAction\":[{\"@type\":\"SearchAction\",\"target\":{\"@type\":\"EntryPoint\",\"urlTemplate\":\"https:\/\/splapszanka.lapszenizne.pl\/?s={search_term_string}\"},\"query-input\":{\"@type\":\"PropertyValueSpecification\",\"valueRequired\":true,\"valueName\":\"search_term_string\"}}],\"inLanguage\":\"pl-PL\"},{\"@type\":\"Organization\",\"@id\":\"https:\/\/splapszanka.lapszenizne.pl\/#organization\",\"name\":\"Szko\u0142a Podstawowa w \u0141apszance\",\"url\":\"https:\/\/splapszanka.lapszenizne.pl\/\",\"logo\":{\"@type\":\"ImageObject\",\"inLanguage\":\"pl-PL\",\"@id\":\"https:\/\/splapszanka.lapszenizne.pl\/#\/schema\/logo\/image\/\",\"url\":\"https:\/\/splapszanka.lapszenizne.pl\/wp-content\/uploads\/2020\/03\/cropped-75328783_1588584124617847_5132413514161324032_o.jpg\",\"contentUrl\":\"https:\/\/splapszanka.lapszenizne.pl\/wp-content\/uploads\/2020\/03\/cropped-75328783_1588584124617847_5132413514161324032_o.jpg\",\"width\":1830,\"height\":1202,\"caption\":\"Szko\u0142a Podstawowa w \u0141apszance\"},\"image\":{\"@id\":\"https:\/\/splapszanka.lapszenizne.pl\/#\/schema\/logo\/image\/\"}},{\"@type\":\"Person\",\"@id\":\"https:\/\/splapszanka.lapszenizne.pl\/#\/schema\/person\/7966120f2db6326caa37187324bc225e\",\"name\":\"Ma\u0142gorzata Kami\u0144ska\",\"image\":{\"@type\":\"ImageObject\",\"inLanguage\":\"pl-PL\",\"@id\":\"https:\/\/splapszanka.lapszenizne.pl\/#\/schema\/person\/image\/\",\"url\":\"https:\/\/secure.gravatar.com\/avatar\/7b25bd82d8287490c4c46d998eb38a88d0aa38fdf79ec1329f845d553d730d06?s=96&d=mm&r=g\",\"contentUrl\":\"https:\/\/secure.gravatar.com\/avatar\/7b25bd82d8287490c4c46d998eb38a88d0aa38fdf79ec1329f845d553d730d06?s=96&d=mm&r=g\",\"caption\":\"Ma\u0142gorzata Kami\u0144ska\"},\"url\":\"https:\/\/splapszanka.lapszenizne.pl\/index.php\/author\/gosia\/\"}]}<\/script>\n<!-- \/ Yoast SEO plugin. -->","yoast_head_json":{"title":"\u015aWIATOWY DZIE\u0143 RZUCANIA PALENIA 2021 - Szko\u0142a Podstawowa w \u0141apszance","robots":{"index":"index","follow":"follow","max-snippet":"max-snippet:-1","max-image-preview":"max-image-preview:large","max-video-preview":"max-video-preview:-1"},"canonical":"https:\/\/splapszanka.lapszenizne.pl\/index.php\/2021\/11\/30\/swiatowy-dzien-rzucania-palenia-2021-2\/","og_locale":"pl_PL","og_type":"article","og_title":"\u015aWIATOWY DZIE\u0143 RZUCANIA PALENIA 2021 - Szko\u0142a Podstawowa w \u0141apszance","og_description":"Ka\u017cdego roku umiera ponad 8 milion\u00f3w os\u00f3b, z czego 7 milion\u00f3w to aktywni palacze, a oko\u0142o 1 milion to osoby nara\u017cone na bierne palenie. Osoby pal\u0105ce tyto\u0144 oraz u\u017cywaj\u0105ce e-papieros\u00f3w s\u0105 7 razy bardziej nara\u017cone na zaka\u017cenie koronawirusem. Palenie tytoniu Czytaj Dalej","og_url":"https:\/\/splapszanka.lapszenizne.pl\/index.php\/2021\/11\/30\/swiatowy-dzien-rzucania-palenia-2021-2\/","og_site_name":"Szko\u0142a Podstawowa w \u0141apszance","article_published_time":"2021-11-30T10:03:16+00:00","author":"Ma\u0142gorzata Kami\u0144ska","twitter_card":"summary_large_image","twitter_misc":{"Napisane przez":"Ma\u0142gorzata Kami\u0144ska","Szacowany czas czytania":"1 minuta"},"schema":{"@context":"https:\/\/schema.org","@graph":[{"@type":"Article","@id":"https:\/\/splapszanka.lapszenizne.pl\/index.php\/2021\/11\/30\/swiatowy-dzien-rzucania-palenia-2021-2\/#article","isPartOf":{"@id":"https:\/\/splapszanka.lapszenizne.pl\/index.php\/2021\/11\/30\/swiatowy-dzien-rzucania-palenia-2021-2\/"},"author":{"name":"Ma\u0142gorzata Kami\u0144ska","@id":"https:\/\/splapszanka.lapszenizne.pl\/#\/schema\/person\/7966120f2db6326caa37187324bc225e"},"headline":"\u015aWIATOWY DZIE\u0143 RZUCANIA PALENIA 2021","datePublished":"2021-11-30T10:03:16+00:00","mainEntityOfPage":{"@id":"https:\/\/splapszanka.lapszenizne.pl\/index.php\/2021\/11\/30\/swiatowy-dzien-rzucania-palenia-2021-2\/"},"wordCount":105,"publisher":{"@id":"https:\/\/splapszanka.lapszenizne.pl\/#organization"},"image":{"@id":"https:\/\/splapszanka.lapszenizne.pl\/index.php\/2021\/11\/30\/swiatowy-dzien-rzucania-palenia-2021-2\/#primaryimage"},"thumbnailUrl":"https:\/\/splapszanka.lapszenizne.pl\/wp-content\/uploads\/2021\/11\/Ulotka-wedzone-pluca-1-pdf.jpg","articleSection":["Pedagog"],"inLanguage":"pl-PL"},{"@type":"WebPage","@id":"https:\/\/splapszanka.lapszenizne.pl\/index.php\/2021\/11\/30\/swiatowy-dzien-rzucania-palenia-2021-2\/","url":"https:\/\/splapszanka.lapszenizne.pl\/index.php\/2021\/11\/30\/swiatowy-dzien-rzucania-palenia-2021-2\/","name":"\u015aWIATOWY DZIE\u0143 RZUCANIA PALENIA 2021 - Szko\u0142a Podstawowa w \u0141apszance","isPartOf":{"@id":"https:\/\/splapszanka.lapszenizne.pl\/#website"},"primaryImageOfPage":{"@id":"https:\/\/splapszanka.lapszenizne.pl\/index.php\/2021\/11\/30\/swiatowy-dzien-rzucania-palenia-2021-2\/#primaryimage"},"image":{"@id":"https:\/\/splapszanka.lapszenizne.pl\/index.php\/2021\/11\/30\/swiatowy-dzien-rzucania-palenia-2021-2\/#primaryimage"},"thumbnailUrl":"https:\/\/splapszanka.lapszenizne.pl\/wp-content\/uploads\/2021\/11\/Ulotka-wedzone-pluca-1-pdf.jpg","datePublished":"2021-11-30T10:03:16+00:00","breadcrumb":{"@id":"https:\/\/splapszanka.lapszenizne.pl\/index.php\/2021\/11\/30\/swiatowy-dzien-rzucania-palenia-2021-2\/#breadcrumb"},"inLanguage":"pl-PL","potentialAction":[{"@type":"ReadAction","target":["https:\/\/splapszanka.lapszenizne.pl\/index.php\/2021\/11\/30\/swiatowy-dzien-rzucania-palenia-2021-2\/"]}]},{"@type":"ImageObject","inLanguage":"pl-PL","@id":"https:\/\/splapszanka.lapszenizne.pl\/index.php\/2021\/11\/30\/swiatowy-dzien-rzucania-palenia-2021-2\/#primaryimage","url":"https:\/\/splapszanka.lapszenizne.pl\/wp-content\/uploads\/2021\/11\/Ulotka-wedzone-pluca-1-pdf.jpg","contentUrl":"https:\/\/splapszanka.lapszenizne.pl\/wp-content\/uploads\/2021\/11\/Ulotka-wedzone-pluca-1-pdf.jpg"},{"@type":"BreadcrumbList","@id":"https:\/\/splapszanka.lapszenizne.pl\/index.php\/2021\/11\/30\/swiatowy-dzien-rzucania-palenia-2021-2\/#breadcrumb","itemListElement":[{"@type":"ListItem","position":1,"name":"Strona g\u0142\u00f3wna","item":"https:\/\/splapszanka.lapszenizne.pl\/"},{"@type":"ListItem","position":2,"name":"\u015aWIATOWY DZIE\u0143 RZUCANIA PALENIA 2021"}]},{"@type":"WebSite","@id":"https:\/\/splapszanka.lapszenizne.pl\/#website","url":"https:\/\/splapszanka.lapszenizne.pl\/","name":"Szko\u0142a Podstawowa w \u0141apszance","description":"\u0141apszanka ul. D\u0142uga 35,  34-442 \u0141apsze Ni\u017cne,  woj. ma\u0142opolskie","publisher":{"@id":"https:\/\/splapszanka.lapszenizne.pl\/#organization"},"potentialAction":[{"@type":"SearchAction","target":{"@type":"EntryPoint","urlTemplate":"https:\/\/splapszanka.lapszenizne.pl\/?s={search_term_string}"},"query-input":{"@type":"PropertyValueSpecification","valueRequired":true,"valueName":"search_term_string"}}],"inLanguage":"pl-PL"},{"@type":"Organization","@id":"https:\/\/splapszanka.lapszenizne.pl\/#organization","name":"Szko\u0142a Podstawowa w \u0141apszance","url":"https:\/\/splapszanka.lapszenizne.pl\/","logo":{"@type":"ImageObject","inLanguage":"pl-PL","@id":"https:\/\/splapszanka.lapszenizne.pl\/#\/schema\/logo\/image\/","url":"https:\/\/splapszanka.lapszenizne.pl\/wp-content\/uploads\/2020\/03\/cropped-75328783_1588584124617847_5132413514161324032_o.jpg","contentUrl":"https:\/\/splapszanka.lapszenizne.pl\/wp-content\/uploads\/2020\/03\/cropped-75328783_1588584124617847_5132413514161324032_o.jpg","width":1830,"height":1202,"caption":"Szko\u0142a Podstawowa w \u0141apszance"},"image":{"@id":"https:\/\/splapszanka.lapszenizne.pl\/#\/schema\/logo\/image\/"}},{"@type":"Person","@id":"https:\/\/splapszanka.lapszenizne.pl\/#\/schema\/person\/7966120f2db6326caa37187324bc225e","name":"Ma\u0142gorzata Kami\u0144ska","image":{"@type":"ImageObject","inLanguage":"pl-PL","@id":"https:\/\/splapszanka.lapszenizne.pl\/#\/schema\/person\/image\/","url":"https:\/\/secure.gravatar.com\/avatar\/7b25bd82d8287490c4c46d998eb38a88d0aa38fdf79ec1329f845d553d730d06?s=96&d=mm&r=g","contentUrl":"https:\/\/secure.gravatar.com\/avatar\/7b25bd82d8287490c4c46d998eb38a88d0aa38fdf79ec1329f845d553d730d06?s=96&d=mm&r=g","caption":"Ma\u0142gorzata Kami\u0144ska"},"url":"https:\/\/splapszanka.lapszenizne.pl\/index.php\/author\/gosia\/"}]}},"_links":{"self":[{"href":"https:\/\/splapszanka.lapszenizne.pl\/index.php\/wp-json\/wp\/v2\/posts\/1296","targetHints":{"allow":["GET"]}}],"collection":[{"href":"https:\/\/splapszanka.lapszenizne.pl\/index.php\/wp-json\/wp\/v2\/posts"}],"about":[{"href":"https:\/\/splapszanka.lapszenizne.pl\/index.php\/wp-json\/wp\/v2\/types\/post"}],"author":[{"embeddable":true,"href":"https:\/\/splapszanka.lapszenizne.pl\/index.php\/wp-json\/wp\/v2\/users\/2"}],"replies":[{"embeddable":true,"href":"https:\/\/splapszanka.lapszenizne.pl\/index.php\/wp-json\/wp\/v2\/comments?post=1296"}],"version-history":[{"count":2,"href":"https:\/\/splapszanka.lapszenizne.pl\/index.php\/wp-json\/wp\/v2\/posts\/1296\/revisions"}],"predecessor-version":[{"id":1301,"href":"https:\/\/splapszanka.lapszenizne.pl\/index.php\/wp-json\/wp\/v2\/posts\/1296\/revisions\/1301"}],"wp:featuredmedia":[{"embeddable":true,"href":"https:\/\/splapszanka.lapszenizne.pl\/index.php\/wp-json\/wp\/v2\/media\/1297"}],"wp:attachment":[{"href":"https:\/\/splapszanka.lapszenizne.pl\/index.php\/wp-json\/wp\/v2\/media?parent=1296"}],"wp:term":[{"taxonomy":"category","embeddable":true,"href":"https:\/\/splapszanka.lapszenizne.pl\/index.php\/wp-json\/wp\/v2\/categories?post=1296"},{"taxonomy":"post_tag","embeddable":true,"href":"https:\/\/splapszanka.lapszenizne.pl\/index.php\/wp-json\/wp\/v2\/tags?post=1296"}],"curies":[{"name":"wp","href":"https:\/\/api.w.org\/{rel}","templated":true}]}}