{"id":125,"date":"2019-09-25T08:57:24","date_gmt":"2019-09-25T06:57:24","guid":{"rendered":"https:\/\/oldlapszanka.lapszenizne.pl\/?p=125"},"modified":"2019-11-17T19:11:14","modified_gmt":"2019-11-17T18:11:14","slug":"na-szlaku-architektury-drewnianej","status":"publish","type":"post","link":"https:\/\/splapszanka.lapszenizne.pl\/index.php\/2019\/09\/25\/na-szlaku-architektury-drewnianej\/","title":{"rendered":"Na Szlaku Architektury Drewnianej"},"content":{"rendered":"<p>25 wrze\u015bnia klasa IV wraz z wychowawc\u0105 ruszy\u0142a szlakiem architektury drewnianej w\u00a0 poszukiwaniu urokliwych zak\u0105tk\u00f3w ma\u0142opolski. <!--more-->Trasa wiod\u0142a od Niedzicy &#8222;Polany Sosny&#8221; przez Czorsztyn a\u017c do zabudowy w Kluszkowcach. Wycieczka realizowana by\u0142o w ramach udzia\u0142u w konkursie fotograficznym pt. &#8222;Na Szlaku Architektury Drewnianej w Ma\u0142opolsce&#8221;. Organizatorem konkursu by\u0142a Ma\u0142opolska Organizacja Turystyczna zarz\u0105dzaj\u0105ca Szlakiem Architektury Drewnianej w Ma\u0142opolsce. Konkurs mia\u0142 na celu zach\u0119ci\u0107 uczni\u00f3w do odkrywania, a tak\u017ce poznawania zabytk\u00f3w architektury i zainteresowa\u0107 turystyk\u0105 oraz histori\u0105 lokaln\u0105 i regionaln\u0105. Mia\u0142 te\u017c na celu rozwija\u0107 umiej\u0119tno\u015bci dostrzegania walor\u00f3w estetycznych, duchowych jak r\u00f3wnie\u017c artystycznych.<br \/>\nZadanie konkursowe polega\u0142o na odnalezieniu zabytk\u00f3w architektury nale\u017c\u0105cych do Szlaku Architektury Drewnianej u w najbli\u017cszej okolicy, nast\u0119pnie udanie si\u0119 z ca\u0142\u0105 klas\u0105 we wskazane miejsce i wykonanie fotografii artystycznej. Nam najbardziej spodoba\u0142a si\u0119 zabudowa w Kluszkowcach. S\u0105 to stare \u017cydowskie domy przeniesione z dzisiejszego dna Zbiornika Czorszty\u0144skiego. Nie tylko budynki, ale r\u00f3wnie\u017c sama sceneria miejsca jest niezwykle urokliwa i nastrojowa, zw\u0142aszcza o tej porze roku. Uczniom klasy IV uda\u0142o si\u0119 wykona\u0107 kilka ciekawych uj\u0119\u0107 obiekt\u00f3w, kt\u00f3re b\u0119d\u0105 dla nas niezapomnian\u0105 pami\u0105tk\u0105. Najciekawsze prace samych obiekt\u00f3w zosta\u0142y wys\u0142ane na konkurs, a te z naszym udzia\u0142em mo\u017cecie obejrze\u0107 w galerii.<\/p>\n<p><img loading=\"lazy\" decoding=\"async\" class=\"alignnone size-medium wp-image-248\" src=\"https:\/\/oldlapszanka.lapszenizne.pl\/wp-content\/uploads\/2019\/09\/Jp3-300x208.jpg\" alt=\"\" width=\"300\" height=\"208\" srcset=\"https:\/\/splapszanka.lapszenizne.pl\/wp-content\/uploads\/2019\/09\/Jp3-300x208.jpg 300w, https:\/\/splapszanka.lapszenizne.pl\/wp-content\/uploads\/2019\/09\/Jp3-768x532.jpg 768w, https:\/\/splapszanka.lapszenizne.pl\/wp-content\/uploads\/2019\/09\/Jp3-1024x710.jpg 1024w, https:\/\/splapszanka.lapszenizne.pl\/wp-content\/uploads\/2019\/09\/Jp3-360x250.jpg 360w\" sizes=\"auto, (max-width: 300px) 100vw, 300px\" \/> <img loading=\"lazy\" decoding=\"async\" class=\"alignnone size-medium wp-image-250\" src=\"https:\/\/oldlapszanka.lapszenizne.pl\/wp-content\/uploads\/2019\/09\/1-199x300.jpg\" alt=\"\" width=\"199\" height=\"300\" srcset=\"https:\/\/splapszanka.lapszenizne.pl\/wp-content\/uploads\/2019\/09\/1-199x300.jpg 199w, https:\/\/splapszanka.lapszenizne.pl\/wp-content\/uploads\/2019\/09\/1-768x1156.jpg 768w, https:\/\/splapszanka.lapszenizne.pl\/wp-content\/uploads\/2019\/09\/1-680x1024.jpg 680w, https:\/\/splapszanka.lapszenizne.pl\/wp-content\/uploads\/2019\/09\/1-179x270.jpg 179w\" sizes=\"auto, (max-width: 199px) 100vw, 199px\" \/>\u00a0<img loading=\"lazy\" decoding=\"async\" class=\"alignnone size-medium wp-image-251\" src=\"https:\/\/oldlapszanka.lapszenizne.pl\/wp-content\/uploads\/2019\/09\/3-300x199.jpg\" alt=\"\" width=\"300\" height=\"199\" srcset=\"https:\/\/splapszanka.lapszenizne.pl\/wp-content\/uploads\/2019\/09\/3-300x199.jpg 300w, https:\/\/splapszanka.lapszenizne.pl\/wp-content\/uploads\/2019\/09\/3-768x510.jpg 768w, https:\/\/splapszanka.lapszenizne.pl\/wp-content\/uploads\/2019\/09\/3-1024x680.jpg 1024w, https:\/\/splapszanka.lapszenizne.pl\/wp-content\/uploads\/2019\/09\/3-360x239.jpg 360w\" sizes=\"auto, (max-width: 300px) 100vw, 300px\" \/><img loading=\"lazy\" decoding=\"async\" class=\"alignnone size-medium wp-image-247\" src=\"https:\/\/oldlapszanka.lapszenizne.pl\/wp-content\/uploads\/2019\/09\/JP-300x199.jpg\" alt=\"\" width=\"300\" height=\"199\" srcset=\"https:\/\/splapszanka.lapszenizne.pl\/wp-content\/uploads\/2019\/09\/JP-300x199.jpg 300w, https:\/\/splapszanka.lapszenizne.pl\/wp-content\/uploads\/2019\/09\/JP-768x510.jpg 768w, https:\/\/splapszanka.lapszenizne.pl\/wp-content\/uploads\/2019\/09\/JP-1024x680.jpg 1024w, https:\/\/splapszanka.lapszenizne.pl\/wp-content\/uploads\/2019\/09\/JP-360x239.jpg 360w\" sizes=\"auto, (max-width: 300px) 100vw, 300px\" \/><img loading=\"lazy\" decoding=\"async\" class=\"alignnone size-medium wp-image-245\" src=\"https:\/\/oldlapszanka.lapszenizne.pl\/wp-content\/uploads\/2019\/09\/15-300x194.jpg\" alt=\"\" width=\"300\" height=\"194\" srcset=\"https:\/\/splapszanka.lapszenizne.pl\/wp-content\/uploads\/2019\/09\/15-300x194.jpg 300w, https:\/\/splapszanka.lapszenizne.pl\/wp-content\/uploads\/2019\/09\/15-768x496.jpg 768w, https:\/\/splapszanka.lapszenizne.pl\/wp-content\/uploads\/2019\/09\/15-1024x662.jpg 1024w, https:\/\/splapszanka.lapszenizne.pl\/wp-content\/uploads\/2019\/09\/15-360x233.jpg 360w\" sizes=\"auto, (max-width: 300px) 100vw, 300px\" \/><img loading=\"lazy\" decoding=\"async\" class=\"alignnone size-medium wp-image-246\" src=\"https:\/\/oldlapszanka.lapszenizne.pl\/wp-content\/uploads\/2019\/09\/17-300x194.jpg\" alt=\"\" width=\"300\" height=\"194\" srcset=\"https:\/\/splapszanka.lapszenizne.pl\/wp-content\/uploads\/2019\/09\/17-300x194.jpg 300w, https:\/\/splapszanka.lapszenizne.pl\/wp-content\/uploads\/2019\/09\/17-768x496.jpg 768w, https:\/\/splapszanka.lapszenizne.pl\/wp-content\/uploads\/2019\/09\/17-1024x661.jpg 1024w, https:\/\/splapszanka.lapszenizne.pl\/wp-content\/uploads\/2019\/09\/17-360x232.jpg 360w\" sizes=\"auto, (max-width: 300px) 100vw, 300px\" \/> \u00a0<img loading=\"lazy\" decoding=\"async\" class=\"alignnone size-medium wp-image-241\" src=\"https:\/\/oldlapszanka.lapszenizne.pl\/wp-content\/uploads\/2019\/09\/7-199x300.jpg\" alt=\"\" width=\"199\" height=\"300\" srcset=\"https:\/\/splapszanka.lapszenizne.pl\/wp-content\/uploads\/2019\/09\/7-199x300.jpg 199w, https:\/\/splapszanka.lapszenizne.pl\/wp-content\/uploads\/2019\/09\/7-768x1156.jpg 768w, https:\/\/splapszanka.lapszenizne.pl\/wp-content\/uploads\/2019\/09\/7-680x1024.jpg 680w, https:\/\/splapszanka.lapszenizne.pl\/wp-content\/uploads\/2019\/09\/7-179x270.jpg 179w\" sizes=\"auto, (max-width: 199px) 100vw, 199px\" \/><img loading=\"lazy\" decoding=\"async\" class=\"alignnone size-medium wp-image-242\" src=\"https:\/\/oldlapszanka.lapszenizne.pl\/wp-content\/uploads\/2019\/09\/8-199x300.jpg\" alt=\"\" width=\"199\" height=\"300\" srcset=\"https:\/\/splapszanka.lapszenizne.pl\/wp-content\/uploads\/2019\/09\/8-199x300.jpg 199w, https:\/\/splapszanka.lapszenizne.pl\/wp-content\/uploads\/2019\/09\/8-768x1156.jpg 768w, https:\/\/splapszanka.lapszenizne.pl\/wp-content\/uploads\/2019\/09\/8-680x1024.jpg 680w, https:\/\/splapszanka.lapszenizne.pl\/wp-content\/uploads\/2019\/09\/8-179x270.jpg 179w\" sizes=\"auto, (max-width: 199px) 100vw, 199px\" \/><img loading=\"lazy\" decoding=\"async\" class=\"alignnone size-medium wp-image-243\" src=\"https:\/\/oldlapszanka.lapszenizne.pl\/wp-content\/uploads\/2019\/09\/9-300x199.jpg\" alt=\"\" width=\"300\" height=\"199\" srcset=\"https:\/\/splapszanka.lapszenizne.pl\/wp-content\/uploads\/2019\/09\/9-300x199.jpg 300w, https:\/\/splapszanka.lapszenizne.pl\/wp-content\/uploads\/2019\/09\/9-768x510.jpg 768w, https:\/\/splapszanka.lapszenizne.pl\/wp-content\/uploads\/2019\/09\/9-1024x680.jpg 1024w, https:\/\/splapszanka.lapszenizne.pl\/wp-content\/uploads\/2019\/09\/9-360x239.jpg 360w\" sizes=\"auto, (max-width: 300px) 100vw, 300px\" \/> \u00a0<img loading=\"lazy\" decoding=\"async\" class=\"alignnone size-medium wp-image-252\" src=\"https:\/\/oldlapszanka.lapszenizne.pl\/wp-content\/uploads\/2019\/09\/5-300x199.jpg\" alt=\"\" width=\"300\" height=\"199\" srcset=\"https:\/\/splapszanka.lapszenizne.pl\/wp-content\/uploads\/2019\/09\/5-300x199.jpg 300w, https:\/\/splapszanka.lapszenizne.pl\/wp-content\/uploads\/2019\/09\/5-768x510.jpg 768w, https:\/\/splapszanka.lapszenizne.pl\/wp-content\/uploads\/2019\/09\/5-1024x680.jpg 1024w, https:\/\/splapszanka.lapszenizne.pl\/wp-content\/uploads\/2019\/09\/5-360x239.jpg 360w\" sizes=\"auto, (max-width: 300px) 100vw, 300px\" \/> <img loading=\"lazy\" decoding=\"async\" class=\"alignnone size-medium wp-image-253\" src=\"https:\/\/oldlapszanka.lapszenizne.pl\/wp-content\/uploads\/2019\/09\/6-300x199.jpg\" alt=\"\" width=\"300\" height=\"199\" srcset=\"https:\/\/splapszanka.lapszenizne.pl\/wp-content\/uploads\/2019\/09\/6-300x199.jpg 300w, https:\/\/splapszanka.lapszenizne.pl\/wp-content\/uploads\/2019\/09\/6-768x510.jpg 768w, https:\/\/splapszanka.lapszenizne.pl\/wp-content\/uploads\/2019\/09\/6-1024x680.jpg 1024w, https:\/\/splapszanka.lapszenizne.pl\/wp-content\/uploads\/2019\/09\/6-360x239.jpg 360w\" sizes=\"auto, (max-width: 300px) 100vw, 300px\" \/><\/p>\n","protected":false},"excerpt":{"rendered":"<p>25 wrze\u015bnia klasa IV wraz z wychowawc\u0105 ruszy\u0142a szlakiem architektury drewnianej w\u00a0 poszukiwaniu urokliwych zak\u0105tk\u00f3w ma\u0142opolski.<\/p>\n","protected":false},"author":3,"featured_media":126,"comment_status":"open","ping_status":"open","sticky":false,"template":"","format":"image","meta":{"footnotes":""},"categories":[1],"tags":[5,4],"class_list":["post-125","post","type-post","status-publish","format-image","has-post-thumbnail","hentry","category-aktualnosci","tag-architektura","tag-konkurs","post_format-post-format-image"],"yoast_head":"<!-- This site is optimized with the Yoast SEO plugin v27.0 - https:\/\/yoast.com\/product\/yoast-seo-wordpress\/ -->\n<title>Na Szlaku Architektury Drewnianej - Szko\u0142a Podstawowa w \u0141apszance<\/title>\n<meta name=\"robots\" content=\"index, follow, max-snippet:-1, max-image-preview:large, max-video-preview:-1\" \/>\n<link rel=\"canonical\" href=\"https:\/\/splapszanka.lapszenizne.pl\/index.php\/2019\/09\/25\/na-szlaku-architektury-drewnianej\/\" \/>\n<meta property=\"og:locale\" content=\"pl_PL\" \/>\n<meta property=\"og:type\" content=\"article\" \/>\n<meta property=\"og:title\" content=\"Na Szlaku Architektury Drewnianej - Szko\u0142a Podstawowa w \u0141apszance\" \/>\n<meta property=\"og:description\" content=\"25 wrze\u015bnia klasa IV wraz z wychowawc\u0105 ruszy\u0142a szlakiem architektury drewnianej w\u00a0 poszukiwaniu urokliwych zak\u0105tk\u00f3w ma\u0142opolski.\" \/>\n<meta property=\"og:url\" content=\"https:\/\/splapszanka.lapszenizne.pl\/index.php\/2019\/09\/25\/na-szlaku-architektury-drewnianej\/\" \/>\n<meta property=\"og:site_name\" content=\"Szko\u0142a Podstawowa w \u0141apszance\" \/>\n<meta property=\"article:published_time\" content=\"2019-09-25T06:57:24+00:00\" \/>\n<meta property=\"article:modified_time\" content=\"2019-11-17T18:11:14+00:00\" \/>\n<meta property=\"og:image\" content=\"https:\/\/splapszanka.lapszenizne.pl\/wp-content\/uploads\/2019\/11\/71342791_1553019384840988_5370712666409009152_o.jpg\" \/>\n\t<meta property=\"og:image:width\" content=\"613\" \/>\n\t<meta property=\"og:image:height\" content=\"960\" \/>\n\t<meta property=\"og:image:type\" content=\"image\/jpeg\" \/>\n<meta name=\"author\" content=\"Katarzyna Kuruc\" \/>\n<meta name=\"twitter:card\" content=\"summary_large_image\" \/>\n<meta name=\"twitter:label1\" content=\"Napisane przez\" \/>\n\t<meta name=\"twitter:data1\" content=\"Katarzyna Kuruc\" \/>\n\t<meta name=\"twitter:label2\" content=\"Szacowany czas czytania\" \/>\n\t<meta name=\"twitter:data2\" content=\"1 minuta\" \/>\n<script type=\"application\/ld+json\" class=\"yoast-schema-graph\">{\"@context\":\"https:\/\/schema.org\",\"@graph\":[{\"@type\":\"Article\",\"@id\":\"https:\/\/splapszanka.lapszenizne.pl\/index.php\/2019\/09\/25\/na-szlaku-architektury-drewnianej\/#article\",\"isPartOf\":{\"@id\":\"https:\/\/splapszanka.lapszenizne.pl\/index.php\/2019\/09\/25\/na-szlaku-architektury-drewnianej\/\"},\"author\":{\"name\":\"Katarzyna Kuruc\",\"@id\":\"https:\/\/splapszanka.lapszenizne.pl\/#\/schema\/person\/6404b0ec0d52038e5f96070aa759635d\"},\"headline\":\"Na Szlaku Architektury Drewnianej\",\"datePublished\":\"2019-09-25T06:57:24+00:00\",\"dateModified\":\"2019-11-17T18:11:14+00:00\",\"mainEntityOfPage\":{\"@id\":\"https:\/\/splapszanka.lapszenizne.pl\/index.php\/2019\/09\/25\/na-szlaku-architektury-drewnianej\/\"},\"wordCount\":233,\"commentCount\":0,\"publisher\":{\"@id\":\"https:\/\/splapszanka.lapszenizne.pl\/#organization\"},\"image\":{\"@id\":\"https:\/\/splapszanka.lapszenizne.pl\/index.php\/2019\/09\/25\/na-szlaku-architektury-drewnianej\/#primaryimage\"},\"thumbnailUrl\":\"https:\/\/splapszanka.lapszenizne.pl\/wp-content\/uploads\/2019\/11\/71342791_1553019384840988_5370712666409009152_o.jpg\",\"keywords\":[\"#architektura\",\"#konkurs\"],\"articleSection\":[\"Aktualno\u015bci\"],\"inLanguage\":\"pl-PL\",\"potentialAction\":[{\"@type\":\"CommentAction\",\"name\":\"Comment\",\"target\":[\"https:\/\/splapszanka.lapszenizne.pl\/index.php\/2019\/09\/25\/na-szlaku-architektury-drewnianej\/#respond\"]}]},{\"@type\":\"WebPage\",\"@id\":\"https:\/\/splapszanka.lapszenizne.pl\/index.php\/2019\/09\/25\/na-szlaku-architektury-drewnianej\/\",\"url\":\"https:\/\/splapszanka.lapszenizne.pl\/index.php\/2019\/09\/25\/na-szlaku-architektury-drewnianej\/\",\"name\":\"Na Szlaku Architektury Drewnianej - Szko\u0142a Podstawowa w \u0141apszance\",\"isPartOf\":{\"@id\":\"https:\/\/splapszanka.lapszenizne.pl\/#website\"},\"primaryImageOfPage\":{\"@id\":\"https:\/\/splapszanka.lapszenizne.pl\/index.php\/2019\/09\/25\/na-szlaku-architektury-drewnianej\/#primaryimage\"},\"image\":{\"@id\":\"https:\/\/splapszanka.lapszenizne.pl\/index.php\/2019\/09\/25\/na-szlaku-architektury-drewnianej\/#primaryimage\"},\"thumbnailUrl\":\"https:\/\/splapszanka.lapszenizne.pl\/wp-content\/uploads\/2019\/11\/71342791_1553019384840988_5370712666409009152_o.jpg\",\"datePublished\":\"2019-09-25T06:57:24+00:00\",\"dateModified\":\"2019-11-17T18:11:14+00:00\",\"breadcrumb\":{\"@id\":\"https:\/\/splapszanka.lapszenizne.pl\/index.php\/2019\/09\/25\/na-szlaku-architektury-drewnianej\/#breadcrumb\"},\"inLanguage\":\"pl-PL\",\"potentialAction\":[{\"@type\":\"ReadAction\",\"target\":[\"https:\/\/splapszanka.lapszenizne.pl\/index.php\/2019\/09\/25\/na-szlaku-architektury-drewnianej\/\"]}]},{\"@type\":\"ImageObject\",\"inLanguage\":\"pl-PL\",\"@id\":\"https:\/\/splapszanka.lapszenizne.pl\/index.php\/2019\/09\/25\/na-szlaku-architektury-drewnianej\/#primaryimage\",\"url\":\"https:\/\/splapszanka.lapszenizne.pl\/wp-content\/uploads\/2019\/11\/71342791_1553019384840988_5370712666409009152_o.jpg\",\"contentUrl\":\"https:\/\/splapszanka.lapszenizne.pl\/wp-content\/uploads\/2019\/11\/71342791_1553019384840988_5370712666409009152_o.jpg\",\"width\":613,\"height\":960},{\"@type\":\"BreadcrumbList\",\"@id\":\"https:\/\/splapszanka.lapszenizne.pl\/index.php\/2019\/09\/25\/na-szlaku-architektury-drewnianej\/#breadcrumb\",\"itemListElement\":[{\"@type\":\"ListItem\",\"position\":1,\"name\":\"Strona g\u0142\u00f3wna\",\"item\":\"https:\/\/splapszanka.lapszenizne.pl\/\"},{\"@type\":\"ListItem\",\"position\":2,\"name\":\"Na Szlaku Architektury Drewnianej\"}]},{\"@type\":\"WebSite\",\"@id\":\"https:\/\/splapszanka.lapszenizne.pl\/#website\",\"url\":\"https:\/\/splapszanka.lapszenizne.pl\/\",\"name\":\"Szko\u0142a Podstawowa w \u0141apszance\",\"description\":\"\u0141apszanka ul. D\u0142uga 35,  34-442 \u0141apsze Ni\u017cne,  woj. ma\u0142opolskie\",\"publisher\":{\"@id\":\"https:\/\/splapszanka.lapszenizne.pl\/#organization\"},\"potentialAction\":[{\"@type\":\"SearchAction\",\"target\":{\"@type\":\"EntryPoint\",\"urlTemplate\":\"https:\/\/splapszanka.lapszenizne.pl\/?s={search_term_string}\"},\"query-input\":{\"@type\":\"PropertyValueSpecification\",\"valueRequired\":true,\"valueName\":\"search_term_string\"}}],\"inLanguage\":\"pl-PL\"},{\"@type\":\"Organization\",\"@id\":\"https:\/\/splapszanka.lapszenizne.pl\/#organization\",\"name\":\"Szko\u0142a Podstawowa w \u0141apszance\",\"url\":\"https:\/\/splapszanka.lapszenizne.pl\/\",\"logo\":{\"@type\":\"ImageObject\",\"inLanguage\":\"pl-PL\",\"@id\":\"https:\/\/splapszanka.lapszenizne.pl\/#\/schema\/logo\/image\/\",\"url\":\"https:\/\/splapszanka.lapszenizne.pl\/wp-content\/uploads\/2020\/03\/cropped-75328783_1588584124617847_5132413514161324032_o.jpg\",\"contentUrl\":\"https:\/\/splapszanka.lapszenizne.pl\/wp-content\/uploads\/2020\/03\/cropped-75328783_1588584124617847_5132413514161324032_o.jpg\",\"width\":1830,\"height\":1202,\"caption\":\"Szko\u0142a Podstawowa w \u0141apszance\"},\"image\":{\"@id\":\"https:\/\/splapszanka.lapszenizne.pl\/#\/schema\/logo\/image\/\"}},{\"@type\":\"Person\",\"@id\":\"https:\/\/splapszanka.lapszenizne.pl\/#\/schema\/person\/6404b0ec0d52038e5f96070aa759635d\",\"name\":\"Katarzyna Kuruc\",\"image\":{\"@type\":\"ImageObject\",\"inLanguage\":\"pl-PL\",\"@id\":\"https:\/\/splapszanka.lapszenizne.pl\/#\/schema\/person\/image\/\",\"url\":\"https:\/\/secure.gravatar.com\/avatar\/afa35e0fa7edad46d4a035bc61001fc64814cea0edb6dbf2d6b73ab958c7e122?s=96&d=mm&r=g\",\"contentUrl\":\"https:\/\/secure.gravatar.com\/avatar\/afa35e0fa7edad46d4a035bc61001fc64814cea0edb6dbf2d6b73ab958c7e122?s=96&d=mm&r=g\",\"caption\":\"Katarzyna Kuruc\"},\"sameAs\":[\"http:\/\/oldlapszanka.lapszenizne.pl\"],\"url\":\"https:\/\/splapszanka.lapszenizne.pl\/index.php\/author\/katarzyna-kuruc\/\"}]}<\/script>\n<!-- \/ Yoast SEO plugin. -->","yoast_head_json":{"title":"Na Szlaku Architektury Drewnianej - Szko\u0142a Podstawowa w \u0141apszance","robots":{"index":"index","follow":"follow","max-snippet":"max-snippet:-1","max-image-preview":"max-image-preview:large","max-video-preview":"max-video-preview:-1"},"canonical":"https:\/\/splapszanka.lapszenizne.pl\/index.php\/2019\/09\/25\/na-szlaku-architektury-drewnianej\/","og_locale":"pl_PL","og_type":"article","og_title":"Na Szlaku Architektury Drewnianej - Szko\u0142a Podstawowa w \u0141apszance","og_description":"25 wrze\u015bnia klasa IV wraz z wychowawc\u0105 ruszy\u0142a szlakiem architektury drewnianej w\u00a0 poszukiwaniu urokliwych zak\u0105tk\u00f3w ma\u0142opolski.","og_url":"https:\/\/splapszanka.lapszenizne.pl\/index.php\/2019\/09\/25\/na-szlaku-architektury-drewnianej\/","og_site_name":"Szko\u0142a Podstawowa w \u0141apszance","article_published_time":"2019-09-25T06:57:24+00:00","article_modified_time":"2019-11-17T18:11:14+00:00","og_image":[{"width":613,"height":960,"url":"https:\/\/splapszanka.lapszenizne.pl\/wp-content\/uploads\/2019\/11\/71342791_1553019384840988_5370712666409009152_o.jpg","type":"image\/jpeg"}],"author":"Katarzyna Kuruc","twitter_card":"summary_large_image","twitter_misc":{"Napisane przez":"Katarzyna Kuruc","Szacowany czas czytania":"1 minuta"},"schema":{"@context":"https:\/\/schema.org","@graph":[{"@type":"Article","@id":"https:\/\/splapszanka.lapszenizne.pl\/index.php\/2019\/09\/25\/na-szlaku-architektury-drewnianej\/#article","isPartOf":{"@id":"https:\/\/splapszanka.lapszenizne.pl\/index.php\/2019\/09\/25\/na-szlaku-architektury-drewnianej\/"},"author":{"name":"Katarzyna Kuruc","@id":"https:\/\/splapszanka.lapszenizne.pl\/#\/schema\/person\/6404b0ec0d52038e5f96070aa759635d"},"headline":"Na Szlaku Architektury Drewnianej","datePublished":"2019-09-25T06:57:24+00:00","dateModified":"2019-11-17T18:11:14+00:00","mainEntityOfPage":{"@id":"https:\/\/splapszanka.lapszenizne.pl\/index.php\/2019\/09\/25\/na-szlaku-architektury-drewnianej\/"},"wordCount":233,"commentCount":0,"publisher":{"@id":"https:\/\/splapszanka.lapszenizne.pl\/#organization"},"image":{"@id":"https:\/\/splapszanka.lapszenizne.pl\/index.php\/2019\/09\/25\/na-szlaku-architektury-drewnianej\/#primaryimage"},"thumbnailUrl":"https:\/\/splapszanka.lapszenizne.pl\/wp-content\/uploads\/2019\/11\/71342791_1553019384840988_5370712666409009152_o.jpg","keywords":["#architektura","#konkurs"],"articleSection":["Aktualno\u015bci"],"inLanguage":"pl-PL","potentialAction":[{"@type":"CommentAction","name":"Comment","target":["https:\/\/splapszanka.lapszenizne.pl\/index.php\/2019\/09\/25\/na-szlaku-architektury-drewnianej\/#respond"]}]},{"@type":"WebPage","@id":"https:\/\/splapszanka.lapszenizne.pl\/index.php\/2019\/09\/25\/na-szlaku-architektury-drewnianej\/","url":"https:\/\/splapszanka.lapszenizne.pl\/index.php\/2019\/09\/25\/na-szlaku-architektury-drewnianej\/","name":"Na Szlaku Architektury Drewnianej - Szko\u0142a Podstawowa w \u0141apszance","isPartOf":{"@id":"https:\/\/splapszanka.lapszenizne.pl\/#website"},"primaryImageOfPage":{"@id":"https:\/\/splapszanka.lapszenizne.pl\/index.php\/2019\/09\/25\/na-szlaku-architektury-drewnianej\/#primaryimage"},"image":{"@id":"https:\/\/splapszanka.lapszenizne.pl\/index.php\/2019\/09\/25\/na-szlaku-architektury-drewnianej\/#primaryimage"},"thumbnailUrl":"https:\/\/splapszanka.lapszenizne.pl\/wp-content\/uploads\/2019\/11\/71342791_1553019384840988_5370712666409009152_o.jpg","datePublished":"2019-09-25T06:57:24+00:00","dateModified":"2019-11-17T18:11:14+00:00","breadcrumb":{"@id":"https:\/\/splapszanka.lapszenizne.pl\/index.php\/2019\/09\/25\/na-szlaku-architektury-drewnianej\/#breadcrumb"},"inLanguage":"pl-PL","potentialAction":[{"@type":"ReadAction","target":["https:\/\/splapszanka.lapszenizne.pl\/index.php\/2019\/09\/25\/na-szlaku-architektury-drewnianej\/"]}]},{"@type":"ImageObject","inLanguage":"pl-PL","@id":"https:\/\/splapszanka.lapszenizne.pl\/index.php\/2019\/09\/25\/na-szlaku-architektury-drewnianej\/#primaryimage","url":"https:\/\/splapszanka.lapszenizne.pl\/wp-content\/uploads\/2019\/11\/71342791_1553019384840988_5370712666409009152_o.jpg","contentUrl":"https:\/\/splapszanka.lapszenizne.pl\/wp-content\/uploads\/2019\/11\/71342791_1553019384840988_5370712666409009152_o.jpg","width":613,"height":960},{"@type":"BreadcrumbList","@id":"https:\/\/splapszanka.lapszenizne.pl\/index.php\/2019\/09\/25\/na-szlaku-architektury-drewnianej\/#breadcrumb","itemListElement":[{"@type":"ListItem","position":1,"name":"Strona g\u0142\u00f3wna","item":"https:\/\/splapszanka.lapszenizne.pl\/"},{"@type":"ListItem","position":2,"name":"Na Szlaku Architektury Drewnianej"}]},{"@type":"WebSite","@id":"https:\/\/splapszanka.lapszenizne.pl\/#website","url":"https:\/\/splapszanka.lapszenizne.pl\/","name":"Szko\u0142a Podstawowa w \u0141apszance","description":"\u0141apszanka ul. D\u0142uga 35,  34-442 \u0141apsze Ni\u017cne,  woj. ma\u0142opolskie","publisher":{"@id":"https:\/\/splapszanka.lapszenizne.pl\/#organization"},"potentialAction":[{"@type":"SearchAction","target":{"@type":"EntryPoint","urlTemplate":"https:\/\/splapszanka.lapszenizne.pl\/?s={search_term_string}"},"query-input":{"@type":"PropertyValueSpecification","valueRequired":true,"valueName":"search_term_string"}}],"inLanguage":"pl-PL"},{"@type":"Organization","@id":"https:\/\/splapszanka.lapszenizne.pl\/#organization","name":"Szko\u0142a Podstawowa w \u0141apszance","url":"https:\/\/splapszanka.lapszenizne.pl\/","logo":{"@type":"ImageObject","inLanguage":"pl-PL","@id":"https:\/\/splapszanka.lapszenizne.pl\/#\/schema\/logo\/image\/","url":"https:\/\/splapszanka.lapszenizne.pl\/wp-content\/uploads\/2020\/03\/cropped-75328783_1588584124617847_5132413514161324032_o.jpg","contentUrl":"https:\/\/splapszanka.lapszenizne.pl\/wp-content\/uploads\/2020\/03\/cropped-75328783_1588584124617847_5132413514161324032_o.jpg","width":1830,"height":1202,"caption":"Szko\u0142a Podstawowa w \u0141apszance"},"image":{"@id":"https:\/\/splapszanka.lapszenizne.pl\/#\/schema\/logo\/image\/"}},{"@type":"Person","@id":"https:\/\/splapszanka.lapszenizne.pl\/#\/schema\/person\/6404b0ec0d52038e5f96070aa759635d","name":"Katarzyna Kuruc","image":{"@type":"ImageObject","inLanguage":"pl-PL","@id":"https:\/\/splapszanka.lapszenizne.pl\/#\/schema\/person\/image\/","url":"https:\/\/secure.gravatar.com\/avatar\/afa35e0fa7edad46d4a035bc61001fc64814cea0edb6dbf2d6b73ab958c7e122?s=96&d=mm&r=g","contentUrl":"https:\/\/secure.gravatar.com\/avatar\/afa35e0fa7edad46d4a035bc61001fc64814cea0edb6dbf2d6b73ab958c7e122?s=96&d=mm&r=g","caption":"Katarzyna Kuruc"},"sameAs":["http:\/\/oldlapszanka.lapszenizne.pl"],"url":"https:\/\/splapszanka.lapszenizne.pl\/index.php\/author\/katarzyna-kuruc\/"}]}},"_links":{"self":[{"href":"https:\/\/splapszanka.lapszenizne.pl\/index.php\/wp-json\/wp\/v2\/posts\/125","targetHints":{"allow":["GET"]}}],"collection":[{"href":"https:\/\/splapszanka.lapszenizne.pl\/index.php\/wp-json\/wp\/v2\/posts"}],"about":[{"href":"https:\/\/splapszanka.lapszenizne.pl\/index.php\/wp-json\/wp\/v2\/types\/post"}],"author":[{"embeddable":true,"href":"https:\/\/splapszanka.lapszenizne.pl\/index.php\/wp-json\/wp\/v2\/users\/3"}],"replies":[{"embeddable":true,"href":"https:\/\/splapszanka.lapszenizne.pl\/index.php\/wp-json\/wp\/v2\/comments?post=125"}],"version-history":[{"count":7,"href":"https:\/\/splapszanka.lapszenizne.pl\/index.php\/wp-json\/wp\/v2\/posts\/125\/revisions"}],"predecessor-version":[{"id":254,"href":"https:\/\/splapszanka.lapszenizne.pl\/index.php\/wp-json\/wp\/v2\/posts\/125\/revisions\/254"}],"wp:featuredmedia":[{"embeddable":true,"href":"https:\/\/splapszanka.lapszenizne.pl\/index.php\/wp-json\/wp\/v2\/media\/126"}],"wp:attachment":[{"href":"https:\/\/splapszanka.lapszenizne.pl\/index.php\/wp-json\/wp\/v2\/media?parent=125"}],"wp:term":[{"taxonomy":"category","embeddable":true,"href":"https:\/\/splapszanka.lapszenizne.pl\/index.php\/wp-json\/wp\/v2\/categories?post=125"},{"taxonomy":"post_tag","embeddable":true,"href":"https:\/\/splapszanka.lapszenizne.pl\/index.php\/wp-json\/wp\/v2\/tags?post=125"}],"curies":[{"name":"wp","href":"https:\/\/api.w.org\/{rel}","templated":true}]}}