{"id":1183,"date":"2021-11-01T20:15:35","date_gmt":"2021-11-01T19:15:35","guid":{"rendered":"https:\/\/splapszanka.lapszenizne.pl\/?p=1183"},"modified":"2021-11-01T20:35:53","modified_gmt":"2021-11-01T19:35:53","slug":"sieciaki-nowe-ksiazki-edukacyjne-dla-dzieci","status":"publish","type":"post","link":"https:\/\/splapszanka.lapszenizne.pl\/index.php\/2021\/11\/01\/sieciaki-nowe-ksiazki-edukacyjne-dla-dzieci\/","title":{"rendered":"SIECIAKI &#8211; nowe ksi\u0105\u017cki edukacyjne dla dzieci"},"content":{"rendered":"<p style=\"font-weight: 400;\">W Fundacji Dajemy Dzieciom Si\u0142\u0119, ju\u017c od wielu lat promujemy bezpieczne i pozytywne korzystanie z internetu przez dzieci i m\u0142odzie\u017c. W tym celu opracowujemy materia\u0142y edukacyjne przeznaczone w\u0142a\u015bnie dla uczni\u00f3w, rodzic\u00f3w i nauczycieli. W 2004 r. powo\u0142ali\u015bmy do \u017cycia projekt Sieciaki.pl, w kt\u00f3rym przygody czw\u00f3rki szkolnych przyjaci\u00f3\u0142 sta\u0142y si\u0119 podstaw\u0105 wielu propozycji edukacyjnych, wykorzystywanych w wi\u0119kszo\u015bci polskich szk\u00f3\u0142. Z przyjemno\u015bci\u0105 informujemy, \u017ce w ostatnim czasie projekt wzbogacili\u015bmy o dwie ksi\u0105\u017cki dla dzieci:<\/p>\n<p style=\"font-weight: 400;\">SIECIAKI Misja bezpieczny internet<\/p>\n<p style=\"font-weight: 400;\">SIECIAKI Twarzozmieniacz i Wieka Gala Fejmu<\/p>\n<p style=\"font-weight: 400;\">Ksi\u0105\u017cki, napisane przez eksperta ds. bezpiecze\u0144stwa dzieci i m\u0142odzie\u017cy w internecie &#8211; \u0141ukasza Wojtasika, opisuj\u0105 w barwny spos\u00f3b przygody Sieciak\u00f3w, a jednocze\u015bnie poruszaj\u0105 istotne problemy i zagro\u017cenia zwi\u0105zane z korzystaniem z internetu, m.in. jego nadu\u017cywaniem, hejtem, czy bezkrytyczn\u0105 pogoni\u0105 za popularno\u015bci\u0105 online. Prezentuj\u0105 tak\u017ce warte na\u015bladowania zachowania, dobre praktyki i sposoby radzenia sobie z internetowymi wyzwaniami.<\/p>\n<p style=\"font-weight: 400;\">\u00a0Fundacja Dajemy Dzieciom Si\u0142\u0119<\/p>\n<p style=\"font-weight: 400;\">Wi\u0119cej informacji na temat ksi\u0105\u017cek znajduje si\u0119 na stronie:\u00a0<a href=\"http:\/\/dajemydzieciomsile.snewsletter.com\/k3\/398\/br\/11ps\/a3d5b8fa2d205\/if6yJ6M2\" data-saferedirecturl=\"https:\/\/www.google.com\/url?q=http:\/\/dajemydzieciomsile.snewsletter.com\/k3\/398\/br\/11ps\/a3d5b8fa2d205\/if6yJ6M2&amp;source=gmail&amp;ust=1635879792631000&amp;usg=AFQjCNHh-FqsqES8eEdsECTknFlb2M5TCQ\">Sieciaki.pl<\/a>.<\/p>\n<p style=\"font-weight: 400;\">W razie pyta\u0144 prosimy o wiadomo\u015b\u0107 na adres mailowy:\u00a0<a href=\"mailto:dzieckowsieci@fdds.pl\">dzieckowsieci@fdds.pl<\/a><\/p>\n","protected":false},"excerpt":{"rendered":"<p>W Fundacji Dajemy Dzieciom Si\u0142\u0119, ju\u017c od wielu lat promujemy bezpieczne i pozytywne korzystanie z internetu przez dzieci i m\u0142odzie\u017c. W tym celu opracowujemy materia\u0142y edukacyjne przeznaczone w\u0142a\u015bnie dla uczni\u00f3w, rodzic\u00f3w i nauczycieli. W 2004 r. powo\u0142ali\u015bmy do \u017cycia projekt <a href=\"https:\/\/splapszanka.lapszenizne.pl\/index.php\/2021\/11\/01\/sieciaki-nowe-ksiazki-edukacyjne-dla-dzieci\/\" class=\"read-more\">Czytaj Dalej<\/a><\/p>\n","protected":false},"author":2,"featured_media":1184,"comment_status":"closed","ping_status":"open","sticky":false,"template":"","format":"standard","meta":{"footnotes":""},"categories":[1],"tags":[],"class_list":["post-1183","post","type-post","status-publish","format-standard","has-post-thumbnail","hentry","category-aktualnosci"],"yoast_head":"<!-- This site is optimized with the Yoast SEO plugin v27.0 - https:\/\/yoast.com\/product\/yoast-seo-wordpress\/ -->\n<title>SIECIAKI - nowe ksi\u0105\u017cki edukacyjne dla dzieci - Szko\u0142a Podstawowa w \u0141apszance<\/title>\n<meta name=\"robots\" content=\"index, follow, max-snippet:-1, max-image-preview:large, max-video-preview:-1\" \/>\n<link rel=\"canonical\" href=\"https:\/\/splapszanka.lapszenizne.pl\/index.php\/2021\/11\/01\/sieciaki-nowe-ksiazki-edukacyjne-dla-dzieci\/\" \/>\n<meta property=\"og:locale\" content=\"pl_PL\" \/>\n<meta property=\"og:type\" content=\"article\" \/>\n<meta property=\"og:title\" content=\"SIECIAKI - nowe ksi\u0105\u017cki edukacyjne dla dzieci - Szko\u0142a Podstawowa w \u0141apszance\" \/>\n<meta property=\"og:description\" content=\"W Fundacji Dajemy Dzieciom Si\u0142\u0119, ju\u017c od wielu lat promujemy bezpieczne i pozytywne korzystanie z internetu przez dzieci i m\u0142odzie\u017c. W tym celu opracowujemy materia\u0142y edukacyjne przeznaczone w\u0142a\u015bnie dla uczni\u00f3w, rodzic\u00f3w i nauczycieli. W 2004 r. powo\u0142ali\u015bmy do \u017cycia projekt Czytaj Dalej\" \/>\n<meta property=\"og:url\" content=\"https:\/\/splapszanka.lapszenizne.pl\/index.php\/2021\/11\/01\/sieciaki-nowe-ksiazki-edukacyjne-dla-dzieci\/\" \/>\n<meta property=\"og:site_name\" content=\"Szko\u0142a Podstawowa w \u0141apszance\" \/>\n<meta property=\"article:published_time\" content=\"2021-11-01T19:15:35+00:00\" \/>\n<meta property=\"article:modified_time\" content=\"2021-11-01T19:35:53+00:00\" \/>\n<meta property=\"og:image\" content=\"https:\/\/splapszanka.lapszenizne.pl\/wp-content\/uploads\/2021\/11\/Sieciaki_FB-1.jpg\" \/>\n\t<meta property=\"og:image:width\" content=\"940\" \/>\n\t<meta property=\"og:image:height\" content=\"788\" \/>\n\t<meta property=\"og:image:type\" content=\"image\/jpeg\" \/>\n<meta name=\"author\" content=\"Ma\u0142gorzata Kami\u0144ska\" \/>\n<meta name=\"twitter:card\" content=\"summary_large_image\" \/>\n<meta name=\"twitter:label1\" content=\"Napisane przez\" \/>\n\t<meta name=\"twitter:data1\" content=\"Ma\u0142gorzata Kami\u0144ska\" \/>\n\t<meta name=\"twitter:label2\" content=\"Szacowany czas czytania\" \/>\n\t<meta name=\"twitter:data2\" content=\"1 minuta\" \/>\n<script type=\"application\/ld+json\" class=\"yoast-schema-graph\">{\"@context\":\"https:\/\/schema.org\",\"@graph\":[{\"@type\":\"Article\",\"@id\":\"https:\/\/splapszanka.lapszenizne.pl\/index.php\/2021\/11\/01\/sieciaki-nowe-ksiazki-edukacyjne-dla-dzieci\/#article\",\"isPartOf\":{\"@id\":\"https:\/\/splapszanka.lapszenizne.pl\/index.php\/2021\/11\/01\/sieciaki-nowe-ksiazki-edukacyjne-dla-dzieci\/\"},\"author\":{\"name\":\"Ma\u0142gorzata Kami\u0144ska\",\"@id\":\"https:\/\/splapszanka.lapszenizne.pl\/#\/schema\/person\/7966120f2db6326caa37187324bc225e\"},\"headline\":\"SIECIAKI &#8211; nowe ksi\u0105\u017cki edukacyjne dla dzieci\",\"datePublished\":\"2021-11-01T19:15:35+00:00\",\"dateModified\":\"2021-11-01T19:35:53+00:00\",\"mainEntityOfPage\":{\"@id\":\"https:\/\/splapszanka.lapszenizne.pl\/index.php\/2021\/11\/01\/sieciaki-nowe-ksiazki-edukacyjne-dla-dzieci\/\"},\"wordCount\":205,\"publisher\":{\"@id\":\"https:\/\/splapszanka.lapszenizne.pl\/#organization\"},\"image\":{\"@id\":\"https:\/\/splapszanka.lapszenizne.pl\/index.php\/2021\/11\/01\/sieciaki-nowe-ksiazki-edukacyjne-dla-dzieci\/#primaryimage\"},\"thumbnailUrl\":\"https:\/\/splapszanka.lapszenizne.pl\/wp-content\/uploads\/2021\/11\/Sieciaki_FB-1.jpg\",\"articleSection\":[\"Aktualno\u015bci\"],\"inLanguage\":\"pl-PL\"},{\"@type\":\"WebPage\",\"@id\":\"https:\/\/splapszanka.lapszenizne.pl\/index.php\/2021\/11\/01\/sieciaki-nowe-ksiazki-edukacyjne-dla-dzieci\/\",\"url\":\"https:\/\/splapszanka.lapszenizne.pl\/index.php\/2021\/11\/01\/sieciaki-nowe-ksiazki-edukacyjne-dla-dzieci\/\",\"name\":\"SIECIAKI - nowe ksi\u0105\u017cki edukacyjne dla dzieci - Szko\u0142a Podstawowa w \u0141apszance\",\"isPartOf\":{\"@id\":\"https:\/\/splapszanka.lapszenizne.pl\/#website\"},\"primaryImageOfPage\":{\"@id\":\"https:\/\/splapszanka.lapszenizne.pl\/index.php\/2021\/11\/01\/sieciaki-nowe-ksiazki-edukacyjne-dla-dzieci\/#primaryimage\"},\"image\":{\"@id\":\"https:\/\/splapszanka.lapszenizne.pl\/index.php\/2021\/11\/01\/sieciaki-nowe-ksiazki-edukacyjne-dla-dzieci\/#primaryimage\"},\"thumbnailUrl\":\"https:\/\/splapszanka.lapszenizne.pl\/wp-content\/uploads\/2021\/11\/Sieciaki_FB-1.jpg\",\"datePublished\":\"2021-11-01T19:15:35+00:00\",\"dateModified\":\"2021-11-01T19:35:53+00:00\",\"breadcrumb\":{\"@id\":\"https:\/\/splapszanka.lapszenizne.pl\/index.php\/2021\/11\/01\/sieciaki-nowe-ksiazki-edukacyjne-dla-dzieci\/#breadcrumb\"},\"inLanguage\":\"pl-PL\",\"potentialAction\":[{\"@type\":\"ReadAction\",\"target\":[\"https:\/\/splapszanka.lapszenizne.pl\/index.php\/2021\/11\/01\/sieciaki-nowe-ksiazki-edukacyjne-dla-dzieci\/\"]}]},{\"@type\":\"ImageObject\",\"inLanguage\":\"pl-PL\",\"@id\":\"https:\/\/splapszanka.lapszenizne.pl\/index.php\/2021\/11\/01\/sieciaki-nowe-ksiazki-edukacyjne-dla-dzieci\/#primaryimage\",\"url\":\"https:\/\/splapszanka.lapszenizne.pl\/wp-content\/uploads\/2021\/11\/Sieciaki_FB-1.jpg\",\"contentUrl\":\"https:\/\/splapszanka.lapszenizne.pl\/wp-content\/uploads\/2021\/11\/Sieciaki_FB-1.jpg\",\"width\":940,\"height\":788,\"caption\":\"plakat akcji\"},{\"@type\":\"BreadcrumbList\",\"@id\":\"https:\/\/splapszanka.lapszenizne.pl\/index.php\/2021\/11\/01\/sieciaki-nowe-ksiazki-edukacyjne-dla-dzieci\/#breadcrumb\",\"itemListElement\":[{\"@type\":\"ListItem\",\"position\":1,\"name\":\"Strona g\u0142\u00f3wna\",\"item\":\"https:\/\/splapszanka.lapszenizne.pl\/\"},{\"@type\":\"ListItem\",\"position\":2,\"name\":\"SIECIAKI &#8211; nowe ksi\u0105\u017cki edukacyjne dla dzieci\"}]},{\"@type\":\"WebSite\",\"@id\":\"https:\/\/splapszanka.lapszenizne.pl\/#website\",\"url\":\"https:\/\/splapszanka.lapszenizne.pl\/\",\"name\":\"Szko\u0142a Podstawowa w \u0141apszance\",\"description\":\"\u0141apszanka ul. D\u0142uga 35,  34-442 \u0141apsze Ni\u017cne,  woj. ma\u0142opolskie\",\"publisher\":{\"@id\":\"https:\/\/splapszanka.lapszenizne.pl\/#organization\"},\"potentialAction\":[{\"@type\":\"SearchAction\",\"target\":{\"@type\":\"EntryPoint\",\"urlTemplate\":\"https:\/\/splapszanka.lapszenizne.pl\/?s={search_term_string}\"},\"query-input\":{\"@type\":\"PropertyValueSpecification\",\"valueRequired\":true,\"valueName\":\"search_term_string\"}}],\"inLanguage\":\"pl-PL\"},{\"@type\":\"Organization\",\"@id\":\"https:\/\/splapszanka.lapszenizne.pl\/#organization\",\"name\":\"Szko\u0142a Podstawowa w \u0141apszance\",\"url\":\"https:\/\/splapszanka.lapszenizne.pl\/\",\"logo\":{\"@type\":\"ImageObject\",\"inLanguage\":\"pl-PL\",\"@id\":\"https:\/\/splapszanka.lapszenizne.pl\/#\/schema\/logo\/image\/\",\"url\":\"https:\/\/splapszanka.lapszenizne.pl\/wp-content\/uploads\/2020\/03\/cropped-75328783_1588584124617847_5132413514161324032_o.jpg\",\"contentUrl\":\"https:\/\/splapszanka.lapszenizne.pl\/wp-content\/uploads\/2020\/03\/cropped-75328783_1588584124617847_5132413514161324032_o.jpg\",\"width\":1830,\"height\":1202,\"caption\":\"Szko\u0142a Podstawowa w \u0141apszance\"},\"image\":{\"@id\":\"https:\/\/splapszanka.lapszenizne.pl\/#\/schema\/logo\/image\/\"}},{\"@type\":\"Person\",\"@id\":\"https:\/\/splapszanka.lapszenizne.pl\/#\/schema\/person\/7966120f2db6326caa37187324bc225e\",\"name\":\"Ma\u0142gorzata Kami\u0144ska\",\"image\":{\"@type\":\"ImageObject\",\"inLanguage\":\"pl-PL\",\"@id\":\"https:\/\/splapszanka.lapszenizne.pl\/#\/schema\/person\/image\/\",\"url\":\"https:\/\/secure.gravatar.com\/avatar\/7b25bd82d8287490c4c46d998eb38a88d0aa38fdf79ec1329f845d553d730d06?s=96&d=mm&r=g\",\"contentUrl\":\"https:\/\/secure.gravatar.com\/avatar\/7b25bd82d8287490c4c46d998eb38a88d0aa38fdf79ec1329f845d553d730d06?s=96&d=mm&r=g\",\"caption\":\"Ma\u0142gorzata Kami\u0144ska\"},\"url\":\"https:\/\/splapszanka.lapszenizne.pl\/index.php\/author\/gosia\/\"}]}<\/script>\n<!-- \/ Yoast SEO plugin. -->","yoast_head_json":{"title":"SIECIAKI - nowe ksi\u0105\u017cki edukacyjne dla dzieci - Szko\u0142a Podstawowa w \u0141apszance","robots":{"index":"index","follow":"follow","max-snippet":"max-snippet:-1","max-image-preview":"max-image-preview:large","max-video-preview":"max-video-preview:-1"},"canonical":"https:\/\/splapszanka.lapszenizne.pl\/index.php\/2021\/11\/01\/sieciaki-nowe-ksiazki-edukacyjne-dla-dzieci\/","og_locale":"pl_PL","og_type":"article","og_title":"SIECIAKI - nowe ksi\u0105\u017cki edukacyjne dla dzieci - Szko\u0142a Podstawowa w \u0141apszance","og_description":"W Fundacji Dajemy Dzieciom Si\u0142\u0119, ju\u017c od wielu lat promujemy bezpieczne i pozytywne korzystanie z internetu przez dzieci i m\u0142odzie\u017c. W tym celu opracowujemy materia\u0142y edukacyjne przeznaczone w\u0142a\u015bnie dla uczni\u00f3w, rodzic\u00f3w i nauczycieli. W 2004 r. powo\u0142ali\u015bmy do \u017cycia projekt Czytaj Dalej","og_url":"https:\/\/splapszanka.lapszenizne.pl\/index.php\/2021\/11\/01\/sieciaki-nowe-ksiazki-edukacyjne-dla-dzieci\/","og_site_name":"Szko\u0142a Podstawowa w \u0141apszance","article_published_time":"2021-11-01T19:15:35+00:00","article_modified_time":"2021-11-01T19:35:53+00:00","og_image":[{"width":940,"height":788,"url":"https:\/\/splapszanka.lapszenizne.pl\/wp-content\/uploads\/2021\/11\/Sieciaki_FB-1.jpg","type":"image\/jpeg"}],"author":"Ma\u0142gorzata Kami\u0144ska","twitter_card":"summary_large_image","twitter_misc":{"Napisane przez":"Ma\u0142gorzata Kami\u0144ska","Szacowany czas czytania":"1 minuta"},"schema":{"@context":"https:\/\/schema.org","@graph":[{"@type":"Article","@id":"https:\/\/splapszanka.lapszenizne.pl\/index.php\/2021\/11\/01\/sieciaki-nowe-ksiazki-edukacyjne-dla-dzieci\/#article","isPartOf":{"@id":"https:\/\/splapszanka.lapszenizne.pl\/index.php\/2021\/11\/01\/sieciaki-nowe-ksiazki-edukacyjne-dla-dzieci\/"},"author":{"name":"Ma\u0142gorzata Kami\u0144ska","@id":"https:\/\/splapszanka.lapszenizne.pl\/#\/schema\/person\/7966120f2db6326caa37187324bc225e"},"headline":"SIECIAKI &#8211; nowe ksi\u0105\u017cki edukacyjne dla dzieci","datePublished":"2021-11-01T19:15:35+00:00","dateModified":"2021-11-01T19:35:53+00:00","mainEntityOfPage":{"@id":"https:\/\/splapszanka.lapszenizne.pl\/index.php\/2021\/11\/01\/sieciaki-nowe-ksiazki-edukacyjne-dla-dzieci\/"},"wordCount":205,"publisher":{"@id":"https:\/\/splapszanka.lapszenizne.pl\/#organization"},"image":{"@id":"https:\/\/splapszanka.lapszenizne.pl\/index.php\/2021\/11\/01\/sieciaki-nowe-ksiazki-edukacyjne-dla-dzieci\/#primaryimage"},"thumbnailUrl":"https:\/\/splapszanka.lapszenizne.pl\/wp-content\/uploads\/2021\/11\/Sieciaki_FB-1.jpg","articleSection":["Aktualno\u015bci"],"inLanguage":"pl-PL"},{"@type":"WebPage","@id":"https:\/\/splapszanka.lapszenizne.pl\/index.php\/2021\/11\/01\/sieciaki-nowe-ksiazki-edukacyjne-dla-dzieci\/","url":"https:\/\/splapszanka.lapszenizne.pl\/index.php\/2021\/11\/01\/sieciaki-nowe-ksiazki-edukacyjne-dla-dzieci\/","name":"SIECIAKI - nowe ksi\u0105\u017cki edukacyjne dla dzieci - Szko\u0142a Podstawowa w \u0141apszance","isPartOf":{"@id":"https:\/\/splapszanka.lapszenizne.pl\/#website"},"primaryImageOfPage":{"@id":"https:\/\/splapszanka.lapszenizne.pl\/index.php\/2021\/11\/01\/sieciaki-nowe-ksiazki-edukacyjne-dla-dzieci\/#primaryimage"},"image":{"@id":"https:\/\/splapszanka.lapszenizne.pl\/index.php\/2021\/11\/01\/sieciaki-nowe-ksiazki-edukacyjne-dla-dzieci\/#primaryimage"},"thumbnailUrl":"https:\/\/splapszanka.lapszenizne.pl\/wp-content\/uploads\/2021\/11\/Sieciaki_FB-1.jpg","datePublished":"2021-11-01T19:15:35+00:00","dateModified":"2021-11-01T19:35:53+00:00","breadcrumb":{"@id":"https:\/\/splapszanka.lapszenizne.pl\/index.php\/2021\/11\/01\/sieciaki-nowe-ksiazki-edukacyjne-dla-dzieci\/#breadcrumb"},"inLanguage":"pl-PL","potentialAction":[{"@type":"ReadAction","target":["https:\/\/splapszanka.lapszenizne.pl\/index.php\/2021\/11\/01\/sieciaki-nowe-ksiazki-edukacyjne-dla-dzieci\/"]}]},{"@type":"ImageObject","inLanguage":"pl-PL","@id":"https:\/\/splapszanka.lapszenizne.pl\/index.php\/2021\/11\/01\/sieciaki-nowe-ksiazki-edukacyjne-dla-dzieci\/#primaryimage","url":"https:\/\/splapszanka.lapszenizne.pl\/wp-content\/uploads\/2021\/11\/Sieciaki_FB-1.jpg","contentUrl":"https:\/\/splapszanka.lapszenizne.pl\/wp-content\/uploads\/2021\/11\/Sieciaki_FB-1.jpg","width":940,"height":788,"caption":"plakat akcji"},{"@type":"BreadcrumbList","@id":"https:\/\/splapszanka.lapszenizne.pl\/index.php\/2021\/11\/01\/sieciaki-nowe-ksiazki-edukacyjne-dla-dzieci\/#breadcrumb","itemListElement":[{"@type":"ListItem","position":1,"name":"Strona g\u0142\u00f3wna","item":"https:\/\/splapszanka.lapszenizne.pl\/"},{"@type":"ListItem","position":2,"name":"SIECIAKI &#8211; nowe ksi\u0105\u017cki edukacyjne dla dzieci"}]},{"@type":"WebSite","@id":"https:\/\/splapszanka.lapszenizne.pl\/#website","url":"https:\/\/splapszanka.lapszenizne.pl\/","name":"Szko\u0142a Podstawowa w \u0141apszance","description":"\u0141apszanka ul. D\u0142uga 35,  34-442 \u0141apsze Ni\u017cne,  woj. ma\u0142opolskie","publisher":{"@id":"https:\/\/splapszanka.lapszenizne.pl\/#organization"},"potentialAction":[{"@type":"SearchAction","target":{"@type":"EntryPoint","urlTemplate":"https:\/\/splapszanka.lapszenizne.pl\/?s={search_term_string}"},"query-input":{"@type":"PropertyValueSpecification","valueRequired":true,"valueName":"search_term_string"}}],"inLanguage":"pl-PL"},{"@type":"Organization","@id":"https:\/\/splapszanka.lapszenizne.pl\/#organization","name":"Szko\u0142a Podstawowa w \u0141apszance","url":"https:\/\/splapszanka.lapszenizne.pl\/","logo":{"@type":"ImageObject","inLanguage":"pl-PL","@id":"https:\/\/splapszanka.lapszenizne.pl\/#\/schema\/logo\/image\/","url":"https:\/\/splapszanka.lapszenizne.pl\/wp-content\/uploads\/2020\/03\/cropped-75328783_1588584124617847_5132413514161324032_o.jpg","contentUrl":"https:\/\/splapszanka.lapszenizne.pl\/wp-content\/uploads\/2020\/03\/cropped-75328783_1588584124617847_5132413514161324032_o.jpg","width":1830,"height":1202,"caption":"Szko\u0142a Podstawowa w \u0141apszance"},"image":{"@id":"https:\/\/splapszanka.lapszenizne.pl\/#\/schema\/logo\/image\/"}},{"@type":"Person","@id":"https:\/\/splapszanka.lapszenizne.pl\/#\/schema\/person\/7966120f2db6326caa37187324bc225e","name":"Ma\u0142gorzata Kami\u0144ska","image":{"@type":"ImageObject","inLanguage":"pl-PL","@id":"https:\/\/splapszanka.lapszenizne.pl\/#\/schema\/person\/image\/","url":"https:\/\/secure.gravatar.com\/avatar\/7b25bd82d8287490c4c46d998eb38a88d0aa38fdf79ec1329f845d553d730d06?s=96&d=mm&r=g","contentUrl":"https:\/\/secure.gravatar.com\/avatar\/7b25bd82d8287490c4c46d998eb38a88d0aa38fdf79ec1329f845d553d730d06?s=96&d=mm&r=g","caption":"Ma\u0142gorzata Kami\u0144ska"},"url":"https:\/\/splapszanka.lapszenizne.pl\/index.php\/author\/gosia\/"}]}},"_links":{"self":[{"href":"https:\/\/splapszanka.lapszenizne.pl\/index.php\/wp-json\/wp\/v2\/posts\/1183","targetHints":{"allow":["GET"]}}],"collection":[{"href":"https:\/\/splapszanka.lapszenizne.pl\/index.php\/wp-json\/wp\/v2\/posts"}],"about":[{"href":"https:\/\/splapszanka.lapszenizne.pl\/index.php\/wp-json\/wp\/v2\/types\/post"}],"author":[{"embeddable":true,"href":"https:\/\/splapszanka.lapszenizne.pl\/index.php\/wp-json\/wp\/v2\/users\/2"}],"replies":[{"embeddable":true,"href":"https:\/\/splapszanka.lapszenizne.pl\/index.php\/wp-json\/wp\/v2\/comments?post=1183"}],"version-history":[{"count":2,"href":"https:\/\/splapszanka.lapszenizne.pl\/index.php\/wp-json\/wp\/v2\/posts\/1183\/revisions"}],"predecessor-version":[{"id":1186,"href":"https:\/\/splapszanka.lapszenizne.pl\/index.php\/wp-json\/wp\/v2\/posts\/1183\/revisions\/1186"}],"wp:featuredmedia":[{"embeddable":true,"href":"https:\/\/splapszanka.lapszenizne.pl\/index.php\/wp-json\/wp\/v2\/media\/1184"}],"wp:attachment":[{"href":"https:\/\/splapszanka.lapszenizne.pl\/index.php\/wp-json\/wp\/v2\/media?parent=1183"}],"wp:term":[{"taxonomy":"category","embeddable":true,"href":"https:\/\/splapszanka.lapszenizne.pl\/index.php\/wp-json\/wp\/v2\/categories?post=1183"},{"taxonomy":"post_tag","embeddable":true,"href":"https:\/\/splapszanka.lapszenizne.pl\/index.php\/wp-json\/wp\/v2\/tags?post=1183"}],"curies":[{"name":"wp","href":"https:\/\/api.w.org\/{rel}","templated":true}]}}